{"id":702033,"date":"2024-03-15T12:21:00","date_gmt":"2024-03-15T08:21:00","guid":{"rendered":"https:\/\/arantv.az\/?p=702033"},"modified":"2024-03-15T12:21:00","modified_gmt":"2024-03-15T08:21:00","slug":"dtx-d%c9%99n-%c9%99m%c9%99liyyat-az%c9%99rbaycanda-girovda-saxlanilan-s%c9%99xsin-azadolunma-goruntul%c9%99ri-video","status":"publish","type":"post","link":"https:\/\/arantv.az\/?p=702033","title":{"rendered":"DTX-d\u0259n \u018fM\u018fL\u0130YYAT: Az\u0259rbaycanda girovda saxlan\u0131lan \u015f\u0259xsin azadolunma g\u00f6r\u00fcnt\u00fcl\u0259ri &#8211; V\u0130DEO"},"content":{"rendered":"<article class=\"news\">\n<div class=\"news-inner\">\n<p>Az\u0259rbaycan Respublikas\u0131 D\u00f6vl\u0259t T\u0259hl\u00fck\u0259sizliyi Xidm\u0259ti t\u0259r\u0259find\u0259n transmilli m\u00fct\u0259\u015f\u0259kkil cinay\u0259tkarl\u0131\u011fa v\u0259 qanunsuz miqrasiyaya qar\u015f\u0131 h\u0259yata ke\u00e7iril\u0259n m\u00fcbariz\u0259 t\u0259dbirl\u0259ri \u00e7\u0259r\u00e7iv\u0259sind\u0259 Pakistan \u0130slam Respublikas\u0131n\u0131n v\u0259t\u0259nda\u015flar\u0131 olan Ullah Naeem Xan Navvab v\u0259 qeyril\u0259rinin \u00f6lk\u0259 \u0259razisind\u0259 adam o\u011furlu\u011fu il\u0259 m\u0259\u015f\u011ful olmalar\u0131na dair m\u0259lumat \u0259ld\u0259 edilib.<\/p>\n<div class=\"AdviadNativeVideo\"><\/div>\n<p>Bu bar\u0259d\u0259 D\u00f6vl\u0259t T\u0259hl\u00fck\u0259sizlik Xidm\u0259ti m\u0259lumat yay\u0131b.<\/p>\n<p>Ara\u015fd\u0131rmalar zaman\u0131 m\u00fc\u0259yy\u0259n olunub ki, Pakistan v\u0259t\u0259nda\u015f\u0131, 1992-ci il t\u0259v\u0259ll\u00fcdl\u00fc Ullah Naeem Xan Navvab dig\u0259rl\u0259ri il\u0259 cinay\u0259t \u0259laq\u0259sin\u0259 girib qabaqcadan s\u00f6vd\u0259l\u0259\u015fm\u0259kl\u0259, h\u0259min \u00f6lk\u0259nin v\u0259t\u0259nda\u015f\u0131 \u015eeraz Muhammad Afzal Muhammad\u0131 Kanada d\u00f6vl\u0259tin\u0259 getm\u0259si \u00fc\u00e7\u00fcn vizas\u0131n\u0131n t\u0259sdiq edilm\u0259si ad\u0131 alt\u0131nda aldadaraq Az\u0259rbaycan Respublikas\u0131na g\u0259lm\u0259sin\u0259 nail olub, m\u00fct\u0259\u015f\u0259kkil cinay\u0259tkar d\u0259st\u0259 \u00fczvl\u0259rinin \u0259vv\u0259lc\u0259d\u0259n \u0259ld\u0259 etdikl\u0259ri raz\u0131l\u0131q \u0259sas\u0131nda kiray\u0259y\u0259 g\u00f6t\u00fcrd\u00fckl\u0259ri Q\u0259b\u0259l\u0259 rayonunun V\u0259ndam q\u0259s\u0259b\u0259sind\u0259 yerl\u0259\u015f\u0259n ev\u0259 apar\u0131b, qollar\u0131n\u0131 v\u0259 ayaqlar\u0131n\u0131 ba\u011flayaraq orada saxlay\u0131b\u00a0v\u0259 azad edilm\u0259si m\u00fcqabilind\u0259 onun Pakistan \u0130slam Respublikas\u0131nda olan yax\u0131n qohumlar\u0131ndan k\u00fclli miqdarda pul v\u0259saiti t\u0259l\u0259b edib.<\/p>\n<p>D\u00f6vl\u0259t T\u0259hl\u00fck\u0259sizliyi Xidm\u0259tinin \u0259m\u0259kda\u015flar\u0131n\u0131n ke\u00e7irdiyi t\u0259xir\u0259sal\u0131nmaz \u0259m\u0259liyyat-axtar\u0131\u015f t\u0259dbirl\u0259ri n\u0259tic\u0259sind\u0259 qeyd olunan cinay\u0259t \u0259m\u0259ll\u0259rini t\u00f6r\u0259d\u0259n \u015f\u0259xsl\u0259r Q\u0259b\u0259l\u0259 rayonunun V\u0259ndam q\u0259s\u0259b\u0259sind\u0259ki evd\u0259 cinay\u0259t ba\u015f\u0131nda saxlan\u0131l\u0131b, \u015eeraz Muhammad Afzal Muhammad is\u0259 azad edilib.<\/p>\n<p>H\u0259bs olunmu\u015f Ullah Naeem Xan Navvab v\u0259 dig\u0259rl\u0259ri bar\u0259sind\u0259 Az\u0259rbaycan Respublikas\u0131 Cinay\u0259t M\u0259c\u0259ll\u0259sinin 144.2.3 v\u0259 144.2.6-c\u0131 (qabaqcadan \u0259lbir olan bir qrup \u015f\u0259xs hal\u0131nda tamah m\u0259qs\u0259di il\u0259 adam o\u011furlu\u011fu) madd\u0259l\u0259ri il\u0259 cinay\u0259t i\u015fi ba\u015flan\u0131l\u0131b.<\/p>\n<div><iframe loading=\"lazy\" title=\"YouTube video player\" src=\"https:\/\/www.youtube.com\/embed\/D5BC5n_A_Zc?si=qo_dPzI8O9t3AAIN\" width=\"560\" height=\"315\" frameborder=\"0\" allowfullscreen=\"allowfullscreen\" data-mce-fragment=\"1\"><\/iframe><\/div>\n<\/div>\n<\/article>\n","protected":false},"excerpt":{"rendered":"<p>Az\u0259rbaycan Respublikas\u0131 D\u00f6vl\u0259t T\u0259hl\u00fck\u0259sizliyi Xidm\u0259ti t\u0259r\u0259find\u0259n transmilli m\u00fct\u0259\u015f\u0259kkil cinay\u0259tkarl\u0131\u011fa v\u0259 qanunsuz miqrasiyaya qar\u015f\u0131 h\u0259yata ke\u00e7iril\u0259n m\u00fcbariz\u0259 t\u0259dbirl\u0259ri \u00e7\u0259r\u00e7iv\u0259sind\u0259 Pakistan \u0130slam Respublikas\u0131n\u0131n v\u0259t\u0259nda\u015flar\u0131 olan Ullah Naeem Xan Navvab v\u0259 qeyril\u0259rinin \u00f6lk\u0259 \u0259razisind\u0259 adam o\u011furlu\u011fu il\u0259 m\u0259\u015f\u011ful olmalar\u0131na dair m\u0259lumat \u0259ld\u0259 edilib. Bu bar\u0259d\u0259 D\u00f6vl\u0259t T\u0259hl\u00fck\u0259sizlik Xidm\u0259ti m\u0259lumat yay\u0131b. Ara\u015fd\u0131rmalar zaman\u0131 m\u00fc\u0259yy\u0259n olunub ki, Pakistan v\u0259t\u0259nda\u015f\u0131, 1992-ci il t\u0259v\u0259ll\u00fcdl\u00fc Ullah Naeem Xan Navvab dig\u0259rl\u0259ri il\u0259 cinay\u0259t \u0259laq\u0259sin\u0259 girib qabaqcadan s\u00f6vd\u0259l\u0259\u015fm\u0259kl\u0259, h\u0259min \u00f6lk\u0259nin v\u0259t\u0259nda\u015f\u0131 \u015eeraz Muhammad Afzal Muhammad\u0131 Kanada d\u00f6vl\u0259tin\u0259 getm\u0259si \u00fc\u00e7\u00fcn vizas\u0131n\u0131n t\u0259sdiq edilm\u0259si ad\u0131 alt\u0131nda aldadaraq Az\u0259rbaycan Respublikas\u0131na g\u0259lm\u0259sin\u0259 nail olub,&hellip;<\/p>\n","protected":false},"author":2,"featured_media":702034,"comment_status":"closed","ping_status":"closed","sticky":false,"template":"","format":"standard","meta":{"om_disable_all_campaigns":false,"_monsterinsights_skip_tracking":false,"_monsterinsights_sitenote_active":false,"_monsterinsights_sitenote_note":"","_monsterinsights_sitenote_category":0},"categories":[5],"tags":[],"aioseo_notices":[],"gutentor_comment":0,"rttpg_featured_image_url":{"full":["https:\/\/arantv.az\/wp-content\/uploads\/2024\/03\/FotoJet-1-18.jpg",620,413,false],"landscape":["https:\/\/arantv.az\/wp-content\/uploads\/2024\/03\/FotoJet-1-18.jpg",620,413,false],"portraits":["https:\/\/arantv.az\/wp-content\/uploads\/2024\/03\/FotoJet-1-18.jpg",620,413,false],"thumbnail":["https:\/\/arantv.az\/wp-content\/uploads\/2024\/03\/FotoJet-1-18-500x280.jpg",500,280,true],"medium":["https:\/\/arantv.az\/wp-content\/uploads\/2024\/03\/FotoJet-1-18-548x365.jpg",548,365,true],"large":["https:\/\/arantv.az\/wp-content\/uploads\/2024\/03\/FotoJet-1-18.jpg",620,413,false],"1536x1536":["https:\/\/arantv.az\/wp-content\/uploads\/2024\/03\/FotoJet-1-18.jpg",620,413,false],"2048x2048":["https:\/\/arantv.az\/wp-content\/uploads\/2024\/03\/FotoJet-1-18.jpg",620,413,false],"post-thumbnail":["https:\/\/arantv.az\/wp-content\/uploads\/2024\/03\/FotoJet-1-18-240x172.jpg",240,172,true],"advps-thumb-one":["https:\/\/arantv.az\/wp-content\/uploads\/2024\/03\/FotoJet-1-18.jpg",620,413,false]},"rttpg_author":{"display_name":"V\u00fcsal Rafiqo\u011flu","author_link":"https:\/\/arantv.az\/?author=2"},"rttpg_comment":0,"rttpg_category":"<a href=\"https:\/\/arantv.az\/?cat=5\" rel=\"category\">Hadis\u0259<\/a>","rttpg_excerpt":"Az\u0259rbaycan Respublikas\u0131 D\u00f6vl\u0259t T\u0259hl\u00fck\u0259sizliyi Xidm\u0259ti t\u0259r\u0259find\u0259n transmilli m\u00fct\u0259\u015f\u0259kkil cinay\u0259tkarl\u0131\u011fa v\u0259 qanunsuz miqrasiyaya qar\u015f\u0131 h\u0259yata ke\u00e7iril\u0259n m\u00fcbariz\u0259 t\u0259dbirl\u0259ri \u00e7\u0259r\u00e7iv\u0259sind\u0259 Pakistan \u0130slam Respublikas\u0131n\u0131n v\u0259t\u0259nda\u015flar\u0131 olan Ullah Naeem Xan Navvab v\u0259 qeyril\u0259rinin \u00f6lk\u0259 \u0259razisind\u0259 adam o\u011furlu\u011fu il\u0259 m\u0259\u015f\u011ful olmalar\u0131na dair m\u0259lumat \u0259ld\u0259 edilib. Bu bar\u0259d\u0259 D\u00f6vl\u0259t T\u0259hl\u00fck\u0259sizlik Xidm\u0259ti m\u0259lumat yay\u0131b. Ara\u015fd\u0131rmalar zaman\u0131 m\u00fc\u0259yy\u0259n olunub ki, Pakistan v\u0259t\u0259nda\u015f\u0131, 1992-ci&hellip;","_links":{"self":[{"href":"https:\/\/arantv.az\/index.php?rest_route=\/wp\/v2\/posts\/702033"}],"collection":[{"href":"https:\/\/arantv.az\/index.php?rest_route=\/wp\/v2\/posts"}],"about":[{"href":"https:\/\/arantv.az\/index.php?rest_route=\/wp\/v2\/types\/post"}],"author":[{"embeddable":true,"href":"https:\/\/arantv.az\/index.php?rest_route=\/wp\/v2\/users\/2"}],"replies":[{"embeddable":true,"href":"https:\/\/arantv.az\/index.php?rest_route=%2Fwp%2Fv2%2Fcomments&post=702033"}],"version-history":[{"count":0,"href":"https:\/\/arantv.az\/index.php?rest_route=\/wp\/v2\/posts\/702033\/revisions"}],"wp:featuredmedia":[{"embeddable":true,"href":"https:\/\/arantv.az\/index.php?rest_route=\/wp\/v2\/media\/702034"}],"wp:attachment":[{"href":"https:\/\/arantv.az\/index.php?rest_route=%2Fwp%2Fv2%2Fmedia&parent=702033"}],"wp:term":[{"taxonomy":"category","embeddable":true,"href":"https:\/\/arantv.az\/index.php?rest_route=%2Fwp%2Fv2%2Fcategories&post=702033"},{"taxonomy":"post_tag","embeddable":true,"href":"https:\/\/arantv.az\/index.php?rest_route=%2Fwp%2Fv2%2Ftags&post=702033"}],"curies":[{"name":"wp","href":"https:\/\/api.w.org\/{rel}","templated":true}]}}