{"id":702041,"date":"2024-03-15T12:30:30","date_gmt":"2024-03-15T08:30:30","guid":{"rendered":"https:\/\/arantv.az\/?p=702041"},"modified":"2024-03-15T12:30:30","modified_gmt":"2024-03-15T08:30:30","slug":"bu-ilin-sonunad%c9%99k-azad-olunan-%c9%99razil%c9%99r%c9%99-nec%c9%99-ail%c9%99-kocurul%c9%99c%c9%99k","status":"publish","type":"post","link":"https:\/\/arantv.az\/?p=702041","title":{"rendered":"Bu ilin sonunad\u0259k azad olunan \u0259razil\u0259r\u0259 ne\u00e7\u0259 ail\u0259 k\u00f6\u00e7\u00fcr\u00fcl\u0259c\u0259k?"},"content":{"rendered":"<p>\u201cBu ilin sonunad\u0259k 25 ya\u015fay\u0131\u015f m\u0259nt\u0259q\u0259si \u00fczr\u0259 \u00fcmumilikd\u0259 azad olunan \u0259razil\u0259r\u0259 5 171 ail\u0259nin k\u00f6\u00e7\u00fcr\u00fclm\u0259si planla\u015fd\u0131r\u0131l\u0131r\u201d.<\/p>\n<div class=\"AdviadNativeVideo\"><\/div>\n<p>\u201cReport\u201d x\u0259b\u0259r verir ki, bunu Ba\u015f nazir \u018fli \u018fs\u0259dov Milli M\u0259clisin mart\u0131n 15-d\u0259 ke\u00e7iril\u0259n plenar iclas\u0131nda Nazirl\u0259r Kabinetinin 2023-c\u00fc ild\u0259 f\u0259aliyy\u0259ti haqq\u0131nda hesabat\u0131 t\u0259qdim ed\u0259rk\u0259n deyib.<\/p>\n<p>Ba\u015f nazir xat\u0131rlad\u0131b ki, ke\u00e7\u0259n ilin sonunad\u0259k i\u015f\u011faldan azad olunmu\u015f \u0259razil\u0259r\u0259 \u00fcmumilikd\u0259 1 186 ail\u0259 (4691 n\u0259f\u0259r) ke\u00e7mi\u015f m\u0259cburi k\u00f6\u00e7k\u00fcn k\u00f6\u00e7\u00fcr\u00fcl\u00fcb:<\/p>\n<p>\u201cBundan ba\u015fqa, \u0259sas v\u0259zif\u0259l\u0259rd\u0259n biri d\u0259 Qaraba\u011f v\u0259 \u015e\u0259rqi Z\u0259ng\u0259zurun b\u0259rpa edilm\u0259sidir. B\u00f6y\u00fck Qay\u0131d\u0131\u015fa dair I D\u00f6vl\u0259t Proqram\u0131na uy\u011fun olaraq 2026-c\u0131 il\u0259d\u0259k 34 500 ail\u0259nin (140 min n\u0259f\u0259rin) do\u011fma torpaqlar\u0131na qay\u0131d\u0131\u015f\u0131 t\u0259min olunmal\u0131d\u0131r\u201d.<\/p>\n","protected":false},"excerpt":{"rendered":"<p>\u201cBu ilin sonunad\u0259k 25 ya\u015fay\u0131\u015f m\u0259nt\u0259q\u0259si \u00fczr\u0259 \u00fcmumilikd\u0259 azad olunan \u0259razil\u0259r\u0259 5 171 ail\u0259nin k\u00f6\u00e7\u00fcr\u00fclm\u0259si planla\u015fd\u0131r\u0131l\u0131r\u201d. \u201cReport\u201d x\u0259b\u0259r verir ki, bunu Ba\u015f nazir \u018fli \u018fs\u0259dov Milli M\u0259clisin mart\u0131n 15-d\u0259 ke\u00e7iril\u0259n plenar iclas\u0131nda Nazirl\u0259r Kabinetinin 2023-c\u00fc ild\u0259 f\u0259aliyy\u0259ti haqq\u0131nda hesabat\u0131 t\u0259qdim ed\u0259rk\u0259n deyib. Ba\u015f nazir xat\u0131rlad\u0131b ki, ke\u00e7\u0259n ilin sonunad\u0259k i\u015f\u011faldan azad olunmu\u015f \u0259razil\u0259r\u0259 \u00fcmumilikd\u0259 1 186 ail\u0259 (4691 n\u0259f\u0259r) ke\u00e7mi\u015f m\u0259cburi k\u00f6\u00e7k\u00fcn k\u00f6\u00e7\u00fcr\u00fcl\u00fcb: \u201cBundan ba\u015fqa, \u0259sas v\u0259zif\u0259l\u0259rd\u0259n biri d\u0259 Qaraba\u011f v\u0259 \u015e\u0259rqi Z\u0259ng\u0259zurun b\u0259rpa edilm\u0259sidir. B\u00f6y\u00fck Qay\u0131d\u0131\u015fa dair I D\u00f6vl\u0259t Proqram\u0131na uy\u011fun olaraq 2026-c\u0131 il\u0259d\u0259k 34 500 ail\u0259nin (140 min&hellip;<\/p>\n","protected":false},"author":2,"featured_media":702042,"comment_status":"closed","ping_status":"closed","sticky":false,"template":"","format":"standard","meta":{"om_disable_all_campaigns":false,"_monsterinsights_skip_tracking":false,"_monsterinsights_sitenote_active":false,"_monsterinsights_sitenote_note":"","_monsterinsights_sitenote_category":0},"categories":[19],"tags":[],"aioseo_notices":[],"gutentor_comment":0,"rttpg_featured_image_url":{"full":["https:\/\/arantv.az\/wp-content\/uploads\/2024\/03\/1b611eb8-6437-39c1-931b-3e294f21f702_850.jpg",620,413,false],"landscape":["https:\/\/arantv.az\/wp-content\/uploads\/2024\/03\/1b611eb8-6437-39c1-931b-3e294f21f702_850.jpg",620,413,false],"portraits":["https:\/\/arantv.az\/wp-content\/uploads\/2024\/03\/1b611eb8-6437-39c1-931b-3e294f21f702_850.jpg",620,413,false],"thumbnail":["https:\/\/arantv.az\/wp-content\/uploads\/2024\/03\/1b611eb8-6437-39c1-931b-3e294f21f702_850-500x280.jpg",500,280,true],"medium":["https:\/\/arantv.az\/wp-content\/uploads\/2024\/03\/1b611eb8-6437-39c1-931b-3e294f21f702_850-548x365.jpg",548,365,true],"large":["https:\/\/arantv.az\/wp-content\/uploads\/2024\/03\/1b611eb8-6437-39c1-931b-3e294f21f702_850.jpg",620,413,false],"1536x1536":["https:\/\/arantv.az\/wp-content\/uploads\/2024\/03\/1b611eb8-6437-39c1-931b-3e294f21f702_850.jpg",620,413,false],"2048x2048":["https:\/\/arantv.az\/wp-content\/uploads\/2024\/03\/1b611eb8-6437-39c1-931b-3e294f21f702_850.jpg",620,413,false],"post-thumbnail":["https:\/\/arantv.az\/wp-content\/uploads\/2024\/03\/1b611eb8-6437-39c1-931b-3e294f21f702_850-240x172.jpg",240,172,true],"advps-thumb-one":["https:\/\/arantv.az\/wp-content\/uploads\/2024\/03\/1b611eb8-6437-39c1-931b-3e294f21f702_850.jpg",620,413,false]},"rttpg_author":{"display_name":"V\u00fcsal Rafiqo\u011flu","author_link":"https:\/\/arantv.az\/?author=2"},"rttpg_comment":0,"rttpg_category":"<a href=\"https:\/\/arantv.az\/?cat=19\" rel=\"category\">G\u00fcnd\u0259m<\/a>","rttpg_excerpt":"\u201cBu ilin sonunad\u0259k 25 ya\u015fay\u0131\u015f m\u0259nt\u0259q\u0259si \u00fczr\u0259 \u00fcmumilikd\u0259 azad olunan \u0259razil\u0259r\u0259 5 171 ail\u0259nin k\u00f6\u00e7\u00fcr\u00fclm\u0259si planla\u015fd\u0131r\u0131l\u0131r\u201d. \u201cReport\u201d x\u0259b\u0259r verir ki, bunu Ba\u015f nazir \u018fli \u018fs\u0259dov Milli M\u0259clisin mart\u0131n 15-d\u0259 ke\u00e7iril\u0259n plenar iclas\u0131nda Nazirl\u0259r Kabinetinin 2023-c\u00fc ild\u0259 f\u0259aliyy\u0259ti haqq\u0131nda hesabat\u0131 t\u0259qdim ed\u0259rk\u0259n deyib. Ba\u015f nazir xat\u0131rlad\u0131b ki, ke\u00e7\u0259n ilin sonunad\u0259k i\u015f\u011faldan azad olunmu\u015f \u0259razil\u0259r\u0259 \u00fcmumilikd\u0259 1&hellip;","_links":{"self":[{"href":"https:\/\/arantv.az\/index.php?rest_route=\/wp\/v2\/posts\/702041"}],"collection":[{"href":"https:\/\/arantv.az\/index.php?rest_route=\/wp\/v2\/posts"}],"about":[{"href":"https:\/\/arantv.az\/index.php?rest_route=\/wp\/v2\/types\/post"}],"author":[{"embeddable":true,"href":"https:\/\/arantv.az\/index.php?rest_route=\/wp\/v2\/users\/2"}],"replies":[{"embeddable":true,"href":"https:\/\/arantv.az\/index.php?rest_route=%2Fwp%2Fv2%2Fcomments&post=702041"}],"version-history":[{"count":0,"href":"https:\/\/arantv.az\/index.php?rest_route=\/wp\/v2\/posts\/702041\/revisions"}],"wp:featuredmedia":[{"embeddable":true,"href":"https:\/\/arantv.az\/index.php?rest_route=\/wp\/v2\/media\/702042"}],"wp:attachment":[{"href":"https:\/\/arantv.az\/index.php?rest_route=%2Fwp%2Fv2%2Fmedia&parent=702041"}],"wp:term":[{"taxonomy":"category","embeddable":true,"href":"https:\/\/arantv.az\/index.php?rest_route=%2Fwp%2Fv2%2Fcategories&post=702041"},{"taxonomy":"post_tag","embeddable":true,"href":"https:\/\/arantv.az\/index.php?rest_route=%2Fwp%2Fv2%2Ftags&post=702041"}],"curies":[{"name":"wp","href":"https:\/\/api.w.org\/{rel}","templated":true}]}}