{"id":702044,"date":"2024-03-15T12:36:02","date_gmt":"2024-03-15T08:36:02","guid":{"rendered":"https:\/\/arantv.az\/?p=702044"},"modified":"2024-03-15T12:36:02","modified_gmt":"2024-03-15T08:36:02","slug":"ir%c9%99van-bakinin-son-t%c9%99klifl%c9%99rini-muxalif-deputatlardan-gizl%c9%99tdi-n%c9%99l%c9%99r-var","status":"publish","type":"post","link":"https:\/\/arantv.az\/?p=702044","title":{"rendered":"\u0130r\u0259van Bak\u0131n\u0131n son t\u0259klifl\u0259rini m\u00fcxalif deputatlardan gizl\u0259tdi &#8211; N\u0259l\u0259r var?"},"content":{"rendered":"<p><strong>Erm\u0259nistan Xarici \u0130\u015fl\u0259r Nazirliyi m\u00fcxalif\u0259t deputatlar\u0131na Az\u0259rbaycan\u0131n s\u00fclh m\u00fcqavil\u0259si il\u0259 ba\u011fl\u0131 son t\u0259klifl\u0259ri il\u0259 tan\u0131\u015f olma\u011fa imkan verm\u0259yib.<\/strong><\/p>\n<p>Bu bar\u0259d\u0259 sosial \u015f\u0259b\u0259k\u0259l\u0259rd\u0259 parlamentind\u0259ki m\u00fcxalif\u0259t \u201cHayastan\u201d fraksiyas\u0131n\u0131n n\u00fcmay\u0259nd\u0259si Qeqam Manukyan m\u0259lumat verib.<\/p>\n<p>Deputat\u0131n qeyd edib ki, fevral\u0131n 23-d\u0259 t\u0259qdim edil\u0259n yeni t\u0259klifl\u0259r paketi il\u0259 tan\u0131\u015f olmaq xahi\u015fi r\u0259dd edilib. Nazirlik hesab edib ki, m\u0259lumatlar\u0131n ilkin m\u0259rh\u0259l\u0259d\u0259 a\u00e7\u0131qlanmas\u0131 dan\u0131\u015f\u0131qlara mane ola v\u0259 sazi\u015fin yanl\u0131\u015f t\u0259fsirin\u0259 s\u0259b\u0259b ola bil\u0259r.<\/p>\n<p>Manukyan vur\u011fulay\u0131b ki, imtina \u00fc\u00e7\u00fcn he\u00e7 bir h\u00fcquqi \u0259sas yoxdur. M\u00fcxalif\u0259t\u00e7i deputat s\u0259n\u0259dl\u0259r\u0259 giri\u015fin qada\u011fan edilm\u0259sinin daha \u0259vv\u0259l erm\u0259ni deputatlar \u00fc\u00e7\u00fcn raz\u0131la\u015fmalar\u0131n m\u00f6vcudlu\u011fundan naraz\u0131l\u0131\u011f\u0131n\u0131 bildir\u0259n Az\u0259rbaycan\u0131n t\u0259zyiqinin n\u0259tic\u0259si oldu\u011funu t\u0259klif edib.<\/p>\n<p>Mill\u0259t v\u0259kilinin s\u00f6zl\u0259rin\u0259 g\u00f6r\u0259, Xarici \u0130\u015fl\u0259r Nazirliyinin bu h\u0259r\u0259k\u0259tl\u0259ri birt\u0259r\u0259fli m\u0259lumat verm\u0259kl\u0259 deputatlar\u0131n ictimaiyy\u0259ti m\u0259lumatland\u0131rmaq i\u015fini \u00e7\u0259tinl\u0259\u015fdirm\u0259k v\u0259 bil\u0259r\u0259kd\u0259n \u00e7a\u015fd\u0131rmaq c\u0259hdind\u0259n ba\u015fqa bir \u015fey deyil.\/Publika.az<\/p>\n","protected":false},"excerpt":{"rendered":"<p>Erm\u0259nistan Xarici \u0130\u015fl\u0259r Nazirliyi m\u00fcxalif\u0259t deputatlar\u0131na Az\u0259rbaycan\u0131n s\u00fclh m\u00fcqavil\u0259si il\u0259 ba\u011fl\u0131 son t\u0259klifl\u0259ri il\u0259 tan\u0131\u015f olma\u011fa imkan verm\u0259yib. Bu bar\u0259d\u0259 sosial \u015f\u0259b\u0259k\u0259l\u0259rd\u0259 parlamentind\u0259ki m\u00fcxalif\u0259t \u201cHayastan\u201d fraksiyas\u0131n\u0131n n\u00fcmay\u0259nd\u0259si Qeqam Manukyan m\u0259lumat verib. Deputat\u0131n qeyd edib ki, fevral\u0131n 23-d\u0259 t\u0259qdim edil\u0259n yeni t\u0259klifl\u0259r paketi il\u0259 tan\u0131\u015f olmaq xahi\u015fi r\u0259dd edilib. Nazirlik hesab edib ki, m\u0259lumatlar\u0131n ilkin m\u0259rh\u0259l\u0259d\u0259 a\u00e7\u0131qlanmas\u0131 dan\u0131\u015f\u0131qlara mane ola v\u0259 sazi\u015fin yanl\u0131\u015f t\u0259fsirin\u0259 s\u0259b\u0259b ola bil\u0259r. Manukyan vur\u011fulay\u0131b ki, imtina \u00fc\u00e7\u00fcn he\u00e7 bir h\u00fcquqi \u0259sas yoxdur. M\u00fcxalif\u0259t\u00e7i deputat s\u0259n\u0259dl\u0259r\u0259 giri\u015fin qada\u011fan edilm\u0259sinin daha \u0259vv\u0259l erm\u0259ni deputatlar \u00fc\u00e7\u00fcn raz\u0131la\u015fmalar\u0131n m\u00f6vcudlu\u011fundan naraz\u0131l\u0131\u011f\u0131n\u0131&hellip;<\/p>\n","protected":false},"author":2,"featured_media":702045,"comment_status":"closed","ping_status":"closed","sticky":false,"template":"","format":"standard","meta":{"om_disable_all_campaigns":false,"_monsterinsights_skip_tracking":false,"_monsterinsights_sitenote_active":false,"_monsterinsights_sitenote_note":"","_monsterinsights_sitenote_category":0},"categories":[19],"tags":[],"aioseo_notices":[],"gutentor_comment":0,"rttpg_featured_image_url":{"full":["https:\/\/arantv.az\/wp-content\/uploads\/2024\/03\/a572001dc2e8ffcac6ef1c06717e9761.jpg",870,500,false],"landscape":["https:\/\/arantv.az\/wp-content\/uploads\/2024\/03\/a572001dc2e8ffcac6ef1c06717e9761.jpg",870,500,false],"portraits":["https:\/\/arantv.az\/wp-content\/uploads\/2024\/03\/a572001dc2e8ffcac6ef1c06717e9761.jpg",870,500,false],"thumbnail":["https:\/\/arantv.az\/wp-content\/uploads\/2024\/03\/a572001dc2e8ffcac6ef1c06717e9761-500x280.jpg",500,280,true],"medium":["https:\/\/arantv.az\/wp-content\/uploads\/2024\/03\/a572001dc2e8ffcac6ef1c06717e9761-635x365.jpg",635,365,true],"large":["https:\/\/arantv.az\/wp-content\/uploads\/2024\/03\/a572001dc2e8ffcac6ef1c06717e9761-840x483.jpg",640,368,true],"1536x1536":["https:\/\/arantv.az\/wp-content\/uploads\/2024\/03\/a572001dc2e8ffcac6ef1c06717e9761.jpg",870,500,false],"2048x2048":["https:\/\/arantv.az\/wp-content\/uploads\/2024\/03\/a572001dc2e8ffcac6ef1c06717e9761.jpg",870,500,false],"post-thumbnail":["https:\/\/arantv.az\/wp-content\/uploads\/2024\/03\/a572001dc2e8ffcac6ef1c06717e9761-240x172.jpg",240,172,true],"advps-thumb-one":["https:\/\/arantv.az\/wp-content\/uploads\/2024\/03\/a572001dc2e8ffcac6ef1c06717e9761.jpg",870,500,false]},"rttpg_author":{"display_name":"V\u00fcsal Rafiqo\u011flu","author_link":"https:\/\/arantv.az\/?author=2"},"rttpg_comment":0,"rttpg_category":"<a href=\"https:\/\/arantv.az\/?cat=19\" rel=\"category\">G\u00fcnd\u0259m<\/a>","rttpg_excerpt":"Erm\u0259nistan Xarici \u0130\u015fl\u0259r Nazirliyi m\u00fcxalif\u0259t deputatlar\u0131na Az\u0259rbaycan\u0131n s\u00fclh m\u00fcqavil\u0259si il\u0259 ba\u011fl\u0131 son t\u0259klifl\u0259ri il\u0259 tan\u0131\u015f olma\u011fa imkan verm\u0259yib. Bu bar\u0259d\u0259 sosial \u015f\u0259b\u0259k\u0259l\u0259rd\u0259 parlamentind\u0259ki m\u00fcxalif\u0259t \u201cHayastan\u201d fraksiyas\u0131n\u0131n n\u00fcmay\u0259nd\u0259si Qeqam Manukyan m\u0259lumat verib. Deputat\u0131n qeyd edib ki, fevral\u0131n 23-d\u0259 t\u0259qdim edil\u0259n yeni t\u0259klifl\u0259r paketi il\u0259 tan\u0131\u015f olmaq xahi\u015fi r\u0259dd edilib. Nazirlik hesab edib ki, m\u0259lumatlar\u0131n ilkin m\u0259rh\u0259l\u0259d\u0259&hellip;","_links":{"self":[{"href":"https:\/\/arantv.az\/index.php?rest_route=\/wp\/v2\/posts\/702044"}],"collection":[{"href":"https:\/\/arantv.az\/index.php?rest_route=\/wp\/v2\/posts"}],"about":[{"href":"https:\/\/arantv.az\/index.php?rest_route=\/wp\/v2\/types\/post"}],"author":[{"embeddable":true,"href":"https:\/\/arantv.az\/index.php?rest_route=\/wp\/v2\/users\/2"}],"replies":[{"embeddable":true,"href":"https:\/\/arantv.az\/index.php?rest_route=%2Fwp%2Fv2%2Fcomments&post=702044"}],"version-history":[{"count":0,"href":"https:\/\/arantv.az\/index.php?rest_route=\/wp\/v2\/posts\/702044\/revisions"}],"wp:featuredmedia":[{"embeddable":true,"href":"https:\/\/arantv.az\/index.php?rest_route=\/wp\/v2\/media\/702045"}],"wp:attachment":[{"href":"https:\/\/arantv.az\/index.php?rest_route=%2Fwp%2Fv2%2Fmedia&parent=702044"}],"wp:term":[{"taxonomy":"category","embeddable":true,"href":"https:\/\/arantv.az\/index.php?rest_route=%2Fwp%2Fv2%2Fcategories&post=702044"},{"taxonomy":"post_tag","embeddable":true,"href":"https:\/\/arantv.az\/index.php?rest_route=%2Fwp%2Fv2%2Ftags&post=702044"}],"curies":[{"name":"wp","href":"https:\/\/api.w.org\/{rel}","templated":true}]}}