{"id":702054,"date":"2024-03-15T12:47:26","date_gmt":"2024-03-15T08:47:26","guid":{"rendered":"https:\/\/arantv.az\/?p=702054"},"modified":"2024-03-15T12:47:26","modified_gmt":"2024-03-15T08:47:26","slug":"az%c9%99rbaycanda-yeni-televiziya-f%c9%99aliyy%c9%99t%c9%99-baslayir-video","status":"publish","type":"post","link":"https:\/\/arantv.az\/?p=702054","title":{"rendered":"Az\u0259rbaycanda yeni televiziya f\u0259aliyy\u0259t\u0259 ba\u015flay\u0131r &#8211; V\u0130DEO"},"content":{"rendered":"<article class=\"news\">\n<div class=\"news-inner\">\n<p>Az\u0259rbaycan Prezidenti yan\u0131nda V\u0259t\u0259nda\u015flara Xidm\u0259t v\u0259 Sosial \u0130nnovasiyalar \u00fczr\u0259 D\u00f6vl\u0259t Agentliyi t\u0259r\u0259find\u0259n v\u0259t\u0259nda\u015flar\u0131n d\u00f6vl\u0259t xidm\u0259tl\u0259ri bar\u0259d\u0259 m\u0259lumatland\u0131r\u0131lmas\u0131 v\u0259 maarifl\u0259ndirilm\u0259si m\u0259qs\u0259dil\u0259 m\u00fct\u0259madi olaraq m\u00fcxt\u0259lif t\u0259dbirl\u0259r h\u0259yata ke\u00e7irilir. Bu istiqam\u0259td\u0259 n\u00f6vb\u0259ti add\u0131m kimi ASAN onlayn TV f\u0259aliyy\u0259t\u0259 ba\u015flay\u0131r.<\/p>\n<div class=\"AdviadNativeVideo\"><\/div>\n<p><strong>ARANTV.AZ <\/strong>\u00a0x\u0259b\u0259r verir ki, ASAN Radionun bazas\u0131nda qurulacaq ASAN TV d\u00f6vl\u0259t xidm\u0259tl\u0259ri sah\u0259sind\u0259 ixtisasla\u015fan ilk onlayn televiziya olacaq.<\/p>\n<p>M\u0259qs\u0259d videom\u0259zmunun daha keyfiyy\u0259tli t\u0259qdimat\u0131, izl\u0259yici auditoriyas\u0131n\u0131n say\u0131n\u0131n v\u0259 s\u0259rh\u0259dl\u0259rinin geni\u015fl\u0259nm\u0259si, d\u00f6vl\u0259t xidm\u0259tl\u0259ri il\u0259 ba\u011fl\u0131 vizual olaraq daha \u0259hat\u0259li maarifl\u0259ndirm\u0259ni t\u0259min etm\u0259kdir.<\/p>\n<p>Xat\u0131rladaq ki, Prezident\u00a0<strong>\u0130lham \u018fliyevin<\/strong>\u00a0tap\u015f\u0131r\u0131\u011f\u0131na \u0259sas\u0259n, 2015-ci ilin dekabr\u0131n 24-d\u0259 yarad\u0131lan ASAN Radionun 9 illik f\u0259aliyy\u0259ti d\u00f6vr\u00fcnd\u0259 h\u0259r zaman videom\u0259zmunun m\u00f6vcudlu\u011funa v\u0259 sosial mediada aktivliy\u0259 x\u00fcsusi \u00f6n\u0259m verilib.<\/p>\n<div><iframe loading=\"lazy\" title=\"YouTube video player\" src=\"https:\/\/www.youtube.com\/embed\/SA1DdTbsnpo?si=z8ePPZtzbSYG8X5c\" width=\"560\" height=\"315\" frameborder=\"0\" allowfullscreen=\"allowfullscreen\" data-mce-fragment=\"1\"><\/iframe><\/div>\n<\/div>\n<\/article>\n","protected":false},"excerpt":{"rendered":"<p>Az\u0259rbaycan Prezidenti yan\u0131nda V\u0259t\u0259nda\u015flara Xidm\u0259t v\u0259 Sosial \u0130nnovasiyalar \u00fczr\u0259 D\u00f6vl\u0259t Agentliyi t\u0259r\u0259find\u0259n v\u0259t\u0259nda\u015flar\u0131n d\u00f6vl\u0259t xidm\u0259tl\u0259ri bar\u0259d\u0259 m\u0259lumatland\u0131r\u0131lmas\u0131 v\u0259 maarifl\u0259ndirilm\u0259si m\u0259qs\u0259dil\u0259 m\u00fct\u0259madi olaraq m\u00fcxt\u0259lif t\u0259dbirl\u0259r h\u0259yata ke\u00e7irilir. Bu istiqam\u0259td\u0259 n\u00f6vb\u0259ti add\u0131m kimi ASAN onlayn TV f\u0259aliyy\u0259t\u0259 ba\u015flay\u0131r. ARANTV.AZ \u00a0x\u0259b\u0259r verir ki, ASAN Radionun bazas\u0131nda qurulacaq ASAN TV d\u00f6vl\u0259t xidm\u0259tl\u0259ri sah\u0259sind\u0259 ixtisasla\u015fan ilk onlayn televiziya olacaq. M\u0259qs\u0259d videom\u0259zmunun daha keyfiyy\u0259tli t\u0259qdimat\u0131, izl\u0259yici auditoriyas\u0131n\u0131n say\u0131n\u0131n v\u0259 s\u0259rh\u0259dl\u0259rinin geni\u015fl\u0259nm\u0259si, d\u00f6vl\u0259t xidm\u0259tl\u0259ri il\u0259 ba\u011fl\u0131 vizual olaraq daha \u0259hat\u0259li maarifl\u0259ndirm\u0259ni t\u0259min etm\u0259kdir. Xat\u0131rladaq ki, Prezident\u00a0\u0130lham \u018fliyevin\u00a0tap\u015f\u0131r\u0131\u011f\u0131na \u0259sas\u0259n, 2015-ci ilin dekabr\u0131n 24-d\u0259 yarad\u0131lan ASAN Radionun 9 illik&hellip;<\/p>\n","protected":false},"author":2,"featured_media":702055,"comment_status":"closed","ping_status":"closed","sticky":false,"template":"","format":"standard","meta":{"om_disable_all_campaigns":false,"_monsterinsights_skip_tracking":false,"_monsterinsights_sitenote_active":false,"_monsterinsights_sitenote_note":"","_monsterinsights_sitenote_category":0},"categories":[4],"tags":[],"aioseo_notices":[],"gutentor_comment":0,"rttpg_featured_image_url":{"full":["https:\/\/arantv.az\/wp-content\/uploads\/2024\/03\/22.jpg",620,413,false],"landscape":["https:\/\/arantv.az\/wp-content\/uploads\/2024\/03\/22.jpg",620,413,false],"portraits":["https:\/\/arantv.az\/wp-content\/uploads\/2024\/03\/22.jpg",620,413,false],"thumbnail":["https:\/\/arantv.az\/wp-content\/uploads\/2024\/03\/22-500x280.jpg",500,280,true],"medium":["https:\/\/arantv.az\/wp-content\/uploads\/2024\/03\/22-548x365.jpg",548,365,true],"large":["https:\/\/arantv.az\/wp-content\/uploads\/2024\/03\/22.jpg",620,413,false],"1536x1536":["https:\/\/arantv.az\/wp-content\/uploads\/2024\/03\/22.jpg",620,413,false],"2048x2048":["https:\/\/arantv.az\/wp-content\/uploads\/2024\/03\/22.jpg",620,413,false],"post-thumbnail":["https:\/\/arantv.az\/wp-content\/uploads\/2024\/03\/22-240x172.jpg",240,172,true],"advps-thumb-one":["https:\/\/arantv.az\/wp-content\/uploads\/2024\/03\/22.jpg",620,413,false]},"rttpg_author":{"display_name":"V\u00fcsal Rafiqo\u011flu","author_link":"https:\/\/arantv.az\/?author=2"},"rttpg_comment":0,"rttpg_category":"<a href=\"https:\/\/arantv.az\/?cat=4\" rel=\"category\">Siyas\u0259t<\/a>","rttpg_excerpt":"Az\u0259rbaycan Prezidenti yan\u0131nda V\u0259t\u0259nda\u015flara Xidm\u0259t v\u0259 Sosial \u0130nnovasiyalar \u00fczr\u0259 D\u00f6vl\u0259t Agentliyi t\u0259r\u0259find\u0259n v\u0259t\u0259nda\u015flar\u0131n d\u00f6vl\u0259t xidm\u0259tl\u0259ri bar\u0259d\u0259 m\u0259lumatland\u0131r\u0131lmas\u0131 v\u0259 maarifl\u0259ndirilm\u0259si m\u0259qs\u0259dil\u0259 m\u00fct\u0259madi olaraq m\u00fcxt\u0259lif t\u0259dbirl\u0259r h\u0259yata ke\u00e7irilir. Bu istiqam\u0259td\u0259 n\u00f6vb\u0259ti add\u0131m kimi ASAN onlayn TV f\u0259aliyy\u0259t\u0259 ba\u015flay\u0131r. ARANTV.AZ \u00a0x\u0259b\u0259r verir ki, ASAN Radionun bazas\u0131nda qurulacaq ASAN TV d\u00f6vl\u0259t xidm\u0259tl\u0259ri sah\u0259sind\u0259 ixtisasla\u015fan ilk onlayn televiziya olacaq. M\u0259qs\u0259d&hellip;","_links":{"self":[{"href":"https:\/\/arantv.az\/index.php?rest_route=\/wp\/v2\/posts\/702054"}],"collection":[{"href":"https:\/\/arantv.az\/index.php?rest_route=\/wp\/v2\/posts"}],"about":[{"href":"https:\/\/arantv.az\/index.php?rest_route=\/wp\/v2\/types\/post"}],"author":[{"embeddable":true,"href":"https:\/\/arantv.az\/index.php?rest_route=\/wp\/v2\/users\/2"}],"replies":[{"embeddable":true,"href":"https:\/\/arantv.az\/index.php?rest_route=%2Fwp%2Fv2%2Fcomments&post=702054"}],"version-history":[{"count":0,"href":"https:\/\/arantv.az\/index.php?rest_route=\/wp\/v2\/posts\/702054\/revisions"}],"wp:featuredmedia":[{"embeddable":true,"href":"https:\/\/arantv.az\/index.php?rest_route=\/wp\/v2\/media\/702055"}],"wp:attachment":[{"href":"https:\/\/arantv.az\/index.php?rest_route=%2Fwp%2Fv2%2Fmedia&parent=702054"}],"wp:term":[{"taxonomy":"category","embeddable":true,"href":"https:\/\/arantv.az\/index.php?rest_route=%2Fwp%2Fv2%2Fcategories&post=702054"},{"taxonomy":"post_tag","embeddable":true,"href":"https:\/\/arantv.az\/index.php?rest_route=%2Fwp%2Fv2%2Ftags&post=702054"}],"curies":[{"name":"wp","href":"https:\/\/api.w.org\/{rel}","templated":true}]}}