{"id":702058,"date":"2024-03-15T14:41:34","date_gmt":"2024-03-15T10:41:34","guid":{"rendered":"https:\/\/arantv.az\/?p=702058"},"modified":"2024-03-15T14:41:34","modified_gmt":"2024-03-15T10:41:34","slug":"mirzoyan-hakan-fidanla-gorusu-zamani-muzakir%c9%99-olunan-m%c9%99s%c9%99l%c9%99l%c9%99ri-aciqlayib","status":"publish","type":"post","link":"https:\/\/arantv.az\/?p=702058","title":{"rendered":"Mirzoyan Hakan Fidanla g\u00f6r\u00fc\u015f\u00fc zaman\u0131 m\u00fczakir\u0259 olunan m\u0259s\u0259l\u0259l\u0259ri a\u00e7\u0131qlay\u0131b"},"content":{"rendered":"<p>\u201cErm\u0259nistan v\u0259 T\u00fcrkiy\u0259 haz\u0131rda Ani yax\u0131nl\u0131\u011f\u0131ndak\u0131 tarixi k\u00f6rp\u00fc il\u0259 ba\u011fl\u0131 protokollar m\u00fcbadil\u0259si apar\u0131r\u201d.<\/p>\n<p>Erm\u0259nistan medias\u0131n\u0131n m\u0259lumat\u0131na g\u00f6r\u0259, bu bar\u0259d\u0259 Erm\u0259nistan\u0131n xarici i\u015fl\u0259r naziri Ararat Mirzoyan parlamentin xarici \u0259laq\u0259l\u0259r komissiyas\u0131n\u0131n T\u00fcrkiy\u0259 X\u0130N r\u0259hb\u0259ri Hakan Fidanla Antalyada t\u0259\u015fkil olunan III Diplomatiya Forumu \u00e7\u0259r\u00e7iv\u0259sind\u0259 g\u00f6r\u00fc\u015f\u00fc zaman\u0131 m\u00fczakir\u0259 olunan m\u0259s\u0259l\u0259l\u0259ri a\u00e7\u0131qlayark\u0259n deyib.<\/p>\n<div class=\"AdviadNativeVideo\"><\/div>\n<p>O, xat\u0131rlad\u0131b ki, \u0130r\u0259van v\u0259 Ankara Ani yax\u0131nl\u0131\u011f\u0131ndak\u0131 k\u00f6rp\u00fcn\u00fcn birg\u0259 t\u0259miri il\u0259 ba\u011fl\u0131 raz\u0131l\u0131\u011fa g\u0259libl\u0259r.<\/p>\n<p>\u201cHaz\u0131rda biz bu k\u00f6rp\u00fc il\u0259 ba\u011fl\u0131 x\u00fcsusi protokollar m\u00fcbadil\u0259si apar\u0131r\u0131q. Bu i\u015fin optimal \u015f\u0259kild\u0259 nec\u0259 t\u0259\u015fkil oluna bil\u0259c\u0259yini anlamaq laz\u0131md\u0131r\u201d, &#8211; dey\u0259 Mirzoyan bildirib.<\/p>\n<p>S\u0259rh\u0259din \u00fc\u00e7\u00fcnc\u00fc \u00f6lk\u0259 v\u0259t\u0259nda\u015flar\u0131 \u00fc\u00e7\u00fcn a\u00e7\u0131lmas\u0131 il\u0259 ba\u011fl\u0131 raz\u0131la\u015fmaya g\u0259linc\u0259, X\u0130N r\u0259hb\u0259ri\u00a0qeyd edib ki, qism\u0259n a\u00e7\u0131l\u0131\u015f h\u0259l\u0259 h\u0259yata ke\u00e7irilm\u0259yib.<\/p>\n<p>Mirzoyan xat\u0131rlad\u0131b ki, Antalya forum \u00e7\u0259r\u00e7iv\u0259sind\u0259 T\u00fcrkiy\u0259 m\u0259tbuat\u0131na m\u00fcsahib\u0259 verib:<\/p>\n<p>\u201cBizim \u00fc\u00e7\u00fcn t\u0259kc\u0259 T\u00fcrkiy\u0259 t\u0259r\u0259finin r\u0259smil\u0259ri il\u0259 deyil, h\u0259m d\u0259 T\u00fcrkiy\u0259 c\u0259miyy\u0259ti il\u0259 \u00fcnsiyy\u0259t v\u0259 \u00f6z\u00fcm\u00fcz\u00fc tan\u0131tmaq m\u00fch\u00fcmd\u00fcr. Erm\u0259nistan-Az\u0259rbaycan dan\u0131\u015f\u0131qlar\u0131 da daxil olmaqla, m\u00f6vqel\u0259rimizi v\u0259 ideyalar\u0131m\u0131z\u0131 t\u00fcrkiy\u0259li t\u0259r\u0259fda\u015flara, el\u0259c\u0259 d\u0259 ictimaiyy\u0259t\u0259 \u00e7atd\u0131rmaq \u0259n az\u0131ndan d\u00fczg\u00fcn anla\u015f\u0131lma bax\u0131m\u0131ndan \u00e7ox vacibdir\u201d.<\/p>\n","protected":false},"excerpt":{"rendered":"<p>\u201cErm\u0259nistan v\u0259 T\u00fcrkiy\u0259 haz\u0131rda Ani yax\u0131nl\u0131\u011f\u0131ndak\u0131 tarixi k\u00f6rp\u00fc il\u0259 ba\u011fl\u0131 protokollar m\u00fcbadil\u0259si apar\u0131r\u201d. Erm\u0259nistan medias\u0131n\u0131n m\u0259lumat\u0131na g\u00f6r\u0259, bu bar\u0259d\u0259 Erm\u0259nistan\u0131n xarici i\u015fl\u0259r naziri Ararat Mirzoyan parlamentin xarici \u0259laq\u0259l\u0259r komissiyas\u0131n\u0131n T\u00fcrkiy\u0259 X\u0130N r\u0259hb\u0259ri Hakan Fidanla Antalyada t\u0259\u015fkil olunan III Diplomatiya Forumu \u00e7\u0259r\u00e7iv\u0259sind\u0259 g\u00f6r\u00fc\u015f\u00fc zaman\u0131 m\u00fczakir\u0259 olunan m\u0259s\u0259l\u0259l\u0259ri a\u00e7\u0131qlayark\u0259n deyib. O, xat\u0131rlad\u0131b ki, \u0130r\u0259van v\u0259 Ankara Ani yax\u0131nl\u0131\u011f\u0131ndak\u0131 k\u00f6rp\u00fcn\u00fcn birg\u0259 t\u0259miri il\u0259 ba\u011fl\u0131 raz\u0131l\u0131\u011fa g\u0259libl\u0259r. \u201cHaz\u0131rda biz bu k\u00f6rp\u00fc il\u0259 ba\u011fl\u0131 x\u00fcsusi protokollar m\u00fcbadil\u0259si apar\u0131r\u0131q. Bu i\u015fin optimal \u015f\u0259kild\u0259 nec\u0259 t\u0259\u015fkil oluna bil\u0259c\u0259yini anlamaq laz\u0131md\u0131r\u201d, &#8211; dey\u0259 Mirzoyan bildirib. S\u0259rh\u0259din \u00fc\u00e7\u00fcnc\u00fc \u00f6lk\u0259&hellip;<\/p>\n","protected":false},"author":2,"featured_media":702059,"comment_status":"closed","ping_status":"closed","sticky":false,"template":"","format":"standard","meta":{"om_disable_all_campaigns":false,"_monsterinsights_skip_tracking":false,"_monsterinsights_sitenote_active":false,"_monsterinsights_sitenote_note":"","_monsterinsights_sitenote_category":0},"categories":[4],"tags":[],"aioseo_notices":[],"gutentor_comment":0,"rttpg_featured_image_url":{"full":["https:\/\/arantv.az\/wp-content\/uploads\/2024\/03\/10-2.jpg",620,413,false],"landscape":["https:\/\/arantv.az\/wp-content\/uploads\/2024\/03\/10-2.jpg",620,413,false],"portraits":["https:\/\/arantv.az\/wp-content\/uploads\/2024\/03\/10-2.jpg",620,413,false],"thumbnail":["https:\/\/arantv.az\/wp-content\/uploads\/2024\/03\/10-2-500x280.jpg",500,280,true],"medium":["https:\/\/arantv.az\/wp-content\/uploads\/2024\/03\/10-2-548x365.jpg",548,365,true],"large":["https:\/\/arantv.az\/wp-content\/uploads\/2024\/03\/10-2.jpg",620,413,false],"1536x1536":["https:\/\/arantv.az\/wp-content\/uploads\/2024\/03\/10-2.jpg",620,413,false],"2048x2048":["https:\/\/arantv.az\/wp-content\/uploads\/2024\/03\/10-2.jpg",620,413,false],"post-thumbnail":["https:\/\/arantv.az\/wp-content\/uploads\/2024\/03\/10-2-240x172.jpg",240,172,true],"advps-thumb-one":["https:\/\/arantv.az\/wp-content\/uploads\/2024\/03\/10-2.jpg",620,413,false]},"rttpg_author":{"display_name":"V\u00fcsal Rafiqo\u011flu","author_link":"https:\/\/arantv.az\/?author=2"},"rttpg_comment":0,"rttpg_category":"<a href=\"https:\/\/arantv.az\/?cat=4\" rel=\"category\">Siyas\u0259t<\/a>","rttpg_excerpt":"\u201cErm\u0259nistan v\u0259 T\u00fcrkiy\u0259 haz\u0131rda Ani yax\u0131nl\u0131\u011f\u0131ndak\u0131 tarixi k\u00f6rp\u00fc il\u0259 ba\u011fl\u0131 protokollar m\u00fcbadil\u0259si apar\u0131r\u201d. Erm\u0259nistan medias\u0131n\u0131n m\u0259lumat\u0131na g\u00f6r\u0259, bu bar\u0259d\u0259 Erm\u0259nistan\u0131n xarici i\u015fl\u0259r naziri Ararat Mirzoyan parlamentin xarici \u0259laq\u0259l\u0259r komissiyas\u0131n\u0131n T\u00fcrkiy\u0259 X\u0130N r\u0259hb\u0259ri Hakan Fidanla Antalyada t\u0259\u015fkil olunan III Diplomatiya Forumu \u00e7\u0259r\u00e7iv\u0259sind\u0259 g\u00f6r\u00fc\u015f\u00fc zaman\u0131 m\u00fczakir\u0259 olunan m\u0259s\u0259l\u0259l\u0259ri a\u00e7\u0131qlayark\u0259n deyib. O, xat\u0131rlad\u0131b ki, \u0130r\u0259van v\u0259 Ankara Ani&hellip;","_links":{"self":[{"href":"https:\/\/arantv.az\/index.php?rest_route=\/wp\/v2\/posts\/702058"}],"collection":[{"href":"https:\/\/arantv.az\/index.php?rest_route=\/wp\/v2\/posts"}],"about":[{"href":"https:\/\/arantv.az\/index.php?rest_route=\/wp\/v2\/types\/post"}],"author":[{"embeddable":true,"href":"https:\/\/arantv.az\/index.php?rest_route=\/wp\/v2\/users\/2"}],"replies":[{"embeddable":true,"href":"https:\/\/arantv.az\/index.php?rest_route=%2Fwp%2Fv2%2Fcomments&post=702058"}],"version-history":[{"count":0,"href":"https:\/\/arantv.az\/index.php?rest_route=\/wp\/v2\/posts\/702058\/revisions"}],"wp:featuredmedia":[{"embeddable":true,"href":"https:\/\/arantv.az\/index.php?rest_route=\/wp\/v2\/media\/702059"}],"wp:attachment":[{"href":"https:\/\/arantv.az\/index.php?rest_route=%2Fwp%2Fv2%2Fmedia&parent=702058"}],"wp:term":[{"taxonomy":"category","embeddable":true,"href":"https:\/\/arantv.az\/index.php?rest_route=%2Fwp%2Fv2%2Fcategories&post=702058"},{"taxonomy":"post_tag","embeddable":true,"href":"https:\/\/arantv.az\/index.php?rest_route=%2Fwp%2Fv2%2Ftags&post=702058"}],"curies":[{"name":"wp","href":"https:\/\/api.w.org\/{rel}","templated":true}]}}