{"id":702065,"date":"2024-03-15T14:45:10","date_gmt":"2024-03-15T10:45:10","guid":{"rendered":"https:\/\/arantv.az\/?p=702065"},"modified":"2024-03-15T14:45:10","modified_gmt":"2024-03-15T10:45:10","slug":"pulqar-vidal-cop29-da-bu-il-qlobal-uygunlasma-modelin%c9%99-diqq%c9%99t-yetiril%c9%99c%c9%99k","status":"publish","type":"post","link":"https:\/\/arantv.az\/?p=702065","title":{"rendered":"Pulqar-Vidal: \u201cCOP29-da bu il qlobal uy\u011funla\u015fma modelin\u0259 diqq\u0259t yetiril\u0259c\u0259k\u201d"},"content":{"rendered":"<p>\u201c\u0130lin sonunda Bak\u0131da ke\u00e7iril\u0259c\u0259k COP29 t\u0259dbirind\u0259 qlobal uy\u011funla\u015fma modelin\u0259 diqq\u0259t yetiril\u0259c\u0259k\u201d.<\/p>\n<div class=\"AdviadNativeVideo\"><\/div>\n<p>\u201cReport\u201d x\u0259b\u0259r verir ki, bunu Perunun ke\u00e7mi\u015f \u0259traf m\u00fchit naziri Manuel Pulqar-Vidal XI Qlobal Bak\u0131 Forumunda ke\u00e7iril\u0259n panel iclas\u0131nda deyib.<\/p>\n<p>\u201cQlobal uy\u011funla\u015fma modeli \u00fcz\u0259rind\u0259 i\u015fl\u0259r gedir. Bu, meyarlar, g\u00f6st\u0259ricil\u0259r axtar\u0131\u015f\u0131d\u0131r. \u00c7\u00fcnki uy\u011funla\u015fma \u00fc\u00e7\u00fcn v\u0259sait toplaya bil\u0259c\u0259yimiz yegan\u0259 yol m\u0259hz budur\u201d, &#8211; o vur\u011fulay\u0131b.<\/p>\n<p>M.Pulqar-Vidal qeyd edib ki, Paris Sazi\u015finin effektiv olmas\u0131 \u00fc\u00e7\u00fcn \u0259sas m\u0259s\u0259l\u0259l\u0259rd\u0259n biri g\u0259ncl\u0259rin v\u0259 qad\u0131nlar\u0131n f\u0259al i\u015ftirak\u0131 daxil olmaqla c\u0259miyy\u0259tin iqlim d\u0259yi\u015fikliyi m\u0259s\u0259l\u0259l\u0259rin\u0259 c\u0259lb edilm\u0259sidir:<\/p>\n<p>\u201c\u018flb\u0259tt\u0259 ki, \u0259g\u0259r onu h\u0259yata ke\u00e7ir\u0259 bil\u0259riks\u0259, Paris Sazi\u015fi d\u00fcnyan\u0131 birl\u0259\u015fdirm\u0259k \u00fc\u00e7\u00fcn ideal yoldur v\u0259 bel\u0259 olaraq da qal\u0131r\u201d.<\/p>\n","protected":false},"excerpt":{"rendered":"<p>\u201c\u0130lin sonunda Bak\u0131da ke\u00e7iril\u0259c\u0259k COP29 t\u0259dbirind\u0259 qlobal uy\u011funla\u015fma modelin\u0259 diqq\u0259t yetiril\u0259c\u0259k\u201d. \u201cReport\u201d x\u0259b\u0259r verir ki, bunu Perunun ke\u00e7mi\u015f \u0259traf m\u00fchit naziri Manuel Pulqar-Vidal XI Qlobal Bak\u0131 Forumunda ke\u00e7iril\u0259n panel iclas\u0131nda deyib. \u201cQlobal uy\u011funla\u015fma modeli \u00fcz\u0259rind\u0259 i\u015fl\u0259r gedir. Bu, meyarlar, g\u00f6st\u0259ricil\u0259r axtar\u0131\u015f\u0131d\u0131r. \u00c7\u00fcnki uy\u011funla\u015fma \u00fc\u00e7\u00fcn v\u0259sait toplaya bil\u0259c\u0259yimiz yegan\u0259 yol m\u0259hz budur\u201d, &#8211; o vur\u011fulay\u0131b. M.Pulqar-Vidal qeyd edib ki, Paris Sazi\u015finin effektiv olmas\u0131 \u00fc\u00e7\u00fcn \u0259sas m\u0259s\u0259l\u0259l\u0259rd\u0259n biri g\u0259ncl\u0259rin v\u0259 qad\u0131nlar\u0131n f\u0259al i\u015ftirak\u0131 daxil olmaqla c\u0259miyy\u0259tin iqlim d\u0259yi\u015fikliyi m\u0259s\u0259l\u0259l\u0259rin\u0259 c\u0259lb edilm\u0259sidir: \u201c\u018flb\u0259tt\u0259 ki, \u0259g\u0259r onu h\u0259yata ke\u00e7ir\u0259 bil\u0259riks\u0259, Paris Sazi\u015fi d\u00fcnyan\u0131 birl\u0259\u015fdirm\u0259k&hellip;<\/p>\n","protected":false},"author":2,"featured_media":702066,"comment_status":"closed","ping_status":"closed","sticky":false,"template":"","format":"standard","meta":{"om_disable_all_campaigns":false,"_monsterinsights_skip_tracking":false,"_monsterinsights_sitenote_active":false,"_monsterinsights_sitenote_note":"","_monsterinsights_sitenote_category":0},"categories":[4],"tags":[],"aioseo_notices":[],"gutentor_comment":0,"rttpg_featured_image_url":{"full":["https:\/\/arantv.az\/wp-content\/uploads\/2024\/03\/68b95137-9a57-3a97-a2af-56f91f493874_850-2.jpg",620,413,false],"landscape":["https:\/\/arantv.az\/wp-content\/uploads\/2024\/03\/68b95137-9a57-3a97-a2af-56f91f493874_850-2.jpg",620,413,false],"portraits":["https:\/\/arantv.az\/wp-content\/uploads\/2024\/03\/68b95137-9a57-3a97-a2af-56f91f493874_850-2.jpg",620,413,false],"thumbnail":["https:\/\/arantv.az\/wp-content\/uploads\/2024\/03\/68b95137-9a57-3a97-a2af-56f91f493874_850-2-500x280.jpg",500,280,true],"medium":["https:\/\/arantv.az\/wp-content\/uploads\/2024\/03\/68b95137-9a57-3a97-a2af-56f91f493874_850-2-548x365.jpg",548,365,true],"large":["https:\/\/arantv.az\/wp-content\/uploads\/2024\/03\/68b95137-9a57-3a97-a2af-56f91f493874_850-2.jpg",620,413,false],"1536x1536":["https:\/\/arantv.az\/wp-content\/uploads\/2024\/03\/68b95137-9a57-3a97-a2af-56f91f493874_850-2.jpg",620,413,false],"2048x2048":["https:\/\/arantv.az\/wp-content\/uploads\/2024\/03\/68b95137-9a57-3a97-a2af-56f91f493874_850-2.jpg",620,413,false],"post-thumbnail":["https:\/\/arantv.az\/wp-content\/uploads\/2024\/03\/68b95137-9a57-3a97-a2af-56f91f493874_850-2-240x172.jpg",240,172,true],"advps-thumb-one":["https:\/\/arantv.az\/wp-content\/uploads\/2024\/03\/68b95137-9a57-3a97-a2af-56f91f493874_850-2.jpg",620,413,false]},"rttpg_author":{"display_name":"V\u00fcsal Rafiqo\u011flu","author_link":"https:\/\/arantv.az\/?author=2"},"rttpg_comment":0,"rttpg_category":"<a href=\"https:\/\/arantv.az\/?cat=4\" rel=\"category\">Siyas\u0259t<\/a>","rttpg_excerpt":"\u201c\u0130lin sonunda Bak\u0131da ke\u00e7iril\u0259c\u0259k COP29 t\u0259dbirind\u0259 qlobal uy\u011funla\u015fma modelin\u0259 diqq\u0259t yetiril\u0259c\u0259k\u201d. \u201cReport\u201d x\u0259b\u0259r verir ki, bunu Perunun ke\u00e7mi\u015f \u0259traf m\u00fchit naziri Manuel Pulqar-Vidal XI Qlobal Bak\u0131 Forumunda ke\u00e7iril\u0259n panel iclas\u0131nda deyib. \u201cQlobal uy\u011funla\u015fma modeli \u00fcz\u0259rind\u0259 i\u015fl\u0259r gedir. Bu, meyarlar, g\u00f6st\u0259ricil\u0259r axtar\u0131\u015f\u0131d\u0131r. \u00c7\u00fcnki uy\u011funla\u015fma \u00fc\u00e7\u00fcn v\u0259sait toplaya bil\u0259c\u0259yimiz yegan\u0259 yol m\u0259hz budur\u201d, &#8211; o vur\u011fulay\u0131b. M.Pulqar-Vidal&hellip;","_links":{"self":[{"href":"https:\/\/arantv.az\/index.php?rest_route=\/wp\/v2\/posts\/702065"}],"collection":[{"href":"https:\/\/arantv.az\/index.php?rest_route=\/wp\/v2\/posts"}],"about":[{"href":"https:\/\/arantv.az\/index.php?rest_route=\/wp\/v2\/types\/post"}],"author":[{"embeddable":true,"href":"https:\/\/arantv.az\/index.php?rest_route=\/wp\/v2\/users\/2"}],"replies":[{"embeddable":true,"href":"https:\/\/arantv.az\/index.php?rest_route=%2Fwp%2Fv2%2Fcomments&post=702065"}],"version-history":[{"count":0,"href":"https:\/\/arantv.az\/index.php?rest_route=\/wp\/v2\/posts\/702065\/revisions"}],"wp:featuredmedia":[{"embeddable":true,"href":"https:\/\/arantv.az\/index.php?rest_route=\/wp\/v2\/media\/702066"}],"wp:attachment":[{"href":"https:\/\/arantv.az\/index.php?rest_route=%2Fwp%2Fv2%2Fmedia&parent=702065"}],"wp:term":[{"taxonomy":"category","embeddable":true,"href":"https:\/\/arantv.az\/index.php?rest_route=%2Fwp%2Fv2%2Fcategories&post=702065"},{"taxonomy":"post_tag","embeddable":true,"href":"https:\/\/arantv.az\/index.php?rest_route=%2Fwp%2Fv2%2Ftags&post=702065"}],"curies":[{"name":"wp","href":"https:\/\/api.w.org\/{rel}","templated":true}]}}