{"id":70218,"date":"2019-06-29T09:29:52","date_gmt":"2019-06-29T06:29:52","guid":{"rendered":"http:\/\/arantv.az\/?p=70218"},"modified":"2019-06-29T09:29:52","modified_gmt":"2019-06-29T06:29:52","slug":"novruz-m%c9%99mm%c9%99dov-maaslarla-bagli-yeni-q%c9%99rar","status":"publish","type":"post","link":"https:\/\/arantv.az\/?p=70218","title":{"rendered":"Novruz M\u0259mm\u0259dov maa\u015flarla ba\u011fl\u0131 yeni Q\u018fRAR"},"content":{"rendered":"<p>Ba\u015f nazir Novruz M\u0259mm\u0259dov &#8220;Az\u0259rbaycan Respublikas\u0131 D\u00f6vl\u0259t S\u0259rh\u0259d Xidm\u0259tinin h\u0259rbi qulluq\u00e7ular\u0131n\u0131n v\u0259 d\u00f6vl\u0259t qulluq\u00e7usu olmayan m\u00fclki i\u015f\u00e7il\u0259rinin ayl\u0131q v\u0259zif\u0259 (tarif) maa\u015flar\u0131n\u0131n t\u0259sdiq edilm\u0259si&#8221; v\u0259 &#8220;Az\u0259rbaycan Respublikas\u0131 D\u00f6vl\u0259t S\u0259rh\u0259d Xidm\u0259tinin h\u0259rbi qulluq\u00e7ular\u0131n\u0131n v\u0259 d\u00f6vl\u0259t qulluq\u00e7usu olmayan m\u00fclki i\u015f\u00e7il\u0259rinin ayl\u0131q v\u0259zif\u0259 (tarif) maa\u015flar\u0131n\u0131n t\u0259sdiq edilm\u0259si haqq\u0131nda&#8221; q\u0259rarlara d\u0259yi\u015fiklik edib.<\/p>\n<p><b>ARANTV.AZ\u00a0<\/b>\u00a0unikal.org-a istinad\u0259n x\u0259b\u0259r verir ki, d\u0259yi\u015fiklik &#8220;Minimum ayl\u0131q \u0259m\u0259khaqq\u0131n\u0131n art\u0131r\u0131lmas\u0131 haqq\u0131nda&#8221; Aprezidentin 2019-cu il 8 fevral tarixli s\u0259r\u0259ncam\u0131n\u0131 icra etm\u0259k m\u0259qs\u0259di il\u0259 olunub. D\u0259yi\u015fikliy\u0259 g\u00f6r\u0259, h\u0259min q\u0259rarla t\u0259sdiq edilmi\u015f 1 n\u00f6mr\u0259li \u0259lav\u0259 &#8211; &#8220;Az\u0259rbaycan Respublikas\u0131 D\u00f6vl\u0259t S\u0259rh\u0259d Xidm\u0259tinin h\u0259rbi qulluq\u00e7ular\u0131n\u0131n ayl\u0131q varv\u0259zif\u0259 (tarif) maa\u015flar\u0131n\u0131n m\u0259bl\u0259\u011fi&#8221; v\u0259 yen\u0259 d\u0259 h\u0259min Q\u0259rarla t\u0259sdiq edilmi\u015f 2 n\u00f6mr\u0259li \u0259lav\u0259 &#8211; &#8220;Az\u0259rbaycan Respublikas\u0131 D\u00f6vl\u0259t S\u0259rh\u0259d Xidm\u0259tinin d\u00f6vl\u0259t qulluq\u00e7usu olmayan m\u00fclki i\u015f\u00e7il\u0259rinin ayl\u0131q v\u0259zif\u0259 (tarif) maa\u015flar\u0131n\u0131n m\u0259bl\u0259\u011fi&#8221; yeni redaksiyada t\u0259sdiq edilib.<\/p>\n<div id=\"AdviadNativeVideo0\" class=\"AdviadNativeVideo\"><\/div>\n<p>Maliyy\u0259 Nazirliyin\u0259 tap\u015f\u0131r\u0131l\u0131b ki, bu Q\u0259rar\u0131n icras\u0131 il\u0259 \u0259laq\u0259dar t\u0259l\u0259b olunan v\u0259saitl\u0259rin \u00f6d\u0259nilm\u0259si m\u0259qs\u0259dil\u0259 m\u00fcvafiq t\u0259dbirl\u0259rin h\u0259yata ke\u00e7irilm\u0259sini t\u0259min etsin.<\/p>\n","protected":false},"excerpt":{"rendered":"<p>Ba\u015f nazir Novruz M\u0259mm\u0259dov &#8220;Az\u0259rbaycan Respublikas\u0131 D\u00f6vl\u0259t S\u0259rh\u0259d Xidm\u0259tinin h\u0259rbi qulluq\u00e7ular\u0131n\u0131n v\u0259 d\u00f6vl\u0259t qulluq\u00e7usu olmayan m\u00fclki i\u015f\u00e7il\u0259rinin ayl\u0131q v\u0259zif\u0259 (tarif) maa\u015flar\u0131n\u0131n t\u0259sdiq edilm\u0259si&#8221; v\u0259 &#8220;Az\u0259rbaycan Respublikas\u0131 D\u00f6vl\u0259t S\u0259rh\u0259d Xidm\u0259tinin h\u0259rbi qulluq\u00e7ular\u0131n\u0131n v\u0259 d\u00f6vl\u0259t qulluq\u00e7usu olmayan m\u00fclki i\u015f\u00e7il\u0259rinin ayl\u0131q v\u0259zif\u0259 (tarif) maa\u015flar\u0131n\u0131n t\u0259sdiq edilm\u0259si haqq\u0131nda&#8221; q\u0259rarlara d\u0259yi\u015fiklik edib. ARANTV.AZ\u00a0\u00a0unikal.org-a istinad\u0259n x\u0259b\u0259r verir ki, d\u0259yi\u015fiklik &#8220;Minimum ayl\u0131q \u0259m\u0259khaqq\u0131n\u0131n art\u0131r\u0131lmas\u0131 haqq\u0131nda&#8221; Aprezidentin 2019-cu il 8 fevral tarixli s\u0259r\u0259ncam\u0131n\u0131 icra etm\u0259k m\u0259qs\u0259di il\u0259 olunub. D\u0259yi\u015fikliy\u0259 g\u00f6r\u0259, h\u0259min q\u0259rarla t\u0259sdiq edilmi\u015f 1 n\u00f6mr\u0259li \u0259lav\u0259 &#8211; &#8220;Az\u0259rbaycan Respublikas\u0131 D\u00f6vl\u0259t S\u0259rh\u0259d Xidm\u0259tinin h\u0259rbi qulluq\u00e7ular\u0131n\u0131n ayl\u0131q varv\u0259zif\u0259 (tarif)&hellip;<\/p>\n","protected":false},"author":2,"featured_media":70219,"comment_status":"closed","ping_status":"closed","sticky":false,"template":"","format":"standard","meta":{"om_disable_all_campaigns":false,"_monsterinsights_skip_tracking":false,"_monsterinsights_sitenote_active":false,"_monsterinsights_sitenote_note":"","_monsterinsights_sitenote_category":0},"categories":[1],"tags":[],"aioseo_notices":[],"gutentor_comment":0,"rttpg_featured_image_url":{"full":["https:\/\/arantv.az\/wp-content\/uploads\/2019\/06\/15617869081550263227.1541139744_novruzimza.jpg",549,366,false],"landscape":["https:\/\/arantv.az\/wp-content\/uploads\/2019\/06\/15617869081550263227.1541139744_novruzimza.jpg",549,366,false],"portraits":["https:\/\/arantv.az\/wp-content\/uploads\/2019\/06\/15617869081550263227.1541139744_novruzimza.jpg",549,366,false],"thumbnail":["https:\/\/arantv.az\/wp-content\/uploads\/2019\/06\/15617869081550263227.1541139744_novruzimza-150x150.jpg",150,150,true],"medium":["https:\/\/arantv.az\/wp-content\/uploads\/2019\/06\/15617869081550263227.1541139744_novruzimza-300x200.jpg",300,200,true],"large":["https:\/\/arantv.az\/wp-content\/uploads\/2019\/06\/15617869081550263227.1541139744_novruzimza.jpg",549,366,false],"1536x1536":["https:\/\/arantv.az\/wp-content\/uploads\/2019\/06\/15617869081550263227.1541139744_novruzimza.jpg",549,366,false],"2048x2048":["https:\/\/arantv.az\/wp-content\/uploads\/2019\/06\/15617869081550263227.1541139744_novruzimza.jpg",549,366,false],"post-thumbnail":["https:\/\/arantv.az\/wp-content\/uploads\/2019\/06\/15617869081550263227.1541139744_novruzimza-240x172.jpg",240,172,true],"advps-thumb-one":["https:\/\/arantv.az\/wp-content\/uploads\/2019\/06\/15617869081550263227.1541139744_novruzimza.jpg",549,366,false]},"rttpg_author":{"display_name":"V\u00fcsal Rafiqo\u011flu","author_link":"https:\/\/arantv.az\/?author=2"},"rttpg_comment":0,"rttpg_category":"<a href=\"https:\/\/arantv.az\/?cat=1\" rel=\"category\">C\u0259miyy\u0259t<\/a>","rttpg_excerpt":"Ba\u015f nazir Novruz M\u0259mm\u0259dov &#8220;Az\u0259rbaycan Respublikas\u0131 D\u00f6vl\u0259t S\u0259rh\u0259d Xidm\u0259tinin h\u0259rbi qulluq\u00e7ular\u0131n\u0131n v\u0259 d\u00f6vl\u0259t qulluq\u00e7usu olmayan m\u00fclki i\u015f\u00e7il\u0259rinin ayl\u0131q v\u0259zif\u0259 (tarif) maa\u015flar\u0131n\u0131n t\u0259sdiq edilm\u0259si&#8221; v\u0259 &#8220;Az\u0259rbaycan Respublikas\u0131 D\u00f6vl\u0259t S\u0259rh\u0259d Xidm\u0259tinin h\u0259rbi qulluq\u00e7ular\u0131n\u0131n v\u0259 d\u00f6vl\u0259t qulluq\u00e7usu olmayan m\u00fclki i\u015f\u00e7il\u0259rinin ayl\u0131q v\u0259zif\u0259 (tarif) maa\u015flar\u0131n\u0131n t\u0259sdiq edilm\u0259si haqq\u0131nda&#8221; q\u0259rarlara d\u0259yi\u015fiklik edib. ARANTV.AZ\u00a0\u00a0unikal.org-a istinad\u0259n x\u0259b\u0259r verir ki, d\u0259yi\u015fiklik &#8220;Minimum ayl\u0131q&hellip;","_links":{"self":[{"href":"https:\/\/arantv.az\/index.php?rest_route=\/wp\/v2\/posts\/70218"}],"collection":[{"href":"https:\/\/arantv.az\/index.php?rest_route=\/wp\/v2\/posts"}],"about":[{"href":"https:\/\/arantv.az\/index.php?rest_route=\/wp\/v2\/types\/post"}],"author":[{"embeddable":true,"href":"https:\/\/arantv.az\/index.php?rest_route=\/wp\/v2\/users\/2"}],"replies":[{"embeddable":true,"href":"https:\/\/arantv.az\/index.php?rest_route=%2Fwp%2Fv2%2Fcomments&post=70218"}],"version-history":[{"count":0,"href":"https:\/\/arantv.az\/index.php?rest_route=\/wp\/v2\/posts\/70218\/revisions"}],"wp:featuredmedia":[{"embeddable":true,"href":"https:\/\/arantv.az\/index.php?rest_route=\/wp\/v2\/media\/70219"}],"wp:attachment":[{"href":"https:\/\/arantv.az\/index.php?rest_route=%2Fwp%2Fv2%2Fmedia&parent=70218"}],"wp:term":[{"taxonomy":"category","embeddable":true,"href":"https:\/\/arantv.az\/index.php?rest_route=%2Fwp%2Fv2%2Fcategories&post=70218"},{"taxonomy":"post_tag","embeddable":true,"href":"https:\/\/arantv.az\/index.php?rest_route=%2Fwp%2Fv2%2Ftags&post=70218"}],"curies":[{"name":"wp","href":"https:\/\/api.w.org\/{rel}","templated":true}]}}