{"id":70221,"date":"2019-06-29T10:07:53","date_gmt":"2019-06-29T07:07:53","guid":{"rendered":"http:\/\/arantv.az\/?p=70221"},"modified":"2019-06-29T10:07:53","modified_gmt":"2019-06-29T07:07:53","slug":"baki-icra-hakimiyy%c9%99tinin-binasi-baglanir","status":"publish","type":"post","link":"https:\/\/arantv.az\/?p=70221","title":{"rendered":"Bak\u0131 \u0130cra Hakimiyy\u0259tinin binas\u0131 ba\u011flan\u0131r"},"content":{"rendered":"<p>Bak\u0131 \u015e\u0259h\u0259r \u0130cra Hakimiyy\u0259tinin inzibati binas\u0131 t\u0259mir olunacaq.<\/p>\n<p><strong>ARANTV.AZ<\/strong>-\u0131n m\u0259lumat\u0131na g\u00f6r\u0259, art\u0131q binan\u0131n t\u0259miri il\u0259 ba\u011fl\u0131 tender elan edilib.<\/p>\n<p>T\u0259mir-b\u0259rpa i\u015fl\u0259rini h\u0259yata ke\u00e7ir\u0259c\u0259k \u015firk\u0259t qar\u015f\u0131s\u0131nda tarixi binan\u0131n xarici v\u0259 daxili g\u00f6r\u00fcn\u00fc\u015f\u00fcn\u0259 x\u0259l\u0259l g\u0259tirilm\u0259m\u0259si \u0259sas t\u0259l\u0259b kimi qoyulub.<\/p>\n<p>Xat\u0131rladaq ki, bina Bak\u0131 \u015e\u0259h\u0259r Dumas\u0131n\u0131n sifari\u015fi il\u0259 1900-1904-c\u00fc\u00a0ill\u0259rd\u0259 polyak memar\u00a0\u0130osif Qoslavskinin layih\u0259si \u0259sas\u0131nda barokko \u00fcslubunda tikilib. Bu, memar\u0131n son \u0259s\u0259ri olub.<\/p>\n<p>Bina\u00a0Nazirl\u0259r Kabinetinin 2 avqust 2001-ci il tarixli, 132 n\u00f6mr\u0259li q\u0259rar\u0131 il\u0259 \u00f6lk\u0259 \u0259h\u0259miyy\u0259tli memarl\u0131q abid\u0259si kimi qeydiyyata al\u0131n\u0131b.oxu.az<\/p>\n","protected":false},"excerpt":{"rendered":"<p>Bak\u0131 \u015e\u0259h\u0259r \u0130cra Hakimiyy\u0259tinin inzibati binas\u0131 t\u0259mir olunacaq. ARANTV.AZ-\u0131n m\u0259lumat\u0131na g\u00f6r\u0259, art\u0131q binan\u0131n t\u0259miri il\u0259 ba\u011fl\u0131 tender elan edilib. T\u0259mir-b\u0259rpa i\u015fl\u0259rini h\u0259yata ke\u00e7ir\u0259c\u0259k \u015firk\u0259t qar\u015f\u0131s\u0131nda tarixi binan\u0131n xarici v\u0259 daxili g\u00f6r\u00fcn\u00fc\u015f\u00fcn\u0259 x\u0259l\u0259l g\u0259tirilm\u0259m\u0259si \u0259sas t\u0259l\u0259b kimi qoyulub. Xat\u0131rladaq ki, bina Bak\u0131 \u015e\u0259h\u0259r Dumas\u0131n\u0131n sifari\u015fi il\u0259 1900-1904-c\u00fc\u00a0ill\u0259rd\u0259 polyak memar\u00a0\u0130osif Qoslavskinin layih\u0259si \u0259sas\u0131nda barokko \u00fcslubunda tikilib. Bu, memar\u0131n son \u0259s\u0259ri olub. Bina\u00a0Nazirl\u0259r Kabinetinin 2 avqust 2001-ci il tarixli, 132 n\u00f6mr\u0259li q\u0259rar\u0131 il\u0259 \u00f6lk\u0259 \u0259h\u0259miyy\u0259tli memarl\u0131q abid\u0259si kimi qeydiyyata al\u0131n\u0131b.oxu.az<\/p>\n","protected":false},"author":2,"featured_media":70222,"comment_status":"closed","ping_status":"closed","sticky":false,"template":"","format":"standard","meta":{"om_disable_all_campaigns":false,"_monsterinsights_skip_tracking":false,"_monsterinsights_sitenote_active":false,"_monsterinsights_sitenote_note":"","_monsterinsights_sitenote_category":0},"categories":[1],"tags":[],"aioseo_notices":[],"gutentor_comment":0,"rttpg_featured_image_url":{"full":["https:\/\/arantv.az\/wp-content\/uploads\/2019\/06\/B\u00c5_\u00c4\u00b0H.jpg",620,382,false],"landscape":["https:\/\/arantv.az\/wp-content\/uploads\/2019\/06\/B\u00c5_\u00c4\u00b0H.jpg",620,382,false],"portraits":["https:\/\/arantv.az\/wp-content\/uploads\/2019\/06\/B\u00c5_\u00c4\u00b0H.jpg",620,382,false],"thumbnail":["https:\/\/arantv.az\/wp-content\/uploads\/2019\/06\/B\u00c5_\u00c4\u00b0H-150x150.jpg",150,150,true],"medium":["https:\/\/arantv.az\/wp-content\/uploads\/2019\/06\/B\u00c5_\u00c4\u00b0H-300x185.jpg",300,185,true],"large":["https:\/\/arantv.az\/wp-content\/uploads\/2019\/06\/B\u00c5_\u00c4\u00b0H.jpg",620,382,false],"1536x1536":["https:\/\/arantv.az\/wp-content\/uploads\/2019\/06\/B\u00c5_\u00c4\u00b0H.jpg",620,382,false],"2048x2048":["https:\/\/arantv.az\/wp-content\/uploads\/2019\/06\/B\u00c5_\u00c4\u00b0H.jpg",620,382,false],"post-thumbnail":["https:\/\/arantv.az\/wp-content\/uploads\/2019\/06\/B\u00c5_\u00c4\u00b0H-240x172.jpg",240,172,true],"advps-thumb-one":["https:\/\/arantv.az\/wp-content\/uploads\/2019\/06\/B\u00c5_\u00c4\u00b0H.jpg",620,382,false]},"rttpg_author":{"display_name":"V\u00fcsal Rafiqo\u011flu","author_link":"https:\/\/arantv.az\/?author=2"},"rttpg_comment":0,"rttpg_category":"<a href=\"https:\/\/arantv.az\/?cat=1\" rel=\"category\">C\u0259miyy\u0259t<\/a>","rttpg_excerpt":"Bak\u0131 \u015e\u0259h\u0259r \u0130cra Hakimiyy\u0259tinin inzibati binas\u0131 t\u0259mir olunacaq. ARANTV.AZ-\u0131n m\u0259lumat\u0131na g\u00f6r\u0259, art\u0131q binan\u0131n t\u0259miri il\u0259 ba\u011fl\u0131 tender elan edilib. T\u0259mir-b\u0259rpa i\u015fl\u0259rini h\u0259yata ke\u00e7ir\u0259c\u0259k \u015firk\u0259t qar\u015f\u0131s\u0131nda tarixi binan\u0131n xarici v\u0259 daxili g\u00f6r\u00fcn\u00fc\u015f\u00fcn\u0259 x\u0259l\u0259l g\u0259tirilm\u0259m\u0259si \u0259sas t\u0259l\u0259b kimi qoyulub. Xat\u0131rladaq ki, bina Bak\u0131 \u015e\u0259h\u0259r Dumas\u0131n\u0131n sifari\u015fi il\u0259 1900-1904-c\u00fc\u00a0ill\u0259rd\u0259 polyak memar\u00a0\u0130osif Qoslavskinin layih\u0259si \u0259sas\u0131nda barokko \u00fcslubunda tikilib. Bu,&hellip;","_links":{"self":[{"href":"https:\/\/arantv.az\/index.php?rest_route=\/wp\/v2\/posts\/70221"}],"collection":[{"href":"https:\/\/arantv.az\/index.php?rest_route=\/wp\/v2\/posts"}],"about":[{"href":"https:\/\/arantv.az\/index.php?rest_route=\/wp\/v2\/types\/post"}],"author":[{"embeddable":true,"href":"https:\/\/arantv.az\/index.php?rest_route=\/wp\/v2\/users\/2"}],"replies":[{"embeddable":true,"href":"https:\/\/arantv.az\/index.php?rest_route=%2Fwp%2Fv2%2Fcomments&post=70221"}],"version-history":[{"count":0,"href":"https:\/\/arantv.az\/index.php?rest_route=\/wp\/v2\/posts\/70221\/revisions"}],"wp:featuredmedia":[{"embeddable":true,"href":"https:\/\/arantv.az\/index.php?rest_route=\/wp\/v2\/media\/70222"}],"wp:attachment":[{"href":"https:\/\/arantv.az\/index.php?rest_route=%2Fwp%2Fv2%2Fmedia&parent=70221"}],"wp:term":[{"taxonomy":"category","embeddable":true,"href":"https:\/\/arantv.az\/index.php?rest_route=%2Fwp%2Fv2%2Fcategories&post=70221"},{"taxonomy":"post_tag","embeddable":true,"href":"https:\/\/arantv.az\/index.php?rest_route=%2Fwp%2Fv2%2Ftags&post=70221"}],"curies":[{"name":"wp","href":"https:\/\/api.w.org\/{rel}","templated":true}]}}