{"id":70224,"date":"2019-06-29T10:09:18","date_gmt":"2019-06-29T07:09:18","guid":{"rendered":"http:\/\/arantv.az\/?p=70224"},"modified":"2019-06-29T10:09:18","modified_gmt":"2019-06-29T07:09:18","slug":"baki-metropoliteni-yay-qrafikin%c9%99-kecir-yeni-d%c9%99rs-ilin%c9%99-q%c9%99d%c9%99r-quvv%c9%99d%c9%99-qalacaq","status":"publish","type":"post","link":"https:\/\/arantv.az\/?p=70224","title":{"rendered":"Bak\u0131 Metropoliteni yay qrafikin\u0259 ke\u00e7ir, yeni d\u0259rs ilin\u0259 q\u0259d\u0259r q\u00fcvv\u0259d\u0259 qalacaq"},"content":{"rendered":"<p>T\u0259dris m\u00f6vs\u00fcm\u00fcn\u00fcn ba\u015fa \u00e7atmas\u0131, el\u0259c\u0259 d\u0259 paytaxt sakinl\u0259rinin yay istirah\u0259tini \u015f\u0259h\u0259rd\u0259n k\u0259narda ke\u00e7irm\u0259l\u0259ri metropolitend\u0259 s\u0259rni\u015fin ax\u0131n\u0131n\u0131n \u0259h\u0259miyy\u0259tli d\u0259r\u0259c\u0259d\u0259 azalmas\u0131na s\u0259b\u0259b olur. Bu s\u0259b\u0259bd\u0259n, h\u0259r il oldu\u011fu kimi, Bak\u0131 metropolitenind\u0259 qatarlar\u0131n\u0131n h\u0259r\u0259k\u0259t qrafikind\u0259 d\u0259yi\u015fiklikl\u0259r edil\u0259c\u0259k.<\/p>\n<p><strong>ARANTV.AZ\u00a0<\/strong> x\u0259b\u0259r verir ki, &#8220;Bak\u0131 Metropoliteni&#8221; QSC-nin s\u0259dri Zaur H\u00fcseynovun \u0259mrin\u0259 \u0259sas\u0259n, iyul ay\u0131n\u0131n 1-d\u0259n metropolitend\u0259 qatarlar\u0131n h\u0259r\u0259k\u0259ti yay qrafikin\u0259 ke\u00e7iril\u0259c\u0259k.<\/p>\n<p>M\u00f6vs\u00fcmi qrafik\u0259 uy\u011fun olaraq, qatarlararas\u0131 intervallar c\u00fczi art\u0131r\u0131lacaq. Ba\u015fqa s\u00f6zl\u0259, s\u0259rni\u015finl\u0259rin \u0259sas ax\u0131n saatlar\u0131nda &#8220;H\u0259zi Aslanov&#8221; stansiyas\u0131ndan &#8220;28 May&#8221; stansiyas\u0131na q\u0259d\u0259r v\u0259 \u0259ks istiqam\u0259td\u0259 h\u0259r\u0259k\u0259t ed\u0259n qatarlar aras\u0131ndak\u0131 interval, q\u0131\u015f d\u00f6vr\u00fcnd\u0259 oldu\u011fu kimi, 2 d\u0259qiq\u0259 deyil, 2,5 d\u0259qiq\u0259 t\u0259\u015fkil ed\u0259c\u0259k.<\/p>\n<p>Qeyd ed\u0259k ki, metropolitend\u0259 gur h\u0259r\u0259k\u0259t s\u0259h\u0259r saat 7:30-dan 9:30-a, ax\u015fam is\u0259 17:30-dan 19:30-a q\u0259d\u0259r davam edir.<\/p>\n<p>S\u0259rni\u015finl\u0259rin az oldu\u011fu s\u0259h\u0259r erk\u0259n v\u0259 ax\u015fam saatlar\u0131nda bu sah\u0259d\u0259 3 d\u0259qiq\u0259 v\u0259 daha \u00e7ox intervala hesablanm\u0131\u015f h\u0259r\u0259k\u0259t t\u0259rtib edil\u0259c\u0259k.<\/p>\n<p>X\u0259tl\u0259rin &#8220;28 May&#8221; stansiyas\u0131nda bir-biri il\u0259 birl\u0259\u015fm\u0259sini n\u0259z\u0259r\u0259 alaraq, bu stansiyadan &#8220;\u0130\u00e7\u0259ri\u015f\u0259h\u0259r&#8221; v\u0259 &#8220;D\u0259rn\u0259g\u00fcl&#8221; stansiyalar\u0131na do\u011fru qatarlar aras\u0131nda interval m\u00fcvafiq olaraq, iki d\u0259f\u0259 art\u0131q &#8211; gur saatlarda 5, ba\u015fqa vaxtlarda 6 d\u0259qiq\u0259 v\u0259 daha \u00e7ox olacaq.<\/p>\n<p>Onu da x\u00fcsusi qeyd ed\u0259k ki, g\u00fcn\u00fcn m\u00fc\u0259yy\u0259n vaxtlar\u0131nda s\u0259rni\u015finl\u0259r &#8220;H\u0259zi Aslanov-Ulduz&#8221; sah\u0259sind\u0259 b\u0259z\u0259n iki qatar\u0131n &#8220;D\u0259rn\u0259g\u00fcl&#8221; v\u0259 ya &#8220;\u0130\u00e7\u0259ri\u015f\u0259h\u0259r&#8221; istiqam\u0259tind\u0259 h\u0259r\u0259k\u0259t etm\u0259sini m\u00fc\u015fahid\u0259 edir, h\u0259m\u00e7inin daha b\u00f6y\u00fck intervalla rastla\u015f\u0131rlar. Bu, qatarlar\u0131n texniki qulluq m\u0259qs\u0259dil\u0259 &#8220;N\u0259rimanov&#8221; elektrik deposuna daxil olmas\u0131 v\u0259 orada x\u0259tt\u0259 yola sal\u0131nmas\u0131 il\u0259 ba\u011fl\u0131d\u0131r v\u0259 texniki t\u0259l\u0259bl\u0259r\u0259 uy\u011fun olaraq, z\u0259ruri add\u0131md\u0131r.<\/p>\n<p>Yay qrafiki yeni t\u0259dris ilinin ba\u015flanmas\u0131na kimi q\u00fcvv\u0259d\u0259 qalacaq.<\/p>\n<p>S\u0259rni\u015finl\u0259rin v\u0259 &#8220;Bak\u0131 Metropoliteni&#8221; QSC-nin r\u0259smi sayt\u0131n\u0131n istifad\u0259\u00e7il\u0259rinin mara\u011f\u0131 v\u0259 m\u00fcraci\u0259ti n\u0259z\u0259r\u0259 al\u0131naraq, &#8220;Bakmil&#8221; stansiyas\u0131na v\u0259 \u0259ks istiqam\u0259td\u0259 qatarlar\u0131n h\u0259r\u0259k\u0259t c\u0259dv\u0259li yeni qrafik q\u00fcvv\u0259y\u0259 mindiyi g\u00fcn sayt\u0131n m\u00fcvaflq b\u00f6lm\u0259sind\u0259 d\u0259rc olunacaq v\u0259 stansiyalarda yerl\u0259\u015fdiril\u0259c\u0259kdir.oxu.az<\/p>\n","protected":false},"excerpt":{"rendered":"<p>T\u0259dris m\u00f6vs\u00fcm\u00fcn\u00fcn ba\u015fa \u00e7atmas\u0131, el\u0259c\u0259 d\u0259 paytaxt sakinl\u0259rinin yay istirah\u0259tini \u015f\u0259h\u0259rd\u0259n k\u0259narda ke\u00e7irm\u0259l\u0259ri metropolitend\u0259 s\u0259rni\u015fin ax\u0131n\u0131n\u0131n \u0259h\u0259miyy\u0259tli d\u0259r\u0259c\u0259d\u0259 azalmas\u0131na s\u0259b\u0259b olur. Bu s\u0259b\u0259bd\u0259n, h\u0259r il oldu\u011fu kimi, Bak\u0131 metropolitenind\u0259 qatarlar\u0131n\u0131n h\u0259r\u0259k\u0259t qrafikind\u0259 d\u0259yi\u015fiklikl\u0259r edil\u0259c\u0259k. ARANTV.AZ\u00a0 x\u0259b\u0259r verir ki, &#8220;Bak\u0131 Metropoliteni&#8221; QSC-nin s\u0259dri Zaur H\u00fcseynovun \u0259mrin\u0259 \u0259sas\u0259n, iyul ay\u0131n\u0131n 1-d\u0259n metropolitend\u0259 qatarlar\u0131n h\u0259r\u0259k\u0259ti yay qrafikin\u0259 ke\u00e7iril\u0259c\u0259k. M\u00f6vs\u00fcmi qrafik\u0259 uy\u011fun olaraq, qatarlararas\u0131 intervallar c\u00fczi art\u0131r\u0131lacaq. Ba\u015fqa s\u00f6zl\u0259, s\u0259rni\u015finl\u0259rin \u0259sas ax\u0131n saatlar\u0131nda &#8220;H\u0259zi Aslanov&#8221; stansiyas\u0131ndan &#8220;28 May&#8221; stansiyas\u0131na q\u0259d\u0259r v\u0259 \u0259ks istiqam\u0259td\u0259 h\u0259r\u0259k\u0259t ed\u0259n qatarlar aras\u0131ndak\u0131 interval, q\u0131\u015f d\u00f6vr\u00fcnd\u0259 oldu\u011fu kimi, 2 d\u0259qiq\u0259&hellip;<\/p>\n","protected":false},"author":2,"featured_media":70225,"comment_status":"closed","ping_status":"closed","sticky":false,"template":"","format":"standard","meta":{"om_disable_all_campaigns":false,"_monsterinsights_skip_tracking":false,"_monsterinsights_sitenote_active":false,"_monsterinsights_sitenote_note":"","_monsterinsights_sitenote_category":0},"categories":[1],"tags":[],"aioseo_notices":[],"gutentor_comment":0,"rttpg_featured_image_url":{"full":["https:\/\/arantv.az\/wp-content\/uploads\/2019\/06\/766959.jpg",800,600,false],"landscape":["https:\/\/arantv.az\/wp-content\/uploads\/2019\/06\/766959.jpg",800,600,false],"portraits":["https:\/\/arantv.az\/wp-content\/uploads\/2019\/06\/766959.jpg",800,600,false],"thumbnail":["https:\/\/arantv.az\/wp-content\/uploads\/2019\/06\/766959-150x150.jpg",150,150,true],"medium":["https:\/\/arantv.az\/wp-content\/uploads\/2019\/06\/766959-300x225.jpg",300,225,true],"large":["https:\/\/arantv.az\/wp-content\/uploads\/2019\/06\/766959.jpg",640,480,false],"1536x1536":["https:\/\/arantv.az\/wp-content\/uploads\/2019\/06\/766959.jpg",800,600,false],"2048x2048":["https:\/\/arantv.az\/wp-content\/uploads\/2019\/06\/766959.jpg",800,600,false],"post-thumbnail":["https:\/\/arantv.az\/wp-content\/uploads\/2019\/06\/766959-240x172.jpg",240,172,true],"advps-thumb-one":["https:\/\/arantv.az\/wp-content\/uploads\/2019\/06\/766959.jpg",800,600,false]},"rttpg_author":{"display_name":"V\u00fcsal Rafiqo\u011flu","author_link":"https:\/\/arantv.az\/?author=2"},"rttpg_comment":0,"rttpg_category":"<a href=\"https:\/\/arantv.az\/?cat=1\" rel=\"category\">C\u0259miyy\u0259t<\/a>","rttpg_excerpt":"T\u0259dris m\u00f6vs\u00fcm\u00fcn\u00fcn ba\u015fa \u00e7atmas\u0131, el\u0259c\u0259 d\u0259 paytaxt sakinl\u0259rinin yay istirah\u0259tini \u015f\u0259h\u0259rd\u0259n k\u0259narda ke\u00e7irm\u0259l\u0259ri metropolitend\u0259 s\u0259rni\u015fin ax\u0131n\u0131n\u0131n \u0259h\u0259miyy\u0259tli d\u0259r\u0259c\u0259d\u0259 azalmas\u0131na s\u0259b\u0259b olur. Bu s\u0259b\u0259bd\u0259n, h\u0259r il oldu\u011fu kimi, Bak\u0131 metropolitenind\u0259 qatarlar\u0131n\u0131n h\u0259r\u0259k\u0259t qrafikind\u0259 d\u0259yi\u015fiklikl\u0259r edil\u0259c\u0259k. ARANTV.AZ\u00a0 x\u0259b\u0259r verir ki, &#8220;Bak\u0131 Metropoliteni&#8221; QSC-nin s\u0259dri Zaur H\u00fcseynovun \u0259mrin\u0259 \u0259sas\u0259n, iyul ay\u0131n\u0131n 1-d\u0259n metropolitend\u0259 qatarlar\u0131n h\u0259r\u0259k\u0259ti yay qrafikin\u0259 ke\u00e7iril\u0259c\u0259k.&hellip;","_links":{"self":[{"href":"https:\/\/arantv.az\/index.php?rest_route=\/wp\/v2\/posts\/70224"}],"collection":[{"href":"https:\/\/arantv.az\/index.php?rest_route=\/wp\/v2\/posts"}],"about":[{"href":"https:\/\/arantv.az\/index.php?rest_route=\/wp\/v2\/types\/post"}],"author":[{"embeddable":true,"href":"https:\/\/arantv.az\/index.php?rest_route=\/wp\/v2\/users\/2"}],"replies":[{"embeddable":true,"href":"https:\/\/arantv.az\/index.php?rest_route=%2Fwp%2Fv2%2Fcomments&post=70224"}],"version-history":[{"count":0,"href":"https:\/\/arantv.az\/index.php?rest_route=\/wp\/v2\/posts\/70224\/revisions"}],"wp:featuredmedia":[{"embeddable":true,"href":"https:\/\/arantv.az\/index.php?rest_route=\/wp\/v2\/media\/70225"}],"wp:attachment":[{"href":"https:\/\/arantv.az\/index.php?rest_route=%2Fwp%2Fv2%2Fmedia&parent=70224"}],"wp:term":[{"taxonomy":"category","embeddable":true,"href":"https:\/\/arantv.az\/index.php?rest_route=%2Fwp%2Fv2%2Fcategories&post=70224"},{"taxonomy":"post_tag","embeddable":true,"href":"https:\/\/arantv.az\/index.php?rest_route=%2Fwp%2Fv2%2Ftags&post=70224"}],"curies":[{"name":"wp","href":"https:\/\/api.w.org\/{rel}","templated":true}]}}