{"id":70230,"date":"2019-06-29T10:12:08","date_gmt":"2019-06-29T07:12:08","guid":{"rendered":"http:\/\/arantv.az\/?p=70230"},"modified":"2019-06-29T10:12:08","modified_gmt":"2019-06-29T07:12:08","slug":"bu-avropa-olk%c9%99sind%c9%99-havanin-temperaturu-45-d%c9%99r%c9%99c%c9%99ni-otdu","status":"publish","type":"post","link":"https:\/\/arantv.az\/?p=70230","title":{"rendered":"Bu Avropa \u00f6lk\u0259sind\u0259 havan\u0131n temperaturu 45 d\u0259r\u0259c\u0259ni \u00f6td\u00fc"},"content":{"rendered":"<p>Fransan\u0131n c\u0259nubunda Qallarq-le-Montyue \u015f\u0259h\u0259rind\u0259 (Qar departamenti) havan\u0131n temperaturu c\u00fcm\u0259 g\u00fcn\u00fc 45,9\u00b0 isti olub. Bu bar\u0259d\u0259 \u00f6lk\u0259nin meteoroloji xidm\u0259ti m\u0259lumat yay\u0131b.<\/p>\n<p><strong>ARANTV.AZ<\/strong> x\u0259b\u0259r verir ki, bu, sutka \u0259rzind\u0259 temperaturda \u00fc\u00e7\u00fcnc\u00fc maksimum g\u00f6st\u0259ricidir.<\/p>\n<p>Bundan \u0259vv\u0259l &#8220;France Presse&#8221; agentliyi Vilvyey \u015f\u0259h\u0259rind\u0259 45,1\u00b0 isti oldu\u011funu yaz\u0131b, daha \u00f6nc\u0259 is\u0259 Karpantra \u015f\u0259h\u0259rind\u0259 temperaturun 44,3\u00b0 isti oldu\u011fu bildirilib. Bu c\u00fcr istil\u0259r 2003-c\u00fc il avqustun 12-d\u0259 el\u0259 Fransan\u0131n c\u0259nubunda qeyd\u0259 al\u0131n\u0131b.AZ\u018fRTAC<\/p>\n","protected":false},"excerpt":{"rendered":"<p>Fransan\u0131n c\u0259nubunda Qallarq-le-Montyue \u015f\u0259h\u0259rind\u0259 (Qar departamenti) havan\u0131n temperaturu c\u00fcm\u0259 g\u00fcn\u00fc 45,9\u00b0 isti olub. Bu bar\u0259d\u0259 \u00f6lk\u0259nin meteoroloji xidm\u0259ti m\u0259lumat yay\u0131b. ARANTV.AZ x\u0259b\u0259r verir ki, bu, sutka \u0259rzind\u0259 temperaturda \u00fc\u00e7\u00fcnc\u00fc maksimum g\u00f6st\u0259ricidir. Bundan \u0259vv\u0259l &#8220;France Presse&#8221; agentliyi Vilvyey \u015f\u0259h\u0259rind\u0259 45,1\u00b0 isti oldu\u011funu yaz\u0131b, daha \u00f6nc\u0259 is\u0259 Karpantra \u015f\u0259h\u0259rind\u0259 temperaturun 44,3\u00b0 isti oldu\u011fu bildirilib. Bu c\u00fcr istil\u0259r 2003-c\u00fc il avqustun 12-d\u0259 el\u0259 Fransan\u0131n c\u0259nubunda qeyd\u0259 al\u0131n\u0131b.AZ\u018fRTAC<\/p>\n","protected":false},"author":2,"featured_media":70231,"comment_status":"closed","ping_status":"closed","sticky":false,"template":"","format":"standard","meta":{"om_disable_all_campaigns":false,"_monsterinsights_skip_tracking":false,"_monsterinsights_sitenote_active":false,"_monsterinsights_sitenote_note":"","_monsterinsights_sitenote_category":0},"categories":[7],"tags":[],"aioseo_notices":[],"gutentor_comment":0,"rttpg_featured_image_url":{"full":["https:\/\/arantv.az\/wp-content\/uploads\/2019\/06\/1561790415istiaciqlama.jpg",549,309,false],"landscape":["https:\/\/arantv.az\/wp-content\/uploads\/2019\/06\/1561790415istiaciqlama.jpg",549,309,false],"portraits":["https:\/\/arantv.az\/wp-content\/uploads\/2019\/06\/1561790415istiaciqlama.jpg",549,309,false],"thumbnail":["https:\/\/arantv.az\/wp-content\/uploads\/2019\/06\/1561790415istiaciqlama-150x150.jpg",150,150,true],"medium":["https:\/\/arantv.az\/wp-content\/uploads\/2019\/06\/1561790415istiaciqlama-300x169.jpg",300,169,true],"large":["https:\/\/arantv.az\/wp-content\/uploads\/2019\/06\/1561790415istiaciqlama.jpg",549,309,false],"1536x1536":["https:\/\/arantv.az\/wp-content\/uploads\/2019\/06\/1561790415istiaciqlama.jpg",549,309,false],"2048x2048":["https:\/\/arantv.az\/wp-content\/uploads\/2019\/06\/1561790415istiaciqlama.jpg",549,309,false],"post-thumbnail":["https:\/\/arantv.az\/wp-content\/uploads\/2019\/06\/1561790415istiaciqlama-240x172.jpg",240,172,true],"advps-thumb-one":["https:\/\/arantv.az\/wp-content\/uploads\/2019\/06\/1561790415istiaciqlama.jpg",549,309,false]},"rttpg_author":{"display_name":"V\u00fcsal Rafiqo\u011flu","author_link":"https:\/\/arantv.az\/?author=2"},"rttpg_comment":0,"rttpg_category":"<a href=\"https:\/\/arantv.az\/?cat=7\" rel=\"category\">D\u00fcnya<\/a>","rttpg_excerpt":"Fransan\u0131n c\u0259nubunda Qallarq-le-Montyue \u015f\u0259h\u0259rind\u0259 (Qar departamenti) havan\u0131n temperaturu c\u00fcm\u0259 g\u00fcn\u00fc 45,9\u00b0 isti olub. Bu bar\u0259d\u0259 \u00f6lk\u0259nin meteoroloji xidm\u0259ti m\u0259lumat yay\u0131b. ARANTV.AZ x\u0259b\u0259r verir ki, bu, sutka \u0259rzind\u0259 temperaturda \u00fc\u00e7\u00fcnc\u00fc maksimum g\u00f6st\u0259ricidir. Bundan \u0259vv\u0259l &#8220;France Presse&#8221; agentliyi Vilvyey \u015f\u0259h\u0259rind\u0259 45,1\u00b0 isti oldu\u011funu yaz\u0131b, daha \u00f6nc\u0259 is\u0259 Karpantra \u015f\u0259h\u0259rind\u0259 temperaturun 44,3\u00b0 isti oldu\u011fu bildirilib. Bu c\u00fcr istil\u0259r&hellip;","_links":{"self":[{"href":"https:\/\/arantv.az\/index.php?rest_route=\/wp\/v2\/posts\/70230"}],"collection":[{"href":"https:\/\/arantv.az\/index.php?rest_route=\/wp\/v2\/posts"}],"about":[{"href":"https:\/\/arantv.az\/index.php?rest_route=\/wp\/v2\/types\/post"}],"author":[{"embeddable":true,"href":"https:\/\/arantv.az\/index.php?rest_route=\/wp\/v2\/users\/2"}],"replies":[{"embeddable":true,"href":"https:\/\/arantv.az\/index.php?rest_route=%2Fwp%2Fv2%2Fcomments&post=70230"}],"version-history":[{"count":0,"href":"https:\/\/arantv.az\/index.php?rest_route=\/wp\/v2\/posts\/70230\/revisions"}],"wp:featuredmedia":[{"embeddable":true,"href":"https:\/\/arantv.az\/index.php?rest_route=\/wp\/v2\/media\/70231"}],"wp:attachment":[{"href":"https:\/\/arantv.az\/index.php?rest_route=%2Fwp%2Fv2%2Fmedia&parent=70230"}],"wp:term":[{"taxonomy":"category","embeddable":true,"href":"https:\/\/arantv.az\/index.php?rest_route=%2Fwp%2Fv2%2Fcategories&post=70230"},{"taxonomy":"post_tag","embeddable":true,"href":"https:\/\/arantv.az\/index.php?rest_route=%2Fwp%2Fv2%2Ftags&post=70230"}],"curies":[{"name":"wp","href":"https:\/\/api.w.org\/{rel}","templated":true}]}}