{"id":70239,"date":"2019-06-29T10:15:06","date_gmt":"2019-06-29T07:15:06","guid":{"rendered":"http:\/\/arantv.az\/?p=70239"},"modified":"2019-06-29T10:15:06","modified_gmt":"2019-06-29T07:15:06","slug":"turkiy%c9%99y%c9%99-qarsi-%c9%99dal%c9%99tli-olmadiq-trampdan-etiraf","status":"publish","type":"post","link":"https:\/\/arantv.az\/?p=70239","title":{"rendered":"T\u00fcrkiy\u0259y\u0259 qar\u015f\u0131 \u0259dal\u0259tli olmad\u0131q &#8211; Trampdan etiraf"},"content":{"rendered":"<p>Yaponiyan\u0131n Osaka \u015f\u0259h\u0259rind\u0259 G20 sammiti \u00e7\u0259r\u00e7iv\u0259sind\u0259 T\u00fcrkiy\u0259 v\u0259 AB\u015e prezidentl\u0259ri R\u0259c\u0259b Tayyib \u018frdo\u011fan v\u0259 Donald Tramp aras\u0131nda g\u00f6r\u00fc\u015f ke\u00e7irilib.<\/p>\n<p>&#8220;H\u00fcrriyet&#8221; x\u0259b\u0259r verir ki, dan\u0131\u015f\u0131qlar t\u0259qrib\u0259n 40 d\u0259qiq\u0259 davam edib.<\/p>\n<p>\u0130ki lider g\u00f6r\u00fc\u015f\u00fcn \u0259vv\u0259lind\u0259 a\u00e7\u0131qlamalar veribl\u0259r. D.Tramp bildirib ki, iki \u00f6lk\u0259 aras\u0131nda ticar\u0259ti 4 d\u0259f\u0259 art\u0131rmaq planla\u015fd\u0131r\u0131l\u0131r:<\/p>\n<p>&#8220;\u018flaq\u0259l\u0259rimizd\u0259n m\u0259mnunuq. H\u0259rbi sah\u0259d\u0259 ticar\u0259t\u0259 d\u0259 ba\u015flamaq q\u0259rar\u0131na g\u0259ldik. Sizinl\u0259 birlikd\u0259 olmaq f\u0259xrdir. \u018frdo\u011fan dost m\u00fcnasib\u0259tl\u0259r saxlad\u0131\u011f\u0131m liderdir. T\u00fcrkiy\u0259y\u0259 s\u0259f\u0259r etm\u0259yi planla\u015fd\u0131r\u0131ram, ancaq s\u0259f\u0259rin tarixi h\u0259l\u0259 m\u00fc\u0259yy\u0259nl\u0259\u015fm\u0259yib&#8221;.<\/p>\n<p>AB\u015e Prezidenti qeyd edib ki, R.T.\u018frdo\u011fan Barak Obama administrasiyas\u0131ndan &#8220;Patriot&#8221; zenit-raket kompleksl\u0259rini almaq ist\u0259s\u0259 d\u0259, buna icaz\u0259 verilm\u0259yib:<\/p>\n<p>&#8220;Obama d\u00f6vr\u00fcnd\u0259 T\u00fcrkiy\u0259y\u0259 \u0259dal\u0259tli davran\u0131lmay\u0131b. Ankaran\u0131n Rusiyadan S-400 zenit-raket sisteml\u0259rini almas\u0131 qar\u0131\u015f\u0131q m\u00f6vzudur. M\u00fcxt\u0259lif h\u0259ll yollar\u0131 axtar\u0131r\u0131q. T\u00fcrkiy\u0259y\u0259 qar\u015f\u0131 \u0259dal\u0259tli olmaq m\u0259cburiyy\u0259tind\u0259yik&#8221;.<\/p>\n<p>T\u00fcrkiy\u0259 Prezidenti is\u0259 deyib ki, iki \u00f6lk\u0259 aras\u0131nda iqtisadi ticar\u0259tin h\u0259cmini 75 milyard dollara \u00e7atd\u0131rmaq planla\u015fd\u0131r\u0131l\u0131r:<\/p>\n<p>&#8220;Strateji t\u0259r\u0259fda\u015f\u0131q. Bu, bir \u00e7ox sah\u0259l\u0259rd\u0259 h\u0259mr\u0259y olma\u011f\u0131m\u0131z\u0131 t\u0259\u015fviq edir. \u0130nan\u0131ram ki, bundan sonra h\u0259mr\u0259yliyimiz eyni \u015f\u0259kild\u0259 davam ed\u0259c\u0259k&#8221;.<\/p>\n","protected":false},"excerpt":{"rendered":"<p>Yaponiyan\u0131n Osaka \u015f\u0259h\u0259rind\u0259 G20 sammiti \u00e7\u0259r\u00e7iv\u0259sind\u0259 T\u00fcrkiy\u0259 v\u0259 AB\u015e prezidentl\u0259ri R\u0259c\u0259b Tayyib \u018frdo\u011fan v\u0259 Donald Tramp aras\u0131nda g\u00f6r\u00fc\u015f ke\u00e7irilib. &#8220;H\u00fcrriyet&#8221; x\u0259b\u0259r verir ki, dan\u0131\u015f\u0131qlar t\u0259qrib\u0259n 40 d\u0259qiq\u0259 davam edib. \u0130ki lider g\u00f6r\u00fc\u015f\u00fcn \u0259vv\u0259lind\u0259 a\u00e7\u0131qlamalar veribl\u0259r. D.Tramp bildirib ki, iki \u00f6lk\u0259 aras\u0131nda ticar\u0259ti 4 d\u0259f\u0259 art\u0131rmaq planla\u015fd\u0131r\u0131l\u0131r: &#8220;\u018flaq\u0259l\u0259rimizd\u0259n m\u0259mnunuq. H\u0259rbi sah\u0259d\u0259 ticar\u0259t\u0259 d\u0259 ba\u015flamaq q\u0259rar\u0131na g\u0259ldik. Sizinl\u0259 birlikd\u0259 olmaq f\u0259xrdir. \u018frdo\u011fan dost m\u00fcnasib\u0259tl\u0259r saxlad\u0131\u011f\u0131m liderdir. T\u00fcrkiy\u0259y\u0259 s\u0259f\u0259r etm\u0259yi planla\u015fd\u0131r\u0131ram, ancaq s\u0259f\u0259rin tarixi h\u0259l\u0259 m\u00fc\u0259yy\u0259nl\u0259\u015fm\u0259yib&#8221;. AB\u015e Prezidenti qeyd edib ki, R.T.\u018frdo\u011fan Barak Obama administrasiyas\u0131ndan &#8220;Patriot&#8221; zenit-raket kompleksl\u0259rini almaq ist\u0259s\u0259 d\u0259, buna icaz\u0259&hellip;<\/p>\n","protected":false},"author":2,"featured_media":70240,"comment_status":"closed","ping_status":"closed","sticky":false,"template":"","format":"standard","meta":{"om_disable_all_campaigns":false,"_monsterinsights_skip_tracking":false,"_monsterinsights_sitenote_active":false,"_monsterinsights_sitenote_note":"","_monsterinsights_sitenote_category":0},"categories":[7],"tags":[],"aioseo_notices":[],"gutentor_comment":0,"rttpg_featured_image_url":{"full":["https:\/\/arantv.az\/wp-content\/uploads\/2019\/06\/erdogan_tramp.jpg",549,349,false],"landscape":["https:\/\/arantv.az\/wp-content\/uploads\/2019\/06\/erdogan_tramp.jpg",549,349,false],"portraits":["https:\/\/arantv.az\/wp-content\/uploads\/2019\/06\/erdogan_tramp.jpg",549,349,false],"thumbnail":["https:\/\/arantv.az\/wp-content\/uploads\/2019\/06\/erdogan_tramp-150x150.jpg",150,150,true],"medium":["https:\/\/arantv.az\/wp-content\/uploads\/2019\/06\/erdogan_tramp-300x191.jpg",300,191,true],"large":["https:\/\/arantv.az\/wp-content\/uploads\/2019\/06\/erdogan_tramp.jpg",549,349,false],"1536x1536":["https:\/\/arantv.az\/wp-content\/uploads\/2019\/06\/erdogan_tramp.jpg",549,349,false],"2048x2048":["https:\/\/arantv.az\/wp-content\/uploads\/2019\/06\/erdogan_tramp.jpg",549,349,false],"post-thumbnail":["https:\/\/arantv.az\/wp-content\/uploads\/2019\/06\/erdogan_tramp-240x172.jpg",240,172,true],"advps-thumb-one":["https:\/\/arantv.az\/wp-content\/uploads\/2019\/06\/erdogan_tramp.jpg",549,349,false]},"rttpg_author":{"display_name":"V\u00fcsal Rafiqo\u011flu","author_link":"https:\/\/arantv.az\/?author=2"},"rttpg_comment":0,"rttpg_category":"<a href=\"https:\/\/arantv.az\/?cat=7\" rel=\"category\">D\u00fcnya<\/a>","rttpg_excerpt":"Yaponiyan\u0131n Osaka \u015f\u0259h\u0259rind\u0259 G20 sammiti \u00e7\u0259r\u00e7iv\u0259sind\u0259 T\u00fcrkiy\u0259 v\u0259 AB\u015e prezidentl\u0259ri R\u0259c\u0259b Tayyib \u018frdo\u011fan v\u0259 Donald Tramp aras\u0131nda g\u00f6r\u00fc\u015f ke\u00e7irilib. &#8220;H\u00fcrriyet&#8221; x\u0259b\u0259r verir ki, dan\u0131\u015f\u0131qlar t\u0259qrib\u0259n 40 d\u0259qiq\u0259 davam edib. \u0130ki lider g\u00f6r\u00fc\u015f\u00fcn \u0259vv\u0259lind\u0259 a\u00e7\u0131qlamalar veribl\u0259r. D.Tramp bildirib ki, iki \u00f6lk\u0259 aras\u0131nda ticar\u0259ti 4 d\u0259f\u0259 art\u0131rmaq planla\u015fd\u0131r\u0131l\u0131r: &#8220;\u018flaq\u0259l\u0259rimizd\u0259n m\u0259mnunuq. H\u0259rbi sah\u0259d\u0259 ticar\u0259t\u0259 d\u0259 ba\u015flamaq q\u0259rar\u0131na g\u0259ldik.&hellip;","_links":{"self":[{"href":"https:\/\/arantv.az\/index.php?rest_route=\/wp\/v2\/posts\/70239"}],"collection":[{"href":"https:\/\/arantv.az\/index.php?rest_route=\/wp\/v2\/posts"}],"about":[{"href":"https:\/\/arantv.az\/index.php?rest_route=\/wp\/v2\/types\/post"}],"author":[{"embeddable":true,"href":"https:\/\/arantv.az\/index.php?rest_route=\/wp\/v2\/users\/2"}],"replies":[{"embeddable":true,"href":"https:\/\/arantv.az\/index.php?rest_route=%2Fwp%2Fv2%2Fcomments&post=70239"}],"version-history":[{"count":0,"href":"https:\/\/arantv.az\/index.php?rest_route=\/wp\/v2\/posts\/70239\/revisions"}],"wp:featuredmedia":[{"embeddable":true,"href":"https:\/\/arantv.az\/index.php?rest_route=\/wp\/v2\/media\/70240"}],"wp:attachment":[{"href":"https:\/\/arantv.az\/index.php?rest_route=%2Fwp%2Fv2%2Fmedia&parent=70239"}],"wp:term":[{"taxonomy":"category","embeddable":true,"href":"https:\/\/arantv.az\/index.php?rest_route=%2Fwp%2Fv2%2Fcategories&post=70239"},{"taxonomy":"post_tag","embeddable":true,"href":"https:\/\/arantv.az\/index.php?rest_route=%2Fwp%2Fv2%2Ftags&post=70239"}],"curies":[{"name":"wp","href":"https:\/\/api.w.org\/{rel}","templated":true}]}}