{"id":702807,"date":"2024-03-18T11:04:05","date_gmt":"2024-03-18T07:04:05","guid":{"rendered":"https:\/\/arantv.az\/?p=702807"},"modified":"2024-03-18T11:04:05","modified_gmt":"2024-03-18T07:04:05","slug":"%c9%99haliy%c9%99-sad-x%c9%99b%c9%99r-sosial-od%c9%99nisl%c9%99r-bu-tarixd%c9%99-veril%c9%99c%c9%99k","status":"publish","type":"post","link":"https:\/\/arantv.az\/?p=702807","title":{"rendered":"\u018fhaliy\u0259 \u015eAD X\u018fB\u018fR: Sosial \u00f6d\u0259ni\u015fl\u0259r BU TAR\u0130XD\u018f VER\u0130L\u018fC\u018fK"},"content":{"rendered":"<p><strong>Novruz bayram\u0131 il\u0259 \u0259laq\u0259dar mart\u0131n 19-da b\u00fct\u00fcn m\u00fcavin\u0259t, t\u0259qa\u00fcd, kompensasiya v\u0259 \u00fcnvanl\u0131 d\u00f6vl\u0259t sosial yard\u0131mlar\u0131n\u0131n qrafikd\u0259n \u0259vv\u0259l \u00f6d\u0259nilm\u0259si n\u0259z\u0259rd\u0259 tutulub.<\/strong><\/p>\n<p>Bu bar\u0259d\u0259\u00a0<strong>Musavat.com-a<\/strong>\u00a0D\u00f6vl\u0259t Sosial M\u00fcdafi\u0259 Fondundan m\u0259lumat verilib.<\/p>\n<p>Xat\u0131rladaq ki, mart\u0131n 7-d\u0259 Bak\u0131 v\u0259 Sumqay\u0131t \u015f\u0259h\u0259rl\u0259ri, Ab\u015feron rayonunda, 15-d\u0259 is\u0259 b\u00f6lg\u0259l\u0259rd\u0259 ya\u015fayan \u015f\u0259xsl\u0259rin mart ay\u0131 \u00fczr\u0259 pensiyalar\u0131, habel\u0259 g\u00fcz\u0259\u015ftli \u015f\u0259rtl\u0259rl\u0259 t\u0259yin edilmi\u015f pensiyalar \u00f6d\u0259nilib.<\/p>\n<p><img loading=\"lazy\" src=\"https:\/\/ssl.sfera.az\/file\/articles\/2024\/03\/18\/1710742730_5c244aa7-5456-3105-b71a-28d64cda0638.jpeg\" width=\"820\" height=\"820\" \/><\/p>\n","protected":false},"excerpt":{"rendered":"<p>Novruz bayram\u0131 il\u0259 \u0259laq\u0259dar mart\u0131n 19-da b\u00fct\u00fcn m\u00fcavin\u0259t, t\u0259qa\u00fcd, kompensasiya v\u0259 \u00fcnvanl\u0131 d\u00f6vl\u0259t sosial yard\u0131mlar\u0131n\u0131n qrafikd\u0259n \u0259vv\u0259l \u00f6d\u0259nilm\u0259si n\u0259z\u0259rd\u0259 tutulub. Bu bar\u0259d\u0259\u00a0Musavat.com-a\u00a0D\u00f6vl\u0259t Sosial M\u00fcdafi\u0259 Fondundan m\u0259lumat verilib. Xat\u0131rladaq ki, mart\u0131n 7-d\u0259 Bak\u0131 v\u0259 Sumqay\u0131t \u015f\u0259h\u0259rl\u0259ri, Ab\u015feron rayonunda, 15-d\u0259 is\u0259 b\u00f6lg\u0259l\u0259rd\u0259 ya\u015fayan \u015f\u0259xsl\u0259rin mart ay\u0131 \u00fczr\u0259 pensiyalar\u0131, habel\u0259 g\u00fcz\u0259\u015ftli \u015f\u0259rtl\u0259rl\u0259 t\u0259yin edilmi\u015f pensiyalar \u00f6d\u0259nilib.<\/p>\n","protected":false},"author":2,"featured_media":702808,"comment_status":"closed","ping_status":"closed","sticky":false,"template":"","format":"standard","meta":{"om_disable_all_campaigns":false,"_monsterinsights_skip_tracking":false,"_monsterinsights_sitenote_active":false,"_monsterinsights_sitenote_note":"","_monsterinsights_sitenote_category":0},"categories":[26],"tags":[],"aioseo_notices":[],"gutentor_comment":0,"rttpg_featured_image_url":{"full":["https:\/\/arantv.az\/wp-content\/uploads\/2024\/03\/f5b415c4c1f11d95a20fc7f90d3293c8.jpg",850,500,false],"landscape":["https:\/\/arantv.az\/wp-content\/uploads\/2024\/03\/f5b415c4c1f11d95a20fc7f90d3293c8.jpg",850,500,false],"portraits":["https:\/\/arantv.az\/wp-content\/uploads\/2024\/03\/f5b415c4c1f11d95a20fc7f90d3293c8.jpg",850,500,false],"thumbnail":["https:\/\/arantv.az\/wp-content\/uploads\/2024\/03\/f5b415c4c1f11d95a20fc7f90d3293c8-500x280.jpg",500,280,true],"medium":["https:\/\/arantv.az\/wp-content\/uploads\/2024\/03\/f5b415c4c1f11d95a20fc7f90d3293c8-621x365.jpg",621,365,true],"large":["https:\/\/arantv.az\/wp-content\/uploads\/2024\/03\/f5b415c4c1f11d95a20fc7f90d3293c8-840x494.jpg",640,376,true],"1536x1536":["https:\/\/arantv.az\/wp-content\/uploads\/2024\/03\/f5b415c4c1f11d95a20fc7f90d3293c8.jpg",850,500,false],"2048x2048":["https:\/\/arantv.az\/wp-content\/uploads\/2024\/03\/f5b415c4c1f11d95a20fc7f90d3293c8.jpg",850,500,false],"post-thumbnail":["https:\/\/arantv.az\/wp-content\/uploads\/2024\/03\/f5b415c4c1f11d95a20fc7f90d3293c8-240x172.jpg",240,172,true],"advps-thumb-one":["https:\/\/arantv.az\/wp-content\/uploads\/2024\/03\/f5b415c4c1f11d95a20fc7f90d3293c8.jpg",850,500,false]},"rttpg_author":{"display_name":"V\u00fcsal Rafiqo\u011flu","author_link":"https:\/\/arantv.az\/?author=2"},"rttpg_comment":0,"rttpg_category":"<a href=\"https:\/\/arantv.az\/?cat=26\" rel=\"category\">Sosial<\/a>","rttpg_excerpt":"Novruz bayram\u0131 il\u0259 \u0259laq\u0259dar mart\u0131n 19-da b\u00fct\u00fcn m\u00fcavin\u0259t, t\u0259qa\u00fcd, kompensasiya v\u0259 \u00fcnvanl\u0131 d\u00f6vl\u0259t sosial yard\u0131mlar\u0131n\u0131n qrafikd\u0259n \u0259vv\u0259l \u00f6d\u0259nilm\u0259si n\u0259z\u0259rd\u0259 tutulub. Bu bar\u0259d\u0259\u00a0Musavat.com-a\u00a0D\u00f6vl\u0259t Sosial M\u00fcdafi\u0259 Fondundan m\u0259lumat verilib. Xat\u0131rladaq ki, mart\u0131n 7-d\u0259 Bak\u0131 v\u0259 Sumqay\u0131t \u015f\u0259h\u0259rl\u0259ri, Ab\u015feron rayonunda, 15-d\u0259 is\u0259 b\u00f6lg\u0259l\u0259rd\u0259 ya\u015fayan \u015f\u0259xsl\u0259rin mart ay\u0131 \u00fczr\u0259 pensiyalar\u0131, habel\u0259 g\u00fcz\u0259\u015ftli \u015f\u0259rtl\u0259rl\u0259 t\u0259yin edilmi\u015f pensiyalar \u00f6d\u0259nilib.","_links":{"self":[{"href":"https:\/\/arantv.az\/index.php?rest_route=\/wp\/v2\/posts\/702807"}],"collection":[{"href":"https:\/\/arantv.az\/index.php?rest_route=\/wp\/v2\/posts"}],"about":[{"href":"https:\/\/arantv.az\/index.php?rest_route=\/wp\/v2\/types\/post"}],"author":[{"embeddable":true,"href":"https:\/\/arantv.az\/index.php?rest_route=\/wp\/v2\/users\/2"}],"replies":[{"embeddable":true,"href":"https:\/\/arantv.az\/index.php?rest_route=%2Fwp%2Fv2%2Fcomments&post=702807"}],"version-history":[{"count":0,"href":"https:\/\/arantv.az\/index.php?rest_route=\/wp\/v2\/posts\/702807\/revisions"}],"wp:featuredmedia":[{"embeddable":true,"href":"https:\/\/arantv.az\/index.php?rest_route=\/wp\/v2\/media\/702808"}],"wp:attachment":[{"href":"https:\/\/arantv.az\/index.php?rest_route=%2Fwp%2Fv2%2Fmedia&parent=702807"}],"wp:term":[{"taxonomy":"category","embeddable":true,"href":"https:\/\/arantv.az\/index.php?rest_route=%2Fwp%2Fv2%2Fcategories&post=702807"},{"taxonomy":"post_tag","embeddable":true,"href":"https:\/\/arantv.az\/index.php?rest_route=%2Fwp%2Fv2%2Ftags&post=702807"}],"curies":[{"name":"wp","href":"https:\/\/api.w.org\/{rel}","templated":true}]}}