{"id":702816,"date":"2024-03-18T11:06:56","date_gmt":"2024-03-18T07:06:56","guid":{"rendered":"https:\/\/arantv.az\/?p=702816"},"modified":"2024-03-18T11:06:56","modified_gmt":"2024-03-18T07:06:56","slug":"parcalanmis-dunyanin-b%c9%99rpasina-veril%c9%99n-tohf%c9%99","status":"publish","type":"post","link":"https:\/\/arantv.az\/?p=702816","title":{"rendered":"Par\u00e7alanm\u0131\u015f d\u00fcnyan\u0131n b\u0259rpas\u0131na veril\u0259n t\u00f6hf\u0259"},"content":{"rendered":"<p>M\u00fcasir d\u00fcnyada \u00f6z\u00fcn\u0259 layiqli yer tutmu\u015f Az\u0259rbaycan Respublikas\u0131 s\u00fclh, t\u0259hl\u00fck\u0259sizlik, iqtisadi \u0259m\u0259kda\u015fl\u0131q, ekologiyan\u0131n qorunmas\u0131 v\u0259 s. sah\u0259l\u0259rd\u0259 d\u0259 f\u0259al t\u0259\u015f\u0259bb\u00fcsl\u0259rl\u0259 \u00e7\u0131x\u0131\u015f etm\u0259kd\u0259dir. \u00d6lk\u0259miz eyni zamanda b\u00f6y\u00fck beyn\u0259lxalq t\u0259dbirl\u0259r\u0259 u\u011furla ev sahibliyi edir. Art\u0131q biz bu sah\u0259d\u0259 kifay\u0259t q\u0259d\u0259r t\u0259cr\u00fcb\u0259 d\u0259 toplam\u0131\u015f\u0131q. Bak\u0131n\u0131n t\u0259\u015fkil etdiyi t\u0259dbirl\u0259rd\u0259 toplan\u0131lan t\u0259cr\u00fcb\u0259 dig\u0259r \u00f6lk\u0259l\u0259r \u00fc\u00e7\u00fcn d\u0259 yax\u015f\u0131 bir n\u00fcmun\u0259dir. \u00d6lk\u0259mizin \u00f6z imkanlar\u0131ndan istifad\u0259 ed\u0259r\u0259k beyn\u0259lxalq miqyasda t\u0259hl\u00fck\u0259sizliy\u0259 t\u0259hdid hallar\u0131n\u0131n aradan qald\u0131r\u0131lmas\u0131na, ikili standartlara qar\u015f\u0131 m\u00fcbariz\u0259y\u0259, \u00f6lk\u0259l\u0259r, xalqlar v\u0259 mill\u0259tl\u0259r aras\u0131nda \u0259m\u0259kda\u015fl\u0131q \u0259laq\u0259l\u0259rinin m\u00f6hk\u0259ml\u0259ndirilm\u0259sin\u0259 ard\u0131c\u0131l t\u00f6hf\u0259l\u0259r verm\u0259si d\u00fcnya d\u00f6vl\u0259tl\u0259ri t\u0259r\u0259find\u0259n \u00e7ox y\u00fcks\u0259k qiym\u0259tl\u0259ndirilir.<\/p>\n<p>Az\u0259rbaycan Respublikas\u0131n\u0131n Prezidenti C\u0259nab \u0130lham \u018fliyev 14 mart 2024-c\u00fc il tarixind\u0259 t\u0259\u015fkil olumu\u015f \u201cPar\u00e7alanm\u0131\u015f d\u00fcnyan\u0131n b\u0259rpas\u0131\u201d m\u00f6vzusunda XI Qlobal Bak\u0131 Forumunda etdiyi \u00e7\u0131x\u0131\u015f\u0131nda bir \u00e7ox aktual m\u0259s\u0259l\u0259l\u0259r\u0259 \u0259trafl\u0131 m\u00fcnasib\u0259t bildirdi. D\u00f6vl\u0259t ba\u015f\u00e7\u0131m\u0131z h\u0259m\u00e7inin \u00f6lk\u0259mizin aktual probleml\u0259rin h\u0259lli il\u0259 ba\u011fl\u0131 g\u00f6st\u0259rdiyi t\u0259\u015f\u0259bb\u00fcsl\u0259rin vacib m\u0259qamlar\u0131n\u0131 t\u0259dbir i\u015ftirak\u00e7\u0131lar\u0131n\u0131n diqq\u0259tin\u0259 \u00e7atd\u0131rd\u0131. C\u0259nab \u0130lham \u018fliyev bildirdi ki, bu g\u00fcn Az\u0259rbaycan inteqrativ t\u0259\u015f\u0259bb\u00fcsl\u0259rl\u0259 \u00e7\u0131x\u0131\u015f edir. COP29-un Az\u0259rbaycanda ke\u00e7irilm\u0259si Az\u0259rbaycan\u0131n ya\u015f\u0131l ke\u00e7idl\u0259 ba\u011fl\u0131 s\u0259yl\u0259rinin q\u0259bul edilm\u0259sidir. \u00d6lk\u0259 ba\u015f\u00e7\u0131m\u0131z \u0259lav\u0259 etdi ki, \u00f6t\u0259n ilin oktyabr\u0131nda biz Qafqaz\u0131n v\u0259 M\u0259rk\u0259zi Asiya regionunun 230 meqavat g\u00fcc\u00fcnd\u0259 \u0259n b\u00f6y\u00fck g\u00fcn\u0259\u015f elektrik stansiyas\u0131n\u0131n a\u00e7\u0131l\u0131\u015f\u0131n\u0131 etdik. Az\u0259rbaycan dig\u0259r perspektivli layih\u0259r \u00fcz\u0259rind\u0259 d\u0259 i\u015fl\u0259yir. COP29 biz\u0259 onu n\u00fcmayi\u015f etdirm\u0259y\u0259 imkan ver\u0259c\u0259kdir ki, m\u00fcst\u0259qil ya\u015fayan v\u0259 he\u00e7 k\u0259sd\u0259n as\u0131l\u0131 olmayan bir \u00f6lk\u0259 u\u011furla inki\u015faf ed\u0259 bil\u0259r.<\/p>\n<p>Bir m\u0259s\u0259l\u0259ni d\u0259 vur\u011fulamaq yerin\u0259 d\u00fc\u015f\u0259r ki, Az\u0259rbaycan \u0259razi v\u0259 \u0259hali bax\u0131m\u0131ndan b\u00f6y\u00fck olmasa da, art\u0131q d\u00fcnya geosiyasi m\u0259kan\u0131nda &#8220;a\u011f\u0131r \u00e7\u0259kilil\u0259r&#8221;in q\u0131sqancl\u0131qla davrand\u0131qlar\u0131 &#8220;orta g\u00fcc&#8221; liqas\u0131na y\u00fcks\u0259lib. \u00d6lk\u0259miz qlobal probleml\u0259rin h\u0259lli prosesind\u0259 f\u0259al i\u015ftirak etm\u0259kl\u0259 yana\u015f\u0131, bir \u00e7ox vacib m\u0259s\u0259l\u0259l\u0259rin m\u00fczakir\u0259sini d\u0259 t\u0259\u015fkil edir. XI Qlobal Bak\u0131 Forumunda t\u0259kc\u0259 m\u00fcharib\u0259 v\u0259 s\u00fclh m\u00f6vzular\u0131 yox, eyni zamanda iqlim d\u0259yi\u015fiklikl\u0259ri, sa\u011flaml\u0131q, pandemiya, yeni texnologiyalar v\u0259 s. m\u0259s\u0259l\u0259l\u0259r d\u0259 m\u00fczakir\u0259 olunur. &#8220;Par\u00e7alanm\u0131\u015f D\u00fcnyan\u0131n B\u0259rpas\u0131&#8221; \u015f\u00fcarl\u0131 forum \u0259slind\u0259 inki\u015faf etmi\u015f d\u00f6vl\u0259tl\u0259rl\u0259 inki\u015faf etm\u0259kd\u0259 olan \u00f6lk\u0259l\u0259r aras\u0131ndak\u0131 m\u00fcnasib\u0259tl\u0259rd\u0259ki ikili standartlara, saxtakarl\u0131\u011fa, yalanlara, g\u00fccl\u00fcl\u0259rin g\u00fcc hesab\u0131na z\u0259ifl\u0259ri qar\u0259t v\u0259 istismar etm\u0259sin\u0259 qar\u015f\u0131 y\u00f6n\u0259lmi\u015f m\u00fcqavim\u0259tin praktiki formata \u00e7evrilm\u0259si istiqam\u0259tind\u0259 \u0259h\u0259miyy\u0259tli add\u0131md\u0131r.<\/p>\n<p>Qlobal probleml\u0259rin u\u011furlu h\u0259lli is\u0259 \u015f\u00fcbh\u0259siz ki, b\u00f6y\u00fck \u00f6l\u00e7\u00fcd\u0259 d\u00fcnya \u00f6lk\u0259l\u0259ri aras\u0131nda s\u0259mimi v\u0259 s\u0259m\u0259r\u0259li \u0259m\u0259kda\u015fl\u0131\u011f\u0131n, birg\u0259 qar\u015f\u0131l\u0131ql\u0131 f\u0259aliyy\u0259tin t\u0259\u015fkilind\u0259n as\u0131l\u0131d\u0131r. Az\u0259rbaycan Respublikas\u0131 da ard\u0131c\u0131l s\u00fclh t\u0259klifl\u0259rini daim d\u0259st\u0259kl\u0259yir v\u0259 bu proses\u0259 \u00f6z t\u00f6hf\u0259sini verm\u0259k \u00fc\u00e7\u00fcn m\u0259qs\u0259dy\u00f6nl\u00fc f\u0259aliyy\u0259t g\u00f6st\u0259rir. 70-d\u0259n \u00e7ox \u00f6lk\u0259d\u0259n 350-d\u0259n art\u0131q qona\u011f\u0131n, el\u0259c\u0259 d\u0259 n\u00fcfuzlu beyn\u0259lxalq t\u0259\u015fkilatlar\u0131n n\u00fcmay\u0259nd\u0259l\u0259rinin qat\u0131ld\u0131\u011f\u0131 XI Qlobal Bak\u0131 Forumuna m\u0259hz \u00f6lk\u0259mizin ev sahibliyi etm\u0259si Az\u0259rbaycan Respublikas\u0131n\u0131n xo\u015f m\u0259ram\u0131n\u0131n v\u0259 qlobal probleml\u0259rin h\u0259lli istiqam\u0259tind\u0259ki f\u0259all\u0131\u011f\u0131n\u0131n bariz g\u00f6st\u0259ricisidir. D\u00f6vl\u0259timizin v\u0259 xalq\u0131m\u0131z\u0131n ist\u0259yi sad\u0259 v\u0259 s\u0259mimidir: d\u00fcnyada s\u00fclh v\u0259 \u0259min-amanl\u0131q olsun, b\u00fct\u00fcn s\u0259yl\u0259r qlobal probleml\u0259rin h\u0259llin\u0259 y\u00f6n\u0259ldilsin.<\/p>\n<p><img src=\"https:\/\/ikisahil.az\/upload\/\/2024\/03\/18\/\/-41a6fd31171074532435505390210808820.jpg\" alt=\"\" \/><\/p>\n<p><strong>Arif\u0259 Abdullayeva,<\/strong><\/p>\n<p><em>YAP Sumqay\u0131t \u015f\u0259h\u0259r t\u0259\u015fkilat\u0131n\u0131n m\u0259sl\u0259h\u0259t\u00e7isi<\/em><\/p>\n","protected":false},"excerpt":{"rendered":"<p>M\u00fcasir d\u00fcnyada \u00f6z\u00fcn\u0259 layiqli yer tutmu\u015f Az\u0259rbaycan Respublikas\u0131 s\u00fclh, t\u0259hl\u00fck\u0259sizlik, iqtisadi \u0259m\u0259kda\u015fl\u0131q, ekologiyan\u0131n qorunmas\u0131 v\u0259 s. sah\u0259l\u0259rd\u0259 d\u0259 f\u0259al t\u0259\u015f\u0259bb\u00fcsl\u0259rl\u0259 \u00e7\u0131x\u0131\u015f etm\u0259kd\u0259dir. \u00d6lk\u0259miz eyni zamanda b\u00f6y\u00fck beyn\u0259lxalq t\u0259dbirl\u0259r\u0259 u\u011furla ev sahibliyi edir. Art\u0131q biz bu sah\u0259d\u0259 kifay\u0259t q\u0259d\u0259r t\u0259cr\u00fcb\u0259 d\u0259 toplam\u0131\u015f\u0131q. Bak\u0131n\u0131n t\u0259\u015fkil etdiyi t\u0259dbirl\u0259rd\u0259 toplan\u0131lan t\u0259cr\u00fcb\u0259 dig\u0259r \u00f6lk\u0259l\u0259r \u00fc\u00e7\u00fcn d\u0259 yax\u015f\u0131 bir n\u00fcmun\u0259dir. \u00d6lk\u0259mizin \u00f6z imkanlar\u0131ndan istifad\u0259 ed\u0259r\u0259k beyn\u0259lxalq miqyasda t\u0259hl\u00fck\u0259sizliy\u0259 t\u0259hdid hallar\u0131n\u0131n aradan qald\u0131r\u0131lmas\u0131na, ikili standartlara qar\u015f\u0131 m\u00fcbariz\u0259y\u0259, \u00f6lk\u0259l\u0259r, xalqlar v\u0259 mill\u0259tl\u0259r aras\u0131nda \u0259m\u0259kda\u015fl\u0131q \u0259laq\u0259l\u0259rinin m\u00f6hk\u0259ml\u0259ndirilm\u0259sin\u0259 ard\u0131c\u0131l t\u00f6hf\u0259l\u0259r verm\u0259si d\u00fcnya d\u00f6vl\u0259tl\u0259ri t\u0259r\u0259find\u0259n \u00e7ox y\u00fcks\u0259k qiym\u0259tl\u0259ndirilir. Az\u0259rbaycan Respublikas\u0131n\u0131n Prezidenti&hellip;<\/p>\n","protected":false},"author":2,"featured_media":702817,"comment_status":"closed","ping_status":"closed","sticky":false,"template":"","format":"standard","meta":{"om_disable_all_campaigns":false,"_monsterinsights_skip_tracking":false,"_monsterinsights_sitenote_active":false,"_monsterinsights_sitenote_note":"","_monsterinsights_sitenote_category":0},"categories":[19],"tags":[],"aioseo_notices":[],"gutentor_comment":0,"rttpg_featured_image_url":{"full":["https:\/\/arantv.az\/wp-content\/uploads\/2024\/03\/49c0fa7f171074313445967375911098448.jpg",975,540,false],"landscape":["https:\/\/arantv.az\/wp-content\/uploads\/2024\/03\/49c0fa7f171074313445967375911098448.jpg",975,540,false],"portraits":["https:\/\/arantv.az\/wp-content\/uploads\/2024\/03\/49c0fa7f171074313445967375911098448.jpg",975,540,false],"thumbnail":["https:\/\/arantv.az\/wp-content\/uploads\/2024\/03\/49c0fa7f171074313445967375911098448-500x280.jpg",500,280,true],"medium":["https:\/\/arantv.az\/wp-content\/uploads\/2024\/03\/49c0fa7f171074313445967375911098448-660x365.jpg",660,365,true],"large":["https:\/\/arantv.az\/wp-content\/uploads\/2024\/03\/49c0fa7f171074313445967375911098448-840x465.jpg",640,354,true],"1536x1536":["https:\/\/arantv.az\/wp-content\/uploads\/2024\/03\/49c0fa7f171074313445967375911098448.jpg",975,540,false],"2048x2048":["https:\/\/arantv.az\/wp-content\/uploads\/2024\/03\/49c0fa7f171074313445967375911098448.jpg",975,540,false],"post-thumbnail":["https:\/\/arantv.az\/wp-content\/uploads\/2024\/03\/49c0fa7f171074313445967375911098448-240x172.jpg",240,172,true],"advps-thumb-one":["https:\/\/arantv.az\/wp-content\/uploads\/2024\/03\/49c0fa7f171074313445967375911098448.jpg",975,540,false]},"rttpg_author":{"display_name":"V\u00fcsal Rafiqo\u011flu","author_link":"https:\/\/arantv.az\/?author=2"},"rttpg_comment":0,"rttpg_category":"<a href=\"https:\/\/arantv.az\/?cat=19\" rel=\"category\">G\u00fcnd\u0259m<\/a>","rttpg_excerpt":"M\u00fcasir d\u00fcnyada \u00f6z\u00fcn\u0259 layiqli yer tutmu\u015f Az\u0259rbaycan Respublikas\u0131 s\u00fclh, t\u0259hl\u00fck\u0259sizlik, iqtisadi \u0259m\u0259kda\u015fl\u0131q, ekologiyan\u0131n qorunmas\u0131 v\u0259 s. sah\u0259l\u0259rd\u0259 d\u0259 f\u0259al t\u0259\u015f\u0259bb\u00fcsl\u0259rl\u0259 \u00e7\u0131x\u0131\u015f etm\u0259kd\u0259dir. \u00d6lk\u0259miz eyni zamanda b\u00f6y\u00fck beyn\u0259lxalq t\u0259dbirl\u0259r\u0259 u\u011furla ev sahibliyi edir. Art\u0131q biz bu sah\u0259d\u0259 kifay\u0259t q\u0259d\u0259r t\u0259cr\u00fcb\u0259 d\u0259 toplam\u0131\u015f\u0131q. Bak\u0131n\u0131n t\u0259\u015fkil etdiyi t\u0259dbirl\u0259rd\u0259 toplan\u0131lan t\u0259cr\u00fcb\u0259 dig\u0259r \u00f6lk\u0259l\u0259r \u00fc\u00e7\u00fcn d\u0259 yax\u015f\u0131 bir n\u00fcmun\u0259dir. \u00d6lk\u0259mizin&hellip;","_links":{"self":[{"href":"https:\/\/arantv.az\/index.php?rest_route=\/wp\/v2\/posts\/702816"}],"collection":[{"href":"https:\/\/arantv.az\/index.php?rest_route=\/wp\/v2\/posts"}],"about":[{"href":"https:\/\/arantv.az\/index.php?rest_route=\/wp\/v2\/types\/post"}],"author":[{"embeddable":true,"href":"https:\/\/arantv.az\/index.php?rest_route=\/wp\/v2\/users\/2"}],"replies":[{"embeddable":true,"href":"https:\/\/arantv.az\/index.php?rest_route=%2Fwp%2Fv2%2Fcomments&post=702816"}],"version-history":[{"count":0,"href":"https:\/\/arantv.az\/index.php?rest_route=\/wp\/v2\/posts\/702816\/revisions"}],"wp:featuredmedia":[{"embeddable":true,"href":"https:\/\/arantv.az\/index.php?rest_route=\/wp\/v2\/media\/702817"}],"wp:attachment":[{"href":"https:\/\/arantv.az\/index.php?rest_route=%2Fwp%2Fv2%2Fmedia&parent=702816"}],"wp:term":[{"taxonomy":"category","embeddable":true,"href":"https:\/\/arantv.az\/index.php?rest_route=%2Fwp%2Fv2%2Fcategories&post=702816"},{"taxonomy":"post_tag","embeddable":true,"href":"https:\/\/arantv.az\/index.php?rest_route=%2Fwp%2Fv2%2Ftags&post=702816"}],"curies":[{"name":"wp","href":"https:\/\/api.w.org\/{rel}","templated":true}]}}