{"id":702834,"date":"2024-03-18T11:49:49","date_gmt":"2024-03-18T07:49:49","guid":{"rendered":"https:\/\/arantv.az\/?p=702834"},"modified":"2024-03-18T11:49:49","modified_gmt":"2024-03-18T07:49:49","slug":"xocalida-kutl%c9%99vi-m%c9%99zarliqda-qaliqlari-askar-edil%c9%99nl%c9%99rl%c9%99-bagli-brifinq-kecirilib-video","status":"publish","type":"post","link":"https:\/\/arantv.az\/?p=702834","title":{"rendered":"Xocal\u0131da k\u00fctl\u0259vi m\u0259zarl\u0131qda qal\u0131qlar\u0131 a\u015fkar edil\u0259nl\u0259rl\u0259 ba\u011fl\u0131 brifinq ke\u00e7irilib &#8211; V\u0130DEO"},"content":{"rendered":"<p>\u201cXocal\u0131da k\u00fctl\u0259vi m\u0259zarl\u0131qda a\u015fkar edilmi\u015f insan qal\u0131qlar\u0131n\u0131n say\u0131 18-\u0259 \u00e7at\u0131b\u201d.<\/p>\n<p><strong>ARANTV.AZ<\/strong>-\u0131n m\u0259lumat\u0131na g\u00f6r\u0259, bunu Ba\u015f Prokurorlu\u011fun Kriminalistika v\u0259 \u0130nformasiya Texnologiyalar\u0131 \u0130dar\u0259sinin Kriminalistika \u015e\u00f6b\u0259sinin r\u0259isi Orxan Rzayev Xocal\u0131da a\u015fkar edilmi\u015f k\u00fctl\u0259vi m\u0259zarl\u0131\u011fa dair ke\u00e7iril\u0259n brifinqd\u0259 bildirib.<\/p>\n<div class=\"AdviadNativeVideo\"><\/div>\n<p>Onun s\u00f6zl\u0259rin\u0259 g\u00f6r\u0259, a\u015fkar edilmi\u015f meyitl\u0259r\u00a025 ild\u0259n \u00e7ox m\u00fcdd\u0259t\u0259 aiddir:<\/p>\n<p>\u201cM\u0259hk\u0259m\u0259-genetik ekspertizas\u0131n\u0131n haz\u0131rk\u0131 m\u0259rh\u0259l\u0259sind\u0259 doqquz n\u0259f\u0259rin \u015f\u0259xsiyy\u0259ti m\u00fc\u0259yy\u0259n edilib:<\/p>\n<p>A\u011fa\u0259li Naib o\u011flu \u018fliyev\u00a0&#8211; 01.06.1933-c\u00fc il<br \/>\nS\u00fcr\u0259yya Behbud q\u0131z\u0131 \u018fliyeva\u00a0\u2013 01.06.1933-c\u00fc il<br \/>\nAkif Seydulla o\u011flu Mahmudov\u00a0\u2013 01.06.1962-ci il<br \/>\nX\u0259z\u0259r S\u0259yavu\u015f o\u011flu S\u0259limov\u00a0\u2013 01.09.1974-c\u00fc il<br \/>\nTamilla A\u011famirz\u0259 q\u0131z\u0131 S\u0259limova\u00a0\u2013 01.06.1935<br \/>\n\u018fli M\u00fcs\u00fcl o\u011flu Cavadov\u00a0&#8211; 15.06.1954-c\u00fc il<br \/>\n\u0130smay\u0131l B\u0259hman o\u011flu \u0130smay\u0131lov\u00a0\u2013 01.08.1955-ci il<br \/>\nB\u0259sir\u0259 V\u0259li q\u0131z\u0131 M\u0259h\u0259rr\u0259mova\u00a0&#8211; 01.06.1954-c\u00fc il<br \/>\n\u015eiraslan M\u0259mi\u015f o\u011flu\u00a0N\u0259c\u0259fov\u201d.<br \/>\nQeyd olunub ki, istintaq materiallar\u0131na \u0259sas\u0259n qeyd edil\u0259n \u015f\u0259xsl\u0259rin ham\u0131s\u0131 26.02.1992-ci il tarixd\u0259 Xocal\u0131 rayonu \u0259razisind\u0259 itkin d\u00fc\u015f\u00fcb.<\/p>\n<div><iframe loading=\"lazy\" title=\"YouTube video player\" src=\"https:\/\/www.youtube.com\/embed\/Pf7CIMT32nM?si=vNdRWI-OhHONJFi0\" width=\"560\" height=\"315\" frameborder=\"0\" allowfullscreen=\"allowfullscreen\" data-mce-fragment=\"1\"><\/iframe><\/div>\n","protected":false},"excerpt":{"rendered":"<p>\u201cXocal\u0131da k\u00fctl\u0259vi m\u0259zarl\u0131qda a\u015fkar edilmi\u015f insan qal\u0131qlar\u0131n\u0131n say\u0131 18-\u0259 \u00e7at\u0131b\u201d. ARANTV.AZ-\u0131n m\u0259lumat\u0131na g\u00f6r\u0259, bunu Ba\u015f Prokurorlu\u011fun Kriminalistika v\u0259 \u0130nformasiya Texnologiyalar\u0131 \u0130dar\u0259sinin Kriminalistika \u015e\u00f6b\u0259sinin r\u0259isi Orxan Rzayev Xocal\u0131da a\u015fkar edilmi\u015f k\u00fctl\u0259vi m\u0259zarl\u0131\u011fa dair ke\u00e7iril\u0259n brifinqd\u0259 bildirib. Onun s\u00f6zl\u0259rin\u0259 g\u00f6r\u0259, a\u015fkar edilmi\u015f meyitl\u0259r\u00a025 ild\u0259n \u00e7ox m\u00fcdd\u0259t\u0259 aiddir: \u201cM\u0259hk\u0259m\u0259-genetik ekspertizas\u0131n\u0131n haz\u0131rk\u0131 m\u0259rh\u0259l\u0259sind\u0259 doqquz n\u0259f\u0259rin \u015f\u0259xsiyy\u0259ti m\u00fc\u0259yy\u0259n edilib: A\u011fa\u0259li Naib o\u011flu \u018fliyev\u00a0&#8211; 01.06.1933-c\u00fc il S\u00fcr\u0259yya Behbud q\u0131z\u0131 \u018fliyeva\u00a0\u2013 01.06.1933-c\u00fc il Akif Seydulla o\u011flu Mahmudov\u00a0\u2013 01.06.1962-ci il X\u0259z\u0259r S\u0259yavu\u015f o\u011flu S\u0259limov\u00a0\u2013 01.09.1974-c\u00fc il Tamilla A\u011famirz\u0259 q\u0131z\u0131 S\u0259limova\u00a0\u2013 01.06.1935 \u018fli M\u00fcs\u00fcl o\u011flu Cavadov\u00a0&#8211; 15.06.1954-c\u00fc il \u0130smay\u0131l&hellip;<\/p>\n","protected":false},"author":2,"featured_media":702835,"comment_status":"closed","ping_status":"closed","sticky":false,"template":"","format":"standard","meta":{"om_disable_all_campaigns":false,"_monsterinsights_skip_tracking":false,"_monsterinsights_sitenote_active":false,"_monsterinsights_sitenote_note":"","_monsterinsights_sitenote_category":0},"categories":[1],"tags":[],"aioseo_notices":[],"gutentor_comment":0,"rttpg_featured_image_url":{"full":["https:\/\/arantv.az\/wp-content\/uploads\/2024\/03\/44862e27-177f-304c-aa23-6768f0846b77-2.jpg",620,413,false],"landscape":["https:\/\/arantv.az\/wp-content\/uploads\/2024\/03\/44862e27-177f-304c-aa23-6768f0846b77-2.jpg",620,413,false],"portraits":["https:\/\/arantv.az\/wp-content\/uploads\/2024\/03\/44862e27-177f-304c-aa23-6768f0846b77-2.jpg",620,413,false],"thumbnail":["https:\/\/arantv.az\/wp-content\/uploads\/2024\/03\/44862e27-177f-304c-aa23-6768f0846b77-2-500x280.jpg",500,280,true],"medium":["https:\/\/arantv.az\/wp-content\/uploads\/2024\/03\/44862e27-177f-304c-aa23-6768f0846b77-2-548x365.jpg",548,365,true],"large":["https:\/\/arantv.az\/wp-content\/uploads\/2024\/03\/44862e27-177f-304c-aa23-6768f0846b77-2.jpg",620,413,false],"1536x1536":["https:\/\/arantv.az\/wp-content\/uploads\/2024\/03\/44862e27-177f-304c-aa23-6768f0846b77-2.jpg",620,413,false],"2048x2048":["https:\/\/arantv.az\/wp-content\/uploads\/2024\/03\/44862e27-177f-304c-aa23-6768f0846b77-2.jpg",620,413,false],"post-thumbnail":["https:\/\/arantv.az\/wp-content\/uploads\/2024\/03\/44862e27-177f-304c-aa23-6768f0846b77-2-240x172.jpg",240,172,true],"advps-thumb-one":["https:\/\/arantv.az\/wp-content\/uploads\/2024\/03\/44862e27-177f-304c-aa23-6768f0846b77-2.jpg",620,413,false]},"rttpg_author":{"display_name":"V\u00fcsal Rafiqo\u011flu","author_link":"https:\/\/arantv.az\/?author=2"},"rttpg_comment":0,"rttpg_category":"<a href=\"https:\/\/arantv.az\/?cat=1\" rel=\"category\">C\u0259miyy\u0259t<\/a>","rttpg_excerpt":"\u201cXocal\u0131da k\u00fctl\u0259vi m\u0259zarl\u0131qda a\u015fkar edilmi\u015f insan qal\u0131qlar\u0131n\u0131n say\u0131 18-\u0259 \u00e7at\u0131b\u201d. ARANTV.AZ-\u0131n m\u0259lumat\u0131na g\u00f6r\u0259, bunu Ba\u015f Prokurorlu\u011fun Kriminalistika v\u0259 \u0130nformasiya Texnologiyalar\u0131 \u0130dar\u0259sinin Kriminalistika \u015e\u00f6b\u0259sinin r\u0259isi Orxan Rzayev Xocal\u0131da a\u015fkar edilmi\u015f k\u00fctl\u0259vi m\u0259zarl\u0131\u011fa dair ke\u00e7iril\u0259n brifinqd\u0259 bildirib. Onun s\u00f6zl\u0259rin\u0259 g\u00f6r\u0259, a\u015fkar edilmi\u015f meyitl\u0259r\u00a025 ild\u0259n \u00e7ox m\u00fcdd\u0259t\u0259 aiddir: \u201cM\u0259hk\u0259m\u0259-genetik ekspertizas\u0131n\u0131n haz\u0131rk\u0131 m\u0259rh\u0259l\u0259sind\u0259 doqquz n\u0259f\u0259rin \u015f\u0259xsiyy\u0259ti m\u00fc\u0259yy\u0259n edilib: A\u011fa\u0259li&hellip;","_links":{"self":[{"href":"https:\/\/arantv.az\/index.php?rest_route=\/wp\/v2\/posts\/702834"}],"collection":[{"href":"https:\/\/arantv.az\/index.php?rest_route=\/wp\/v2\/posts"}],"about":[{"href":"https:\/\/arantv.az\/index.php?rest_route=\/wp\/v2\/types\/post"}],"author":[{"embeddable":true,"href":"https:\/\/arantv.az\/index.php?rest_route=\/wp\/v2\/users\/2"}],"replies":[{"embeddable":true,"href":"https:\/\/arantv.az\/index.php?rest_route=%2Fwp%2Fv2%2Fcomments&post=702834"}],"version-history":[{"count":0,"href":"https:\/\/arantv.az\/index.php?rest_route=\/wp\/v2\/posts\/702834\/revisions"}],"wp:featuredmedia":[{"embeddable":true,"href":"https:\/\/arantv.az\/index.php?rest_route=\/wp\/v2\/media\/702835"}],"wp:attachment":[{"href":"https:\/\/arantv.az\/index.php?rest_route=%2Fwp%2Fv2%2Fmedia&parent=702834"}],"wp:term":[{"taxonomy":"category","embeddable":true,"href":"https:\/\/arantv.az\/index.php?rest_route=%2Fwp%2Fv2%2Fcategories&post=702834"},{"taxonomy":"post_tag","embeddable":true,"href":"https:\/\/arantv.az\/index.php?rest_route=%2Fwp%2Fv2%2Ftags&post=702834"}],"curies":[{"name":"wp","href":"https:\/\/api.w.org\/{rel}","templated":true}]}}