{"id":702837,"date":"2024-03-18T11:50:54","date_gmt":"2024-03-18T07:50:54","guid":{"rendered":"https:\/\/arantv.az\/?p=702837"},"modified":"2024-03-18T11:50:54","modified_gmt":"2024-03-18T07:50:54","slug":"baki-metrosu-gucl%c9%99ndirilmis-is-rejimin%c9%99-kec%c9%99c%c9%99k","status":"publish","type":"post","link":"https:\/\/arantv.az\/?p=702837","title":{"rendered":"Bak\u0131 metrosu g\u00fccl\u0259ndirilmi\u015f i\u015f rejimin\u0259 ke\u00e7\u0259c\u0259k"},"content":{"rendered":"<p>Az\u0259rbaycanda Novruz bayram\u0131n\u0131n qeyd edil\u0259c\u0259yi 20-21 martda \u201cBak\u0131 Metropoliteni\u201d QSC-nin i\u015f rejimind\u0259 d\u0259yi\u015fiklikl\u0259r edil\u0259c\u0259k.<\/p>\n<p>Bu bar\u0259d\u0259 s\u0259hmdar c\u0259miyy\u0259t m\u0259lumat yay\u0131b.<\/p>\n<div class=\"AdviadNativeVideo\"><\/div>\n<p>M\u0259lumata g\u00f6r\u0259, s\u0259rni\u015fin m\u0259mnunlu\u011fu v\u0259 metro istifad\u0259\u00e7il\u0259rinin rahat h\u0259r\u0259k\u0259ti n\u0259z\u0259r\u0259 al\u0131naraq, bayram g\u00fcnl\u0259rind\u0259 \u015f\u0259h\u0259r m\u0259rk\u0259zin\u0259, bayram g\u0259zintisi v\u0259 m\u00fcxt\u0259lif t\u0259dbirl\u0259rin ke\u00e7iril\u0259c\u0259yi m\u0259kanlara yax\u0131n stansiyalarda n\u00f6vb\u0259t\u00e7ilik c\u0259dv\u0259li t\u0259rtib olunacaq.<\/p>\n<p>Qeyd edil\u0259n iki g\u00fcn \u0259rzind\u0259 saat 07:00-dan 21:00-d\u0259k \u201cH\u0259zi Aslanov\u201d &#8211; \u201c28 May\u201d sah\u0259sind\u0259 qatarlar\u0131n h\u0259r\u0259k\u0259ti 2,5 d\u0259qiq\u0259lik intervalla t\u0259nziml\u0259n\u0259c\u0259k. Mart\u0131n 22-d\u0259n 26-d\u0259k h\u0259min sah\u0259d\u0259 interval 3 d\u0259qiq\u0259 t\u0259\u015fkil ed\u0259c\u0259k.<\/p>\n<p>Ya\u015f\u0131l v\u0259 q\u0131rm\u0131z\u0131 x\u0259tl\u0259rin k\u0259si\u015f\u0259r\u0259k birl\u0259\u015fdiyi \u201c28 May\u201d stansiyas\u0131ndan \u201c\u0130\u00e7\u0259ri\u015f\u0259h\u0259r\u201d v\u0259 \u201cD\u0259rn\u0259g\u00fcl\u201d istiqam\u0259tl\u0259rind\u0259 qatarlar\u0131n h\u0259r\u0259k\u0259t interval\u0131 iki d\u0259f\u0259 art\u0131q olacaq.<\/p>\n<p>\u201cBakmil\u201d istiqam\u0259tind\u0259 h\u0259r\u0259k\u0259t ed\u0259n s\u0259rni\u015finl\u0259r mart\u0131n 20-21-d\u0259 \u015f\u0259nb\u0259 g\u00fcn\u00fcn\u00fcn, mart\u0131n 22-26-da is\u0259 bazar g\u00fcn\u00fcn\u00fcn h\u0259r\u0259k\u0259t c\u0259dv\u0259ll\u0259rind\u0259n istifad\u0259 ed\u0259 bil\u0259rl\u0259r.<\/p>\n<p>Bununla yana\u015f\u0131, qeyri-i\u015f g\u00fcnl\u0259rind\u0259 ehtiyat qatarlar, z\u0259rur\u0259t yaranaca\u011f\u0131 t\u0259qdird\u0259 x\u0259tt\u0259 burax\u0131lmaq \u00fc\u00e7\u00fcn haz\u0131r v\u0259ziyy\u0259td\u0259 saxlan\u0131lacaq.<\/p>\n","protected":false},"excerpt":{"rendered":"<p>Az\u0259rbaycanda Novruz bayram\u0131n\u0131n qeyd edil\u0259c\u0259yi 20-21 martda \u201cBak\u0131 Metropoliteni\u201d QSC-nin i\u015f rejimind\u0259 d\u0259yi\u015fiklikl\u0259r edil\u0259c\u0259k. Bu bar\u0259d\u0259 s\u0259hmdar c\u0259miyy\u0259t m\u0259lumat yay\u0131b. M\u0259lumata g\u00f6r\u0259, s\u0259rni\u015fin m\u0259mnunlu\u011fu v\u0259 metro istifad\u0259\u00e7il\u0259rinin rahat h\u0259r\u0259k\u0259ti n\u0259z\u0259r\u0259 al\u0131naraq, bayram g\u00fcnl\u0259rind\u0259 \u015f\u0259h\u0259r m\u0259rk\u0259zin\u0259, bayram g\u0259zintisi v\u0259 m\u00fcxt\u0259lif t\u0259dbirl\u0259rin ke\u00e7iril\u0259c\u0259yi m\u0259kanlara yax\u0131n stansiyalarda n\u00f6vb\u0259t\u00e7ilik c\u0259dv\u0259li t\u0259rtib olunacaq. Qeyd edil\u0259n iki g\u00fcn \u0259rzind\u0259 saat 07:00-dan 21:00-d\u0259k \u201cH\u0259zi Aslanov\u201d &#8211; \u201c28 May\u201d sah\u0259sind\u0259 qatarlar\u0131n h\u0259r\u0259k\u0259ti 2,5 d\u0259qiq\u0259lik intervalla t\u0259nziml\u0259n\u0259c\u0259k. Mart\u0131n 22-d\u0259n 26-d\u0259k h\u0259min sah\u0259d\u0259 interval 3 d\u0259qiq\u0259 t\u0259\u015fkil ed\u0259c\u0259k. Ya\u015f\u0131l v\u0259 q\u0131rm\u0131z\u0131 x\u0259tl\u0259rin k\u0259si\u015f\u0259r\u0259k birl\u0259\u015fdiyi \u201c28 May\u201d stansiyas\u0131ndan \u201c\u0130\u00e7\u0259ri\u015f\u0259h\u0259r\u201d v\u0259 \u201cD\u0259rn\u0259g\u00fcl\u201d&hellip;<\/p>\n","protected":false},"author":2,"featured_media":662577,"comment_status":"closed","ping_status":"closed","sticky":false,"template":"","format":"standard","meta":{"om_disable_all_campaigns":false,"_monsterinsights_skip_tracking":false,"_monsterinsights_sitenote_active":false,"_monsterinsights_sitenote_note":"","_monsterinsights_sitenote_category":0},"categories":[1],"tags":[],"aioseo_notices":[],"gutentor_comment":0,"rttpg_featured_image_url":{"full":["https:\/\/arantv.az\/wp-content\/uploads\/2023\/11\/metro.jpg",1000,541,false],"landscape":["https:\/\/arantv.az\/wp-content\/uploads\/2023\/11\/metro.jpg",1000,541,false],"portraits":["https:\/\/arantv.az\/wp-content\/uploads\/2023\/11\/metro.jpg",1000,541,false],"thumbnail":["https:\/\/arantv.az\/wp-content\/uploads\/2023\/11\/metro-500x280.jpg",500,280,true],"medium":["https:\/\/arantv.az\/wp-content\/uploads\/2023\/11\/metro-660x357.jpg",660,357,true],"large":["https:\/\/arantv.az\/wp-content\/uploads\/2023\/11\/metro-840x454.jpg",640,346,true],"1536x1536":["https:\/\/arantv.az\/wp-content\/uploads\/2023\/11\/metro.jpg",1000,541,false],"2048x2048":["https:\/\/arantv.az\/wp-content\/uploads\/2023\/11\/metro.jpg",1000,541,false],"post-thumbnail":["https:\/\/arantv.az\/wp-content\/uploads\/2023\/11\/metro-240x172.jpg",240,172,true],"advps-thumb-one":["https:\/\/arantv.az\/wp-content\/uploads\/2023\/11\/metro.jpg",1000,541,false]},"rttpg_author":{"display_name":"V\u00fcsal Rafiqo\u011flu","author_link":"https:\/\/arantv.az\/?author=2"},"rttpg_comment":0,"rttpg_category":"<a href=\"https:\/\/arantv.az\/?cat=1\" rel=\"category\">C\u0259miyy\u0259t<\/a>","rttpg_excerpt":"Az\u0259rbaycanda Novruz bayram\u0131n\u0131n qeyd edil\u0259c\u0259yi 20-21 martda \u201cBak\u0131 Metropoliteni\u201d QSC-nin i\u015f rejimind\u0259 d\u0259yi\u015fiklikl\u0259r edil\u0259c\u0259k. Bu bar\u0259d\u0259 s\u0259hmdar c\u0259miyy\u0259t m\u0259lumat yay\u0131b. M\u0259lumata g\u00f6r\u0259, s\u0259rni\u015fin m\u0259mnunlu\u011fu v\u0259 metro istifad\u0259\u00e7il\u0259rinin rahat h\u0259r\u0259k\u0259ti n\u0259z\u0259r\u0259 al\u0131naraq, bayram g\u00fcnl\u0259rind\u0259 \u015f\u0259h\u0259r m\u0259rk\u0259zin\u0259, bayram g\u0259zintisi v\u0259 m\u00fcxt\u0259lif t\u0259dbirl\u0259rin ke\u00e7iril\u0259c\u0259yi m\u0259kanlara yax\u0131n stansiyalarda n\u00f6vb\u0259t\u00e7ilik c\u0259dv\u0259li t\u0259rtib olunacaq. Qeyd edil\u0259n iki g\u00fcn \u0259rzind\u0259 saat 07:00-dan&hellip;","_links":{"self":[{"href":"https:\/\/arantv.az\/index.php?rest_route=\/wp\/v2\/posts\/702837"}],"collection":[{"href":"https:\/\/arantv.az\/index.php?rest_route=\/wp\/v2\/posts"}],"about":[{"href":"https:\/\/arantv.az\/index.php?rest_route=\/wp\/v2\/types\/post"}],"author":[{"embeddable":true,"href":"https:\/\/arantv.az\/index.php?rest_route=\/wp\/v2\/users\/2"}],"replies":[{"embeddable":true,"href":"https:\/\/arantv.az\/index.php?rest_route=%2Fwp%2Fv2%2Fcomments&post=702837"}],"version-history":[{"count":0,"href":"https:\/\/arantv.az\/index.php?rest_route=\/wp\/v2\/posts\/702837\/revisions"}],"wp:featuredmedia":[{"embeddable":true,"href":"https:\/\/arantv.az\/index.php?rest_route=\/wp\/v2\/media\/662577"}],"wp:attachment":[{"href":"https:\/\/arantv.az\/index.php?rest_route=%2Fwp%2Fv2%2Fmedia&parent=702837"}],"wp:term":[{"taxonomy":"category","embeddable":true,"href":"https:\/\/arantv.az\/index.php?rest_route=%2Fwp%2Fv2%2Fcategories&post=702837"},{"taxonomy":"post_tag","embeddable":true,"href":"https:\/\/arantv.az\/index.php?rest_route=%2Fwp%2Fv2%2Ftags&post=702837"}],"curies":[{"name":"wp","href":"https:\/\/api.w.org\/{rel}","templated":true}]}}