{"id":702842,"date":"2024-03-18T11:52:44","date_gmt":"2024-03-18T07:52:44","guid":{"rendered":"https:\/\/arantv.az\/?p=702842"},"modified":"2024-03-18T11:52:44","modified_gmt":"2024-03-18T07:52:44","slug":"hikm%c9%99t-haciyev-pakistanin-cind%c9%99ki-s%c9%99firi-il%c9%99-gorusub-foto","status":"publish","type":"post","link":"https:\/\/arantv.az\/?p=702842","title":{"rendered":"Hikm\u0259t Hac\u0131yev Pakistan\u0131n \u00c7ind\u0259ki s\u0259firi il\u0259 g\u00f6r\u00fc\u015f\u00fcb &#8211; FOTO"},"content":{"rendered":"<p>Az\u0259rbaycan Prezidentinin k\u00f6m\u0259k\u00e7isi &#8211; Prezident Administrasiyas\u0131n\u0131n Xarici siyas\u0259t m\u0259s\u0259l\u0259l\u0259ri \u015f\u00f6b\u0259sinin m\u00fcdiri Hikm\u0259t Hac\u0131yev Pakistan\u0131n \u00c7ind\u0259ki s\u0259firi X\u0259lil Ha\u015fmi il\u0259 g\u00f6r\u00fc\u015f\u00fcb.<\/p>\n<div class=\"AdviadNativeVideo\"><\/div>\n<p>H.Hac\u0131yev bu bar\u0259d\u0259 \u00f6z\u00fcn\u00fc \u201cX\u201d hesab\u0131nda payla\u015f\u0131m edib.<\/p>\n<p>\u201cBu g\u00fcn Pakistan\u0131n \u00c7ind\u0259ki s\u0259firi X\u0259lil Ha\u015fmi il\u0259 g\u00f6r\u00fc\u015fd\u00fcm. S\u0259fir\u0259 Pakistan\u0131n milli bayram\u0131 m\u00fcnasib\u0259til\u0259 t\u0259brikl\u0259rimi \u00e7atd\u0131rd\u0131m, h\u0259m\u00e7inin c\u0259nab s\u0259firl\u0259\u00a0Az\u0259rbaycan il\u0259 Pakistan aras\u0131nda dostluq\u00a0\u0259laq\u0259l\u0259rin m\u00f6hk\u0259ml\u0259nm\u0259sin\u0259 dair m\u00fczakir\u0259l\u0259r apard\u0131q\u201d, &#8211; H.Hac\u0131yev qeyd edib.<\/p>\n<div>\n<div class=\"twitter-tweet twitter-tweet-rendered\"><iframe id=\"twitter-widget-0\" class=\"\" title=\"X Post\" src=\"https:\/\/platform.twitter.com\/embed\/Tweet.html?creatorScreenName=oxuaz&amp;dnt=false&amp;embedId=twitter-widget-0&amp;features=eyJ0ZndfdGltZWxpbmVfbGlzdCI6eyJidWNrZXQiOltdLCJ2ZXJzaW9uIjpudWxsfSwidGZ3X2ZvbGxvd2VyX2NvdW50X3N1bnNldCI6eyJidWNrZXQiOnRydWUsInZlcnNpb24iOm51bGx9LCJ0ZndfdHdlZXRfZWRpdF9iYWNrZW5kIjp7ImJ1Y2tldCI6Im9uIiwidmVyc2lvbiI6bnVsbH0sInRmd19yZWZzcmNfc2Vzc2lvbiI6eyJidWNrZXQiOiJvbiIsInZlcnNpb24iOm51bGx9LCJ0ZndfZm9zbnJfc29mdF9pbnRlcnZlbnRpb25zX2VuYWJsZWQiOnsiYnVja2V0Ijoib24iLCJ2ZXJzaW9uIjpudWxsfSwidGZ3X21peGVkX21lZGlhXzE1ODk3Ijp7ImJ1Y2tldCI6InRyZWF0bWVudCIsInZlcnNpb24iOm51bGx9LCJ0ZndfZXhwZXJpbWVudHNfY29va2llX2V4cGlyYXRpb24iOnsiYnVja2V0IjoxMjA5NjAwLCJ2ZXJzaW9uIjpudWxsfSwidGZ3X3Nob3dfYmlyZHdhdGNoX3Bpdm90c19lbmFibGVkIjp7ImJ1Y2tldCI6Im9uIiwidmVyc2lvbiI6bnVsbH0sInRmd19kdXBsaWNhdGVfc2NyaWJlc190b19zZXR0aW5ncyI6eyJidWNrZXQiOiJvbiIsInZlcnNpb24iOm51bGx9LCJ0ZndfdXNlX3Byb2ZpbGVfaW1hZ2Vfc2hhcGVfZW5hYmxlZCI6eyJidWNrZXQiOiJvbiIsInZlcnNpb24iOm51bGx9LCJ0ZndfdmlkZW9faGxzX2R5bmFtaWNfbWFuaWZlc3RzXzE1MDgyIjp7ImJ1Y2tldCI6InRydWVfYml0cmF0ZSIsInZlcnNpb24iOm51bGx9LCJ0ZndfbGVnYWN5X3RpbWVsaW5lX3N1bnNldCI6eyJidWNrZXQiOnRydWUsInZlcnNpb24iOm51bGx9LCJ0ZndfdHdlZXRfZWRpdF9mcm9udGVuZCI6eyJidWNrZXQiOiJvbiIsInZlcnNpb24iOm51bGx9fQ%3D%3D&amp;frame=false&amp;hideCard=false&amp;hideThread=false&amp;id=1769616633960513540&amp;lang=en&amp;origin=https%3A%2F%2Foxu.az%2Fpolitics%2F850680&amp;sessionId=1f5ddc7c1c4dcefa3ed864028b35759eb155e304&amp;siteScreenName=oxuaz&amp;theme=light&amp;widgetsVersion=2615f7e52b7e0%3A1702314776716&amp;width=550px\" frameborder=\"0\" scrolling=\"no\" allowfullscreen=\"allowfullscreen\" data-tweet-id=\"1769616633960513540\" data-mce-fragment=\"1\"><\/iframe><\/div>\n<\/div>\n<p>&nbsp;<\/p>\n","protected":false},"excerpt":{"rendered":"<p>Az\u0259rbaycan Prezidentinin k\u00f6m\u0259k\u00e7isi &#8211; Prezident Administrasiyas\u0131n\u0131n Xarici siyas\u0259t m\u0259s\u0259l\u0259l\u0259ri \u015f\u00f6b\u0259sinin m\u00fcdiri Hikm\u0259t Hac\u0131yev Pakistan\u0131n \u00c7ind\u0259ki s\u0259firi X\u0259lil Ha\u015fmi il\u0259 g\u00f6r\u00fc\u015f\u00fcb. H.Hac\u0131yev bu bar\u0259d\u0259 \u00f6z\u00fcn\u00fc \u201cX\u201d hesab\u0131nda payla\u015f\u0131m edib. \u201cBu g\u00fcn Pakistan\u0131n \u00c7ind\u0259ki s\u0259firi X\u0259lil Ha\u015fmi il\u0259 g\u00f6r\u00fc\u015fd\u00fcm. S\u0259fir\u0259 Pakistan\u0131n milli bayram\u0131 m\u00fcnasib\u0259til\u0259 t\u0259brikl\u0259rimi \u00e7atd\u0131rd\u0131m, h\u0259m\u00e7inin c\u0259nab s\u0259firl\u0259\u00a0Az\u0259rbaycan il\u0259 Pakistan aras\u0131nda dostluq\u00a0\u0259laq\u0259l\u0259rin m\u00f6hk\u0259ml\u0259nm\u0259sin\u0259 dair m\u00fczakir\u0259l\u0259r apard\u0131q\u201d, &#8211; H.Hac\u0131yev qeyd edib. &nbsp;<\/p>\n","protected":false},"author":2,"featured_media":702843,"comment_status":"closed","ping_status":"closed","sticky":false,"template":"","format":"standard","meta":{"om_disable_all_campaigns":false,"_monsterinsights_skip_tracking":false,"_monsterinsights_sitenote_active":false,"_monsterinsights_sitenote_note":"","_monsterinsights_sitenote_category":0},"categories":[4],"tags":[],"aioseo_notices":[],"gutentor_comment":0,"rttpg_featured_image_url":{"full":["https:\/\/arantv.az\/wp-content\/uploads\/2024\/03\/FotoJet-21-3.jpg",620,413,false],"landscape":["https:\/\/arantv.az\/wp-content\/uploads\/2024\/03\/FotoJet-21-3.jpg",620,413,false],"portraits":["https:\/\/arantv.az\/wp-content\/uploads\/2024\/03\/FotoJet-21-3.jpg",620,413,false],"thumbnail":["https:\/\/arantv.az\/wp-content\/uploads\/2024\/03\/FotoJet-21-3-500x280.jpg",500,280,true],"medium":["https:\/\/arantv.az\/wp-content\/uploads\/2024\/03\/FotoJet-21-3-548x365.jpg",548,365,true],"large":["https:\/\/arantv.az\/wp-content\/uploads\/2024\/03\/FotoJet-21-3.jpg",620,413,false],"1536x1536":["https:\/\/arantv.az\/wp-content\/uploads\/2024\/03\/FotoJet-21-3.jpg",620,413,false],"2048x2048":["https:\/\/arantv.az\/wp-content\/uploads\/2024\/03\/FotoJet-21-3.jpg",620,413,false],"post-thumbnail":["https:\/\/arantv.az\/wp-content\/uploads\/2024\/03\/FotoJet-21-3-240x172.jpg",240,172,true],"advps-thumb-one":["https:\/\/arantv.az\/wp-content\/uploads\/2024\/03\/FotoJet-21-3.jpg",620,413,false]},"rttpg_author":{"display_name":"V\u00fcsal Rafiqo\u011flu","author_link":"https:\/\/arantv.az\/?author=2"},"rttpg_comment":0,"rttpg_category":"<a href=\"https:\/\/arantv.az\/?cat=4\" rel=\"category\">Siyas\u0259t<\/a>","rttpg_excerpt":"Az\u0259rbaycan Prezidentinin k\u00f6m\u0259k\u00e7isi &#8211; Prezident Administrasiyas\u0131n\u0131n Xarici siyas\u0259t m\u0259s\u0259l\u0259l\u0259ri \u015f\u00f6b\u0259sinin m\u00fcdiri Hikm\u0259t Hac\u0131yev Pakistan\u0131n \u00c7ind\u0259ki s\u0259firi X\u0259lil Ha\u015fmi il\u0259 g\u00f6r\u00fc\u015f\u00fcb. H.Hac\u0131yev bu bar\u0259d\u0259 \u00f6z\u00fcn\u00fc \u201cX\u201d hesab\u0131nda payla\u015f\u0131m edib. \u201cBu g\u00fcn Pakistan\u0131n \u00c7ind\u0259ki s\u0259firi X\u0259lil Ha\u015fmi il\u0259 g\u00f6r\u00fc\u015fd\u00fcm. S\u0259fir\u0259 Pakistan\u0131n milli bayram\u0131 m\u00fcnasib\u0259til\u0259 t\u0259brikl\u0259rimi \u00e7atd\u0131rd\u0131m, h\u0259m\u00e7inin c\u0259nab s\u0259firl\u0259\u00a0Az\u0259rbaycan il\u0259 Pakistan aras\u0131nda dostluq\u00a0\u0259laq\u0259l\u0259rin m\u00f6hk\u0259ml\u0259nm\u0259sin\u0259 dair m\u00fczakir\u0259l\u0259r apard\u0131q\u201d,&hellip;","_links":{"self":[{"href":"https:\/\/arantv.az\/index.php?rest_route=\/wp\/v2\/posts\/702842"}],"collection":[{"href":"https:\/\/arantv.az\/index.php?rest_route=\/wp\/v2\/posts"}],"about":[{"href":"https:\/\/arantv.az\/index.php?rest_route=\/wp\/v2\/types\/post"}],"author":[{"embeddable":true,"href":"https:\/\/arantv.az\/index.php?rest_route=\/wp\/v2\/users\/2"}],"replies":[{"embeddable":true,"href":"https:\/\/arantv.az\/index.php?rest_route=%2Fwp%2Fv2%2Fcomments&post=702842"}],"version-history":[{"count":0,"href":"https:\/\/arantv.az\/index.php?rest_route=\/wp\/v2\/posts\/702842\/revisions"}],"wp:featuredmedia":[{"embeddable":true,"href":"https:\/\/arantv.az\/index.php?rest_route=\/wp\/v2\/media\/702843"}],"wp:attachment":[{"href":"https:\/\/arantv.az\/index.php?rest_route=%2Fwp%2Fv2%2Fmedia&parent=702842"}],"wp:term":[{"taxonomy":"category","embeddable":true,"href":"https:\/\/arantv.az\/index.php?rest_route=%2Fwp%2Fv2%2Fcategories&post=702842"},{"taxonomy":"post_tag","embeddable":true,"href":"https:\/\/arantv.az\/index.php?rest_route=%2Fwp%2Fv2%2Ftags&post=702842"}],"curies":[{"name":"wp","href":"https:\/\/api.w.org\/{rel}","templated":true}]}}