{"id":70331,"date":"2019-08-01T08:28:16","date_gmt":"2019-08-01T05:28:16","guid":{"rendered":"http:\/\/arantv.az\/?p=70331"},"modified":"2019-08-01T08:28:16","modified_gmt":"2019-08-01T05:28:16","slug":"prezidentd%c9%99n-nagdsiz-od%c9%99nisl%c9%99rl%c9%99-bagli-tapsiriq","status":"publish","type":"post","link":"https:\/\/arantv.az\/?p=70331","title":{"rendered":"Prezidentd\u0259n na\u011fds\u0131z \u00f6d\u0259ni\u015fl\u0259rl\u0259 ba\u011fl\u0131 &#8211; TAP\u015eIRIQ"},"content":{"rendered":"<p>Az\u0259rbaycanda na\u011fds\u0131z \u00f6d\u0259ni\u015fl\u0259r h\u0259l\u0259 d\u0259 a\u015fa\u011f\u0131 s\u0259viyy\u0259d\u0259dir.<\/p>\n<p>Bu fikirl\u0259ri Prezident \u0130lham \u018fliyev sosial-iqtisadi sah\u0259 il\u0259 ba\u011fl\u0131\u00a0<a href=\"https:\/\/azertag.az\/xeber\/Prezident_Ilham_Aliyevin_yaninda_sosial_iqtisadi_sahe_ile_bagli_musavire_kechirilib_YENILANIB_2_VIDEO-1312938\" target=\"_blank\" rel=\"noopener\">m\u00fc\u015favir\u0259<\/a>d\u0259 deyib.<\/p>\n<p>D\u00f6vl\u0259t ba\u015f\u00e7\u0131s\u0131n\u0131n s\u00f6zl\u0259rin\u0259 g\u00f6r\u0259, bu sah\u0259d\u0259 \u00e7ox ciddi add\u0131mlar at\u0131lmal\u0131d\u0131r:<\/p>\n<div id=\"AdviadNativeVideo0\" class=\"AdviadNativeVideo\"><\/div>\n<p>\u201cBiz \u00e7al\u0131\u015fmal\u0131y\u0131q ki, na\u011fds\u0131z \u00f6d\u0259ni\u015fl\u0259rin h\u0259cmi arts\u0131n. POS-terminallar\u0131n say\u0131 da artmal\u0131d\u0131r. Ancaq m\u0259n\u0259 veril\u0259n m\u0259lumata g\u00f6r\u0259, onlar\u0131n say\u0131 artm\u0131r. Bu problem \u00f6z h\u0259llini tapmal\u0131d\u0131r. \u00c7\u00fcnki na\u011fds\u0131z \u00f6d\u0259ni\u015fl\u0259rin a\u015fa\u011f\u0131 s\u0259viyy\u0259d\u0259 olmas\u0131, \u0259lb\u0259tt\u0259 ki, k\u00f6lg\u0259 iqtisadiyyat\u0131n\u0131 qidaland\u0131r\u0131r. K\u00f6lg\u0259 iqtisadiyyat\u0131 il\u0259 m\u00fcbariz\u0259 bizim \u00fc\u00e7\u00fcn indi \u0259sas m\u0259s\u0259l\u0259l\u0259rd\u0259n biridir. Bu g\u00fcn burada veril\u0259n m\u0259lumat bunu g\u00f6st\u0259rir ki, bu istiqam\u0259td\u0259 \u00f6n\u0259mli add\u0131mlar at\u0131l\u0131b. Y\u00fcz mind\u0259n \u00e7ox \u0259m\u0259k m\u00fcqavil\u0259si ba\u011flan\u0131b. Halbuki bu insanlar \u0259vv\u0259ll\u0259r k\u00f6lg\u0259 iqtisadiyyat\u0131nda f\u0259aliyy\u0259t g\u00f6st\u0259rirdil\u0259r\u201d.<\/p>\n<p>Prezident bildirib ki, na\u011fds\u0131z \u00f6d\u0259ni\u015fl\u0259rin a\u015fa\u011f\u0131 s\u0259viyy\u0259d\u0259 olmas\u0131 q\u0259buledilm\u0259zdir.<\/p>\n<p>\u0130lham \u018fliyev bu m\u0259s\u0259l\u0259nin t\u0259hlil edilm\u0259si v\u0259 ciddi add\u0131mlar at\u0131lmas\u0131 il\u0259 ba\u011fl\u0131 tap\u015f\u0131r\u0131q verib.<\/p>\n","protected":false},"excerpt":{"rendered":"<p>Az\u0259rbaycanda na\u011fds\u0131z \u00f6d\u0259ni\u015fl\u0259r h\u0259l\u0259 d\u0259 a\u015fa\u011f\u0131 s\u0259viyy\u0259d\u0259dir. Bu fikirl\u0259ri Prezident \u0130lham \u018fliyev sosial-iqtisadi sah\u0259 il\u0259 ba\u011fl\u0131\u00a0m\u00fc\u015favir\u0259d\u0259 deyib. D\u00f6vl\u0259t ba\u015f\u00e7\u0131s\u0131n\u0131n s\u00f6zl\u0259rin\u0259 g\u00f6r\u0259, bu sah\u0259d\u0259 \u00e7ox ciddi add\u0131mlar at\u0131lmal\u0131d\u0131r: \u201cBiz \u00e7al\u0131\u015fmal\u0131y\u0131q ki, na\u011fds\u0131z \u00f6d\u0259ni\u015fl\u0259rin h\u0259cmi arts\u0131n. POS-terminallar\u0131n say\u0131 da artmal\u0131d\u0131r. Ancaq m\u0259n\u0259 veril\u0259n m\u0259lumata g\u00f6r\u0259, onlar\u0131n say\u0131 artm\u0131r. Bu problem \u00f6z h\u0259llini tapmal\u0131d\u0131r. \u00c7\u00fcnki na\u011fds\u0131z \u00f6d\u0259ni\u015fl\u0259rin a\u015fa\u011f\u0131 s\u0259viyy\u0259d\u0259 olmas\u0131, \u0259lb\u0259tt\u0259 ki, k\u00f6lg\u0259 iqtisadiyyat\u0131n\u0131 qidaland\u0131r\u0131r. K\u00f6lg\u0259 iqtisadiyyat\u0131 il\u0259 m\u00fcbariz\u0259 bizim \u00fc\u00e7\u00fcn indi \u0259sas m\u0259s\u0259l\u0259l\u0259rd\u0259n biridir. Bu g\u00fcn burada veril\u0259n m\u0259lumat bunu g\u00f6st\u0259rir ki, bu istiqam\u0259td\u0259 \u00f6n\u0259mli add\u0131mlar at\u0131l\u0131b. Y\u00fcz mind\u0259n \u00e7ox \u0259m\u0259k m\u00fcqavil\u0259si&hellip;<\/p>\n","protected":false},"author":2,"featured_media":70332,"comment_status":"closed","ping_status":"closed","sticky":false,"template":"","format":"standard","meta":{"om_disable_all_campaigns":false,"_monsterinsights_skip_tracking":false,"_monsterinsights_sitenote_active":false,"_monsterinsights_sitenote_note":"","_monsterinsights_sitenote_category":0},"categories":[4],"tags":[],"aioseo_notices":[],"gutentor_comment":0,"rttpg_featured_image_url":{"full":["https:\/\/arantv.az\/wp-content\/uploads\/2019\/08\/prez.jpg",620,348,false],"landscape":["https:\/\/arantv.az\/wp-content\/uploads\/2019\/08\/prez.jpg",620,348,false],"portraits":["https:\/\/arantv.az\/wp-content\/uploads\/2019\/08\/prez.jpg",620,348,false],"thumbnail":["https:\/\/arantv.az\/wp-content\/uploads\/2019\/08\/prez-150x150.jpg",150,150,true],"medium":["https:\/\/arantv.az\/wp-content\/uploads\/2019\/08\/prez-300x168.jpg",300,168,true],"large":["https:\/\/arantv.az\/wp-content\/uploads\/2019\/08\/prez.jpg",620,348,false],"1536x1536":["https:\/\/arantv.az\/wp-content\/uploads\/2019\/08\/prez.jpg",620,348,false],"2048x2048":["https:\/\/arantv.az\/wp-content\/uploads\/2019\/08\/prez.jpg",620,348,false],"post-thumbnail":["https:\/\/arantv.az\/wp-content\/uploads\/2019\/08\/prez-240x172.jpg",240,172,true],"advps-thumb-one":["https:\/\/arantv.az\/wp-content\/uploads\/2019\/08\/prez.jpg",620,348,false]},"rttpg_author":{"display_name":"V\u00fcsal Rafiqo\u011flu","author_link":"https:\/\/arantv.az\/?author=2"},"rttpg_comment":0,"rttpg_category":"<a href=\"https:\/\/arantv.az\/?cat=4\" rel=\"category\">Siyas\u0259t<\/a>","rttpg_excerpt":"Az\u0259rbaycanda na\u011fds\u0131z \u00f6d\u0259ni\u015fl\u0259r h\u0259l\u0259 d\u0259 a\u015fa\u011f\u0131 s\u0259viyy\u0259d\u0259dir. Bu fikirl\u0259ri Prezident \u0130lham \u018fliyev sosial-iqtisadi sah\u0259 il\u0259 ba\u011fl\u0131\u00a0m\u00fc\u015favir\u0259d\u0259 deyib. D\u00f6vl\u0259t ba\u015f\u00e7\u0131s\u0131n\u0131n s\u00f6zl\u0259rin\u0259 g\u00f6r\u0259, bu sah\u0259d\u0259 \u00e7ox ciddi add\u0131mlar at\u0131lmal\u0131d\u0131r: \u201cBiz \u00e7al\u0131\u015fmal\u0131y\u0131q ki, na\u011fds\u0131z \u00f6d\u0259ni\u015fl\u0259rin h\u0259cmi arts\u0131n. POS-terminallar\u0131n say\u0131 da artmal\u0131d\u0131r. Ancaq m\u0259n\u0259 veril\u0259n m\u0259lumata g\u00f6r\u0259, onlar\u0131n say\u0131 artm\u0131r. Bu problem \u00f6z h\u0259llini tapmal\u0131d\u0131r. \u00c7\u00fcnki na\u011fds\u0131z \u00f6d\u0259ni\u015fl\u0259rin a\u015fa\u011f\u0131&hellip;","_links":{"self":[{"href":"https:\/\/arantv.az\/index.php?rest_route=\/wp\/v2\/posts\/70331"}],"collection":[{"href":"https:\/\/arantv.az\/index.php?rest_route=\/wp\/v2\/posts"}],"about":[{"href":"https:\/\/arantv.az\/index.php?rest_route=\/wp\/v2\/types\/post"}],"author":[{"embeddable":true,"href":"https:\/\/arantv.az\/index.php?rest_route=\/wp\/v2\/users\/2"}],"replies":[{"embeddable":true,"href":"https:\/\/arantv.az\/index.php?rest_route=%2Fwp%2Fv2%2Fcomments&post=70331"}],"version-history":[{"count":0,"href":"https:\/\/arantv.az\/index.php?rest_route=\/wp\/v2\/posts\/70331\/revisions"}],"wp:featuredmedia":[{"embeddable":true,"href":"https:\/\/arantv.az\/index.php?rest_route=\/wp\/v2\/media\/70332"}],"wp:attachment":[{"href":"https:\/\/arantv.az\/index.php?rest_route=%2Fwp%2Fv2%2Fmedia&parent=70331"}],"wp:term":[{"taxonomy":"category","embeddable":true,"href":"https:\/\/arantv.az\/index.php?rest_route=%2Fwp%2Fv2%2Fcategories&post=70331"},{"taxonomy":"post_tag","embeddable":true,"href":"https:\/\/arantv.az\/index.php?rest_route=%2Fwp%2Fv2%2Ftags&post=70331"}],"curies":[{"name":"wp","href":"https:\/\/api.w.org\/{rel}","templated":true}]}}