{"id":70334,"date":"2019-08-01T08:29:13","date_gmt":"2019-08-01T05:29:13","guid":{"rendered":"http:\/\/arantv.az\/?p=70334"},"modified":"2019-08-01T08:29:13","modified_gmt":"2019-08-01T05:29:13","slug":"ilham-%c9%99liyev-suni-qiym%c9%99t-artimina-cox-ciddi-n%c9%99zar%c9%99t-mexanizmi-olmalidir","status":"publish","type":"post","link":"https:\/\/arantv.az\/?p=70334","title":{"rendered":"\u0130lham \u018fliyev: S\u00fcni qiym\u0259t art\u0131m\u0131na \u00e7ox ciddi n\u0259zar\u0259t mexanizmi olmal\u0131d\u0131r"},"content":{"rendered":"<p>S\u00fcni qiym\u0259t art\u0131m\u0131na \u00e7ox ciddi n\u0259zar\u0259t mexanizmi olmal\u0131d\u0131r.<\/p>\n<p><strong>ARANTV.AZ<\/strong> x\u0259b\u0259r verir ki, bunu Prezident \u0130lham \u018fliyev sosial-iqtisadi sah\u0259 il\u0259 ba\u011fl\u0131 m\u00fc\u015favir\u0259d\u0259 deyib.<\/p>\n<div id=\"AdviadNativeVideo0\" class=\"AdviadNativeVideo\"><\/div>\n<p>D\u00f6vl\u0259t ba\u015f\u00e7\u0131s\u0131n\u0131n s\u00f6zl\u0259rin\u0259 g\u00f6r\u0259, baxmayaraq ki, inflyasiya a\u015fa\u011f\u0131 s\u0259viyy\u0259d\u0259dir, ancaq b\u0259zi hallarda s\u00fcni qiym\u0259t art\u0131m\u0131 da m\u00fc\u015fahid\u0259 olunur:<\/p>\n<p>\u201cM\u00fcvafiq qurumlar bu m\u0259s\u0259l\u0259 il\u0259 ciddi m\u0259\u015f\u011ful olmal\u0131d\u0131rlar. M\u0259n\u0259 m\u0259lumat veril\u0259n kimi, d\u0259rhal g\u00f6st\u0259ri\u015fl\u0259r verilir. Y\u0259ni, istehlak bazar\u0131na daim n\u0259zar\u0259t olmal\u0131d\u0131r. \u00c7\u00fcnki burada kartel s\u00f6vd\u0259l\u0259\u015fm\u0259l\u0259ri d\u0259 istisna deyil. \u018flb\u0259tt\u0259 ki, biz s\u00fcni qiym\u0259t art\u0131m\u0131na yol ver\u0259 bilm\u0259rik. \u00c7ox ciddi n\u0259zar\u0259t mexanizmi olmal\u0131d\u0131r. Bu sah\u0259 daim diqq\u0259t m\u0259rk\u0259zind\u0259 olmal\u0131d\u0131r\u201d.AZ\u018fRTAC<\/p>\n","protected":false},"excerpt":{"rendered":"<p>S\u00fcni qiym\u0259t art\u0131m\u0131na \u00e7ox ciddi n\u0259zar\u0259t mexanizmi olmal\u0131d\u0131r. ARANTV.AZ x\u0259b\u0259r verir ki, bunu Prezident \u0130lham \u018fliyev sosial-iqtisadi sah\u0259 il\u0259 ba\u011fl\u0131 m\u00fc\u015favir\u0259d\u0259 deyib. D\u00f6vl\u0259t ba\u015f\u00e7\u0131s\u0131n\u0131n s\u00f6zl\u0259rin\u0259 g\u00f6r\u0259, baxmayaraq ki, inflyasiya a\u015fa\u011f\u0131 s\u0259viyy\u0259d\u0259dir, ancaq b\u0259zi hallarda s\u00fcni qiym\u0259t art\u0131m\u0131 da m\u00fc\u015fahid\u0259 olunur: \u201cM\u00fcvafiq qurumlar bu m\u0259s\u0259l\u0259 il\u0259 ciddi m\u0259\u015f\u011ful olmal\u0131d\u0131rlar. M\u0259n\u0259 m\u0259lumat veril\u0259n kimi, d\u0259rhal g\u00f6st\u0259ri\u015fl\u0259r verilir. Y\u0259ni, istehlak bazar\u0131na daim n\u0259zar\u0259t olmal\u0131d\u0131r. \u00c7\u00fcnki burada kartel s\u00f6vd\u0259l\u0259\u015fm\u0259l\u0259ri d\u0259 istisna deyil. \u018flb\u0259tt\u0259 ki, biz s\u00fcni qiym\u0259t art\u0131m\u0131na yol ver\u0259 bilm\u0259rik. \u00c7ox ciddi n\u0259zar\u0259t mexanizmi olmal\u0131d\u0131r. Bu sah\u0259 daim diqq\u0259t m\u0259rk\u0259zind\u0259 olmal\u0131d\u0131r\u201d.AZ\u018fRTAC<\/p>\n","protected":false},"author":2,"featured_media":70335,"comment_status":"closed","ping_status":"closed","sticky":false,"template":"","format":"standard","meta":{"om_disable_all_campaigns":false,"_monsterinsights_skip_tracking":false,"_monsterinsights_sitenote_active":false,"_monsterinsights_sitenote_note":"","_monsterinsights_sitenote_category":0},"categories":[4],"tags":[],"aioseo_notices":[],"gutentor_comment":0,"rttpg_featured_image_url":{"full":["https:\/\/arantv.az\/wp-content\/uploads\/2019\/08\/prezident.jpg",590,465,false],"landscape":["https:\/\/arantv.az\/wp-content\/uploads\/2019\/08\/prezident.jpg",590,465,false],"portraits":["https:\/\/arantv.az\/wp-content\/uploads\/2019\/08\/prezident.jpg",590,465,false],"thumbnail":["https:\/\/arantv.az\/wp-content\/uploads\/2019\/08\/prezident-150x150.jpg",150,150,true],"medium":["https:\/\/arantv.az\/wp-content\/uploads\/2019\/08\/prezident-300x236.jpg",300,236,true],"large":["https:\/\/arantv.az\/wp-content\/uploads\/2019\/08\/prezident.jpg",590,465,false],"1536x1536":["https:\/\/arantv.az\/wp-content\/uploads\/2019\/08\/prezident.jpg",590,465,false],"2048x2048":["https:\/\/arantv.az\/wp-content\/uploads\/2019\/08\/prezident.jpg",590,465,false],"post-thumbnail":["https:\/\/arantv.az\/wp-content\/uploads\/2019\/08\/prezident-240x172.jpg",240,172,true],"advps-thumb-one":["https:\/\/arantv.az\/wp-content\/uploads\/2019\/08\/prezident.jpg",590,465,false]},"rttpg_author":{"display_name":"V\u00fcsal Rafiqo\u011flu","author_link":"https:\/\/arantv.az\/?author=2"},"rttpg_comment":0,"rttpg_category":"<a href=\"https:\/\/arantv.az\/?cat=4\" rel=\"category\">Siyas\u0259t<\/a>","rttpg_excerpt":"S\u00fcni qiym\u0259t art\u0131m\u0131na \u00e7ox ciddi n\u0259zar\u0259t mexanizmi olmal\u0131d\u0131r. ARANTV.AZ x\u0259b\u0259r verir ki, bunu Prezident \u0130lham \u018fliyev sosial-iqtisadi sah\u0259 il\u0259 ba\u011fl\u0131 m\u00fc\u015favir\u0259d\u0259 deyib. D\u00f6vl\u0259t ba\u015f\u00e7\u0131s\u0131n\u0131n s\u00f6zl\u0259rin\u0259 g\u00f6r\u0259, baxmayaraq ki, inflyasiya a\u015fa\u011f\u0131 s\u0259viyy\u0259d\u0259dir, ancaq b\u0259zi hallarda s\u00fcni qiym\u0259t art\u0131m\u0131 da m\u00fc\u015fahid\u0259 olunur: \u201cM\u00fcvafiq qurumlar bu m\u0259s\u0259l\u0259 il\u0259 ciddi m\u0259\u015f\u011ful olmal\u0131d\u0131rlar. M\u0259n\u0259 m\u0259lumat veril\u0259n kimi, d\u0259rhal g\u00f6st\u0259ri\u015fl\u0259r verilir.&hellip;","_links":{"self":[{"href":"https:\/\/arantv.az\/index.php?rest_route=\/wp\/v2\/posts\/70334"}],"collection":[{"href":"https:\/\/arantv.az\/index.php?rest_route=\/wp\/v2\/posts"}],"about":[{"href":"https:\/\/arantv.az\/index.php?rest_route=\/wp\/v2\/types\/post"}],"author":[{"embeddable":true,"href":"https:\/\/arantv.az\/index.php?rest_route=\/wp\/v2\/users\/2"}],"replies":[{"embeddable":true,"href":"https:\/\/arantv.az\/index.php?rest_route=%2Fwp%2Fv2%2Fcomments&post=70334"}],"version-history":[{"count":0,"href":"https:\/\/arantv.az\/index.php?rest_route=\/wp\/v2\/posts\/70334\/revisions"}],"wp:featuredmedia":[{"embeddable":true,"href":"https:\/\/arantv.az\/index.php?rest_route=\/wp\/v2\/media\/70335"}],"wp:attachment":[{"href":"https:\/\/arantv.az\/index.php?rest_route=%2Fwp%2Fv2%2Fmedia&parent=70334"}],"wp:term":[{"taxonomy":"category","embeddable":true,"href":"https:\/\/arantv.az\/index.php?rest_route=%2Fwp%2Fv2%2Fcategories&post=70334"},{"taxonomy":"post_tag","embeddable":true,"href":"https:\/\/arantv.az\/index.php?rest_route=%2Fwp%2Fv2%2Ftags&post=70334"}],"curies":[{"name":"wp","href":"https:\/\/api.w.org\/{rel}","templated":true}]}}