{"id":70337,"date":"2019-08-01T08:30:10","date_gmt":"2019-08-01T05:30:10","guid":{"rendered":"http:\/\/arantv.az\/?p=70337"},"modified":"2019-08-01T08:30:10","modified_gmt":"2019-08-01T05:30:10","slug":"prezident-b%c9%99zi-yerl%c9%99rd%c9%99-kuc%c9%99l%c9%99r-isiqlandirilmir","status":"publish","type":"post","link":"https:\/\/arantv.az\/?p=70337","title":{"rendered":"Prezident: B\u0259zi yerl\u0259rd\u0259 k\u00fc\u00e7\u0259l\u0259r i\u015f\u0131qland\u0131r\u0131lm\u0131r"},"content":{"rendered":"<p>K\u00fc\u00e7\u0259l\u0259rin i\u015f\u0131qland\u0131r\u0131lmas\u0131 h\u0259l\u0259 d\u0259 laz\u0131mi s\u0259viyy\u0259d\u0259 deyil.<\/p>\n<p><strong>ARANTV.AZ<\/strong> x\u0259b\u0259r verir ki, bunu Prezident \u0130lham \u018fliyev sosial-iqtisadi sah\u0259 il\u0259 ba\u011fl\u0131 m\u00fc\u015favir\u0259d\u0259 deyib.<\/p>\n<p>D\u00f6vl\u0259t ba\u015f\u00e7\u0131s\u0131 bildirib ki, bu m\u0259s\u0259l\u0259y\u0259 ciddi diqq\u0259t g\u00f6st\u0259rilm\u0259lidir:<\/p>\n<div id=\"AdviadNativeVideo0\" class=\"AdviadNativeVideo\"><\/div>\n<p>\u201c\u015e\u0259h\u0259rin m\u0259rk\u0259zi t\u0259bii ki, i\u015f\u0131qland\u0131r\u0131l\u0131r, ancaq b\u0259zi yerl\u0259rd\u0259 k\u00fc\u00e7\u0259 i\u015f\u0131qland\u0131r\u0131lmas\u0131 yoxdur. Bu m\u0259s\u0259l\u0259y\u0259 \u00e7ox ciddi diqq\u0259t g\u00f6st\u0259rilm\u0259lidir\u201d.<\/p>\n<p>\u0130lham \u018fliyev qeyd edib ki, indi m\u0259i\u015f\u0259t tullant\u0131lar\u0131n\u0131n idar\u0259 olunmas\u0131 istiqam\u0259tind\u0259 add\u0131mlar at\u0131l\u0131r:<\/p>\n<p>\u201cBir ne\u00e7\u0259 il bundan \u0259vv\u0259l Balaxan\u0131da b\u00f6y\u00fck m\u0259i\u015f\u0259t tullant\u0131lar\u0131 zavodu in\u015fa edilib, poliqon sal\u0131n\u0131b, \u00e7e\u015fidl\u0259m\u0259 apar\u0131l\u0131r. Biz z\u0259ncir yaratmal\u0131y\u0131q. Qap\u0131dan ta m\u0259i\u015f\u0259t tullant\u0131lar\u0131 zavoduna q\u0259d\u0259r vahid z\u0259ncir olmal\u0131d\u0131r. Haz\u0131rda beyn\u0259lxalq m\u0259sl\u0259h\u0259t\u00e7il\u0259rin i\u015ftirak\u0131 il\u0259 bu layih\u0259 Bak\u0131 \u015f\u0259h\u0259rind\u0259 icra edilir\u201d.<\/p>\n<p>Prezident deyib ki, \u015f\u0259h\u0259r\u0259traf\u0131 d\u0259mir yolu x\u0259ttinin \u00e7\u0259kili\u015fi davam edir. Bu da \u00e7ox \u00f6n\u0259mli layih\u0259dir:<\/p>\n<p>\u201cBak\u0131da yeni istirah\u0259t zonalar\u0131 yarad\u0131l\u0131r. Bak\u0131 bu g\u00fcn parklar, ba\u011flar \u015f\u0259h\u0259ridir, istirah\u0259t zonalar\u0131 v\u0259t\u0259nda\u015flar\u0131n s\u0259r\u0259ncam\u0131na verilir v\u0259 bu, \u0259hali t\u0259r\u0259find\u0259n y\u00fcks\u0259k qiym\u0259tl\u0259ndirilir\u201d.AZ\u018fRTAC<\/p>\n","protected":false},"excerpt":{"rendered":"<p>K\u00fc\u00e7\u0259l\u0259rin i\u015f\u0131qland\u0131r\u0131lmas\u0131 h\u0259l\u0259 d\u0259 laz\u0131mi s\u0259viyy\u0259d\u0259 deyil. ARANTV.AZ x\u0259b\u0259r verir ki, bunu Prezident \u0130lham \u018fliyev sosial-iqtisadi sah\u0259 il\u0259 ba\u011fl\u0131 m\u00fc\u015favir\u0259d\u0259 deyib. D\u00f6vl\u0259t ba\u015f\u00e7\u0131s\u0131 bildirib ki, bu m\u0259s\u0259l\u0259y\u0259 ciddi diqq\u0259t g\u00f6st\u0259rilm\u0259lidir: \u201c\u015e\u0259h\u0259rin m\u0259rk\u0259zi t\u0259bii ki, i\u015f\u0131qland\u0131r\u0131l\u0131r, ancaq b\u0259zi yerl\u0259rd\u0259 k\u00fc\u00e7\u0259 i\u015f\u0131qland\u0131r\u0131lmas\u0131 yoxdur. Bu m\u0259s\u0259l\u0259y\u0259 \u00e7ox ciddi diqq\u0259t g\u00f6st\u0259rilm\u0259lidir\u201d. \u0130lham \u018fliyev qeyd edib ki, indi m\u0259i\u015f\u0259t tullant\u0131lar\u0131n\u0131n idar\u0259 olunmas\u0131 istiqam\u0259tind\u0259 add\u0131mlar at\u0131l\u0131r: \u201cBir ne\u00e7\u0259 il bundan \u0259vv\u0259l Balaxan\u0131da b\u00f6y\u00fck m\u0259i\u015f\u0259t tullant\u0131lar\u0131 zavodu in\u015fa edilib, poliqon sal\u0131n\u0131b, \u00e7e\u015fidl\u0259m\u0259 apar\u0131l\u0131r. Biz z\u0259ncir yaratmal\u0131y\u0131q. Qap\u0131dan ta m\u0259i\u015f\u0259t tullant\u0131lar\u0131 zavoduna q\u0259d\u0259r vahid z\u0259ncir olmal\u0131d\u0131r. Haz\u0131rda beyn\u0259lxalq&hellip;<\/p>\n","protected":false},"author":2,"featured_media":70338,"comment_status":"closed","ping_status":"closed","sticky":false,"template":"","format":"standard","meta":{"om_disable_all_campaigns":false,"_monsterinsights_skip_tracking":false,"_monsterinsights_sitenote_active":false,"_monsterinsights_sitenote_note":"","_monsterinsights_sitenote_category":0},"categories":[4],"tags":[],"aioseo_notices":[],"gutentor_comment":0,"rttpg_featured_image_url":{"full":["https:\/\/arantv.az\/wp-content\/uploads\/2019\/08\/prezident_ilham_\u00c9_liyev.jpg",620,389,false],"landscape":["https:\/\/arantv.az\/wp-content\/uploads\/2019\/08\/prezident_ilham_\u00c9_liyev.jpg",620,389,false],"portraits":["https:\/\/arantv.az\/wp-content\/uploads\/2019\/08\/prezident_ilham_\u00c9_liyev.jpg",620,389,false],"thumbnail":["https:\/\/arantv.az\/wp-content\/uploads\/2019\/08\/prezident_ilham_\u00c9_liyev-150x150.jpg",150,150,true],"medium":["https:\/\/arantv.az\/wp-content\/uploads\/2019\/08\/prezident_ilham_\u00c9_liyev-300x188.jpg",300,188,true],"large":["https:\/\/arantv.az\/wp-content\/uploads\/2019\/08\/prezident_ilham_\u00c9_liyev.jpg",620,389,false],"1536x1536":["https:\/\/arantv.az\/wp-content\/uploads\/2019\/08\/prezident_ilham_\u00c9_liyev.jpg",620,389,false],"2048x2048":["https:\/\/arantv.az\/wp-content\/uploads\/2019\/08\/prezident_ilham_\u00c9_liyev.jpg",620,389,false],"post-thumbnail":["https:\/\/arantv.az\/wp-content\/uploads\/2019\/08\/prezident_ilham_\u00c9_liyev-240x172.jpg",240,172,true],"advps-thumb-one":["https:\/\/arantv.az\/wp-content\/uploads\/2019\/08\/prezident_ilham_\u00c9_liyev.jpg",620,389,false]},"rttpg_author":{"display_name":"V\u00fcsal Rafiqo\u011flu","author_link":"https:\/\/arantv.az\/?author=2"},"rttpg_comment":0,"rttpg_category":"<a href=\"https:\/\/arantv.az\/?cat=4\" rel=\"category\">Siyas\u0259t<\/a>","rttpg_excerpt":"K\u00fc\u00e7\u0259l\u0259rin i\u015f\u0131qland\u0131r\u0131lmas\u0131 h\u0259l\u0259 d\u0259 laz\u0131mi s\u0259viyy\u0259d\u0259 deyil. ARANTV.AZ x\u0259b\u0259r verir ki, bunu Prezident \u0130lham \u018fliyev sosial-iqtisadi sah\u0259 il\u0259 ba\u011fl\u0131 m\u00fc\u015favir\u0259d\u0259 deyib. D\u00f6vl\u0259t ba\u015f\u00e7\u0131s\u0131 bildirib ki, bu m\u0259s\u0259l\u0259y\u0259 ciddi diqq\u0259t g\u00f6st\u0259rilm\u0259lidir: \u201c\u015e\u0259h\u0259rin m\u0259rk\u0259zi t\u0259bii ki, i\u015f\u0131qland\u0131r\u0131l\u0131r, ancaq b\u0259zi yerl\u0259rd\u0259 k\u00fc\u00e7\u0259 i\u015f\u0131qland\u0131r\u0131lmas\u0131 yoxdur. Bu m\u0259s\u0259l\u0259y\u0259 \u00e7ox ciddi diqq\u0259t g\u00f6st\u0259rilm\u0259lidir\u201d. \u0130lham \u018fliyev qeyd edib ki, indi m\u0259i\u015f\u0259t tullant\u0131lar\u0131n\u0131n&hellip;","_links":{"self":[{"href":"https:\/\/arantv.az\/index.php?rest_route=\/wp\/v2\/posts\/70337"}],"collection":[{"href":"https:\/\/arantv.az\/index.php?rest_route=\/wp\/v2\/posts"}],"about":[{"href":"https:\/\/arantv.az\/index.php?rest_route=\/wp\/v2\/types\/post"}],"author":[{"embeddable":true,"href":"https:\/\/arantv.az\/index.php?rest_route=\/wp\/v2\/users\/2"}],"replies":[{"embeddable":true,"href":"https:\/\/arantv.az\/index.php?rest_route=%2Fwp%2Fv2%2Fcomments&post=70337"}],"version-history":[{"count":0,"href":"https:\/\/arantv.az\/index.php?rest_route=\/wp\/v2\/posts\/70337\/revisions"}],"wp:featuredmedia":[{"embeddable":true,"href":"https:\/\/arantv.az\/index.php?rest_route=\/wp\/v2\/media\/70338"}],"wp:attachment":[{"href":"https:\/\/arantv.az\/index.php?rest_route=%2Fwp%2Fv2%2Fmedia&parent=70337"}],"wp:term":[{"taxonomy":"category","embeddable":true,"href":"https:\/\/arantv.az\/index.php?rest_route=%2Fwp%2Fv2%2Fcategories&post=70337"},{"taxonomy":"post_tag","embeddable":true,"href":"https:\/\/arantv.az\/index.php?rest_route=%2Fwp%2Fv2%2Ftags&post=70337"}],"curies":[{"name":"wp","href":"https:\/\/api.w.org\/{rel}","templated":true}]}}