{"id":70364,"date":"2019-08-01T08:49:32","date_gmt":"2019-08-01T05:49:32","guid":{"rendered":"http:\/\/arantv.az\/?p=70364"},"modified":"2019-08-01T08:49:33","modified_gmt":"2019-08-01T05:49:33","slug":"bakida-ictimai-cim%c9%99rlikl%c9%99r-yaradilir-leyla-%c9%99liyevanin-t%c9%99s%c9%99bbusu-il%c9%99-foto","status":"publish","type":"post","link":"https:\/\/arantv.az\/?p=70364","title":{"rendered":"Bak\u0131da ictimai \u00e7im\u0259rlikl\u0259r yarad\u0131l\u0131r &#8211; Leyla \u018fliyevan\u0131n t\u0259\u015f\u0259bb\u00fcs\u00fc il\u0259 (FOTO)"},"content":{"rendered":"<div class=\"row m-0 p-0 mt-2\">\n<div class=\"col-12 col-sm-12 col-lg-12 icSehifeBody p-2 m-0\">\n<p><strong>Heyd\u0259r \u018fliyev Fondunun vitse-prezidenti, IDEA \u0130ctimai Birliyinin t\u0259sis\u00e7isi v\u0259 r\u0259hb\u0259ri Leyla \u018fliyevan\u0131n t\u0259\u015f\u0259bb\u00fcs\u00fc il\u0259 Bak\u0131 \u015f\u0259h\u0259rind\u0259 ictimai \u00e7im\u0259rlikl\u0259rin yarad\u0131lmas\u0131na ba\u015flan\u0131b.<\/strong><\/p>\n<p><strong>ARANTV.AZ<\/strong>-\u0131n m\u0259lumat\u0131na g\u00f6r\u0259, paytaxt sakinl\u0259ri, el\u0259c\u0259 d\u0259 \u015f\u0259h\u0259rimizin \u00e7oxsayl\u0131 qonaqlar\u0131n\u0131n ist\u0259k v\u0259 arzular\u0131n\u0131, onlar\u0131n IDEA \u0130ctimai Birliyin\u0259 m\u00fcraci\u0259tl\u0259ri n\u0259z\u0259r\u0259 al\u0131naraq birliyin t\u0259sis\u00e7isi Leyla \u018fliyevan\u0131n t\u0259\u015f\u0259bb\u00fcs\u00fc il\u0259 paytaxt\u0131n d\u0259nizk\u0259nar\u0131 \u0259razil\u0259rind\u0259 m\u00f6vcud \u00f6z\u0259l istirah\u0259t m\u0259rk\u0259zl\u0259ri v\u0259 pullu \u00e7im\u0259rlikl\u0259r\u0259 alternativ olaraq ictimai \u00e7im\u0259rlikl\u0259rin yarad\u0131lmas\u0131na start verilib.<\/p>\n<p>\u0130lk olaraq bel\u0259 \u00e7im\u0259rlik S\u0259bail rayonunda, \u201c\u015e\u0131x\u201d \u00e7im\u0259rlik \u0259raz\u0131s\u0131nd\u0259, Salyan yolu 32 \u00fcnvan\u0131nda (Bak\u0131 \u015e\u0259h\u0259r Ba\u015f G\u00f6mr\u00fck \u0130dar\u0259si il\u0259 \u00fczb\u0259\u00fcz) d\u0259niz k\u0259nar\u0131nda 6 ha sah\u0259d\u0259 yarad\u0131l\u0131b. \u018fvv\u0259ll\u0259r bax\u0131ms\u0131z v\u0259ziyy\u0259td\u0259 olan \u0259razi t\u0259mizl\u0259n\u0259r\u0259k abadla\u015fd\u0131r\u0131l\u0131b, burada 60 \u0259d\u0259d k\u00f6lg\u0259lik, 6 yerd\u0259 soyunub-geyinm\u0259 kabin\u0259l\u0259ri, 2 yerd\u0259 du\u015f, 2 yerd\u0259 ikikabin\u0259li sanitariya qov\u015fa\u011f\u0131, istirah\u0259t\u0259 g\u0259l\u0259n v\u0259t\u0259nda\u015flar\u0131n nahar etm\u0259l\u0259ri \u00fc\u00e7\u00fcn 2 \u0259d\u0259d s\u00f6hb\u0259tgah qura\u015fd\u0131r\u0131l\u0131b, futbol v\u0259 voleybol meydan\u00e7alar\u0131 yarad\u0131l\u0131b, d\u0259niz k\u0259nar\u0131na uzanan yola asfalt \u00e7\u0259kilib, 3500 kvadratmetr \u0259razid\u0259 avtomobil dayanaca\u011f\u0131 yarad\u0131laraq bura asfaltla\u015fd\u0131r\u0131l\u0131b.<\/p>\n<p>V\u0259t\u0259nda\u015flar\u0131n istirah\u0259rinin t\u0259\u015fkili \u00fc\u00e7\u00fcn \u00e7im\u0259rlik \u0259razisin\u0259 kifay\u0259t q\u0259d\u0259r oturacaq v\u0259 qamaklar qoyulub, \u0259razi boyunca zibil konteynerl\u0259ri qura\u015fd\u0131r\u0131l\u0131b, \u0259lav\u0259 i\u015fl\u0259r g\u00f6r\u00fcl\u00fcb.<\/p>\n<p>Yax\u0131n g\u00fcnl\u0259rd\u0259 Pir\u015fa\u011f\u0131 v\u0259 Buzovna q\u0259s\u0259b\u0259l\u0259rind\u0259 yeni ictimai \u00e7im\u0259rlik istifad\u0259y\u0259 veril\u0259c\u0259k. \u00dcmumilikd\u0259 is\u0259 paytaxt\u0131n d\u0259nizk\u0259nar\u0131 \u0259razil\u0259rind\u0259 7 yerd\u0259 bel\u0259 \u00e7im\u0259rlikl\u0259rin yarad\u0131lmas\u0131 n\u0259z\u0259rd\u0259 tutulub.<\/p>\n<p>\u201c\u015e\u0131x\u201d \u0259razisind\u0259 f\u0259aliyy\u0259t\u0259 ba\u015flayan v\u0259 dig\u0259r \u0259razil\u0259rd\u0259 yarad\u0131lan ictimai \u00e7im\u0259rlikl\u0259r\u0259 giri\u015f v\u0259 dig\u0259r xidm\u0259tl\u0259rd\u0259n istifad\u0259 pulsuzdur. \u018frazinin t\u0259mizliyini laz\u0131mi s\u0259viyy\u0259d\u0259 saxlan\u0131lmas\u0131 \u00fc\u00e7\u00fcn burada xidm\u0259t personal\u0131 f\u0259aliyy\u0259t g\u00f6st\u0259r\u0259c\u0259k.<\/p>\n<\/div>\n<\/div>\n<div class=\"row m-0 pl-2 p-0\">\n<div class=\"col-12 col-sm-12 col-lg-12 m-0 p-0\">\n<div id=\"slide_prev_cyan\" class=\"slider_prev_cyan\"><\/div>\n<div id=\"slide_next_cyan\" class=\"slider_next_cyan\"><\/div>\n<div class=\"lSSlideOuter\">\n<div class=\"lSSlideWrapper usingCss\">\n<ul id=\"photoGallery1\" class=\"lightSlider lsGrab lSSlide\">\n<li class=\"lslide\" data-thumb=\"\/photos\/unikal\/1564637046_5de28af1-ab4e-4aac-a24c-efa15f35b76b.jpg\"><img title=\"Bak\u0131da ictimai \u00e7im\u0259rlikl\u0259r yarad\u0131l\u0131r- Leyla \u018fliyevan\u0131n t\u0259\u015f\u0259bb\u00fcs\u00fc il\u0259 (FOTO)\" src=\"https:\/\/www.unikal.org\/photos\/unikal\/1564637046_5de28af1-ab4e-4aac-a24c-efa15f35b76b.jpg\" alt=\"Bak\u0131da ictimai \u00e7im\u0259rlikl\u0259r yarad\u0131l\u0131r- Leyla \u018fliyevan\u0131n t\u0259\u015f\u0259bb\u00fcs\u00fc il\u0259 (FOTO)\" \/><\/li>\n<li class=\"lslide\" data-thumb=\"\/photos\/unikal\/1564637046_48f05b07-d804-4351-bf30-389f6265f549.jpg\"><img title=\"Bak\u0131da ictimai \u00e7im\u0259rlikl\u0259r yarad\u0131l\u0131r- Leyla \u018fliyevan\u0131n t\u0259\u015f\u0259bb\u00fcs\u00fc il\u0259 (FOTO)\" src=\"https:\/\/www.unikal.org\/photos\/unikal\/1564637046_48f05b07-d804-4351-bf30-389f6265f549.jpg\" alt=\"Bak\u0131da ictimai \u00e7im\u0259rlikl\u0259r yarad\u0131l\u0131r- Leyla \u018fliyevan\u0131n t\u0259\u015f\u0259bb\u00fcs\u00fc il\u0259 (FOTO)\" \/><\/li>\n<li class=\"lslide\" data-thumb=\"\/photos\/unikal\/1564637046_79d3c866-04e8-4284-9f63-63195abfbba6.jpg\"><img title=\"Bak\u0131da ictimai \u00e7im\u0259rlikl\u0259r yarad\u0131l\u0131r- Leyla \u018fliyevan\u0131n t\u0259\u015f\u0259bb\u00fcs\u00fc il\u0259 (FOTO)\" src=\"https:\/\/www.unikal.org\/photos\/unikal\/1564637046_79d3c866-04e8-4284-9f63-63195abfbba6.jpg\" alt=\"Bak\u0131da ictimai \u00e7im\u0259rlikl\u0259r yarad\u0131l\u0131r- Leyla \u018fliyevan\u0131n t\u0259\u015f\u0259bb\u00fcs\u00fc il\u0259 (FOTO)\" \/><\/li>\n<li class=\"lslide\" data-thumb=\"\/photos\/unikal\/1564637046_00530de7-5c5b-496d-8359-8b3b055a6270.jpg\"><img title=\"Bak\u0131da ictimai \u00e7im\u0259rlikl\u0259r yarad\u0131l\u0131r- Leyla \u018fliyevan\u0131n t\u0259\u015f\u0259bb\u00fcs\u00fc il\u0259 (FOTO)\" src=\"https:\/\/www.unikal.org\/photos\/unikal\/1564637046_00530de7-5c5b-496d-8359-8b3b055a6270.jpg\" alt=\"Bak\u0131da ictimai \u00e7im\u0259rlikl\u0259r yarad\u0131l\u0131r- Leyla \u018fliyevan\u0131n t\u0259\u015f\u0259bb\u00fcs\u00fc il\u0259 (FOTO)\" \/><\/li>\n<li class=\"lslide\" data-thumb=\"\/photos\/unikal\/1564637047_978c9d88-901b-49a5-b202-d2ca83cb7e24.jpg\"><img title=\"Bak\u0131da ictimai \u00e7im\u0259rlikl\u0259r yarad\u0131l\u0131r- Leyla \u018fliyevan\u0131n t\u0259\u015f\u0259bb\u00fcs\u00fc il\u0259 (FOTO)\" src=\"https:\/\/www.unikal.org\/photos\/unikal\/1564637047_978c9d88-901b-49a5-b202-d2ca83cb7e24.jpg\" alt=\"Bak\u0131da ictimai \u00e7im\u0259rlikl\u0259r yarad\u0131l\u0131r- Leyla \u018fliyevan\u0131n t\u0259\u015f\u0259bb\u00fcs\u00fc il\u0259 (FOTO)\" \/><\/li>\n<li class=\"lslide active\" data-thumb=\"\/photos\/unikal\/1564637047_52512a80-7c18-4a79-9e36-ba07a6dcf28c.jpg\"><img title=\"Bak\u0131da ictimai \u00e7im\u0259rlikl\u0259r yarad\u0131l\u0131r- Leyla \u018fliyevan\u0131n t\u0259\u015f\u0259bb\u00fcs\u00fc il\u0259 (FOTO)\" src=\"https:\/\/www.unikal.org\/photos\/unikal\/1564637047_52512a80-7c18-4a79-9e36-ba07a6dcf28c.jpg\" alt=\"Bak\u0131da ictimai \u00e7im\u0259rlikl\u0259r yarad\u0131l\u0131r- Leyla \u018fliyevan\u0131n t\u0259\u015f\u0259bb\u00fcs\u00fc il\u0259 (FOTO)\" \/><\/li>\n<\/ul>\n<\/div>\n<\/div>\n<\/div>\n<\/div>\n<div class=\"row m-0 pl-2 p-0 mt-1\">\n<div class=\"\">Unikal.org<\/div>\n<\/div>\n","protected":false},"excerpt":{"rendered":"<p>Heyd\u0259r \u018fliyev Fondunun vitse-prezidenti, IDEA \u0130ctimai Birliyinin t\u0259sis\u00e7isi v\u0259 r\u0259hb\u0259ri Leyla \u018fliyevan\u0131n t\u0259\u015f\u0259bb\u00fcs\u00fc il\u0259 Bak\u0131 \u015f\u0259h\u0259rind\u0259 ictimai \u00e7im\u0259rlikl\u0259rin yarad\u0131lmas\u0131na ba\u015flan\u0131b. ARANTV.AZ-\u0131n m\u0259lumat\u0131na g\u00f6r\u0259, paytaxt sakinl\u0259ri, el\u0259c\u0259 d\u0259 \u015f\u0259h\u0259rimizin \u00e7oxsayl\u0131 qonaqlar\u0131n\u0131n ist\u0259k v\u0259 arzular\u0131n\u0131, onlar\u0131n IDEA \u0130ctimai Birliyin\u0259 m\u00fcraci\u0259tl\u0259ri n\u0259z\u0259r\u0259 al\u0131naraq birliyin t\u0259sis\u00e7isi Leyla \u018fliyevan\u0131n t\u0259\u015f\u0259bb\u00fcs\u00fc il\u0259 paytaxt\u0131n d\u0259nizk\u0259nar\u0131 \u0259razil\u0259rind\u0259 m\u00f6vcud \u00f6z\u0259l istirah\u0259t m\u0259rk\u0259zl\u0259ri v\u0259 pullu \u00e7im\u0259rlikl\u0259r\u0259 alternativ olaraq ictimai \u00e7im\u0259rlikl\u0259rin yarad\u0131lmas\u0131na start verilib. \u0130lk olaraq bel\u0259 \u00e7im\u0259rlik S\u0259bail rayonunda, \u201c\u015e\u0131x\u201d \u00e7im\u0259rlik \u0259raz\u0131s\u0131nd\u0259, Salyan yolu 32 \u00fcnvan\u0131nda (Bak\u0131 \u015e\u0259h\u0259r Ba\u015f G\u00f6mr\u00fck \u0130dar\u0259si il\u0259 \u00fczb\u0259\u00fcz) d\u0259niz k\u0259nar\u0131nda 6 ha sah\u0259d\u0259 yarad\u0131l\u0131b. \u018fvv\u0259ll\u0259r&hellip;<\/p>\n","protected":false},"author":2,"featured_media":70365,"comment_status":"closed","ping_status":"closed","sticky":false,"template":"","format":"standard","meta":{"om_disable_all_campaigns":false,"_monsterinsights_skip_tracking":false,"_monsterinsights_sitenote_active":false,"_monsterinsights_sitenote_note":"","_monsterinsights_sitenote_category":0},"categories":[1],"tags":[],"aioseo_notices":[],"gutentor_comment":0,"rttpg_featured_image_url":{"full":["https:\/\/arantv.az\/wp-content\/uploads\/2019\/08\/1564637047.3c145be0-a50f-42e2-8c8b-bfb52bc59280.jpg",600,400,false],"landscape":["https:\/\/arantv.az\/wp-content\/uploads\/2019\/08\/1564637047.3c145be0-a50f-42e2-8c8b-bfb52bc59280.jpg",600,400,false],"portraits":["https:\/\/arantv.az\/wp-content\/uploads\/2019\/08\/1564637047.3c145be0-a50f-42e2-8c8b-bfb52bc59280.jpg",600,400,false],"thumbnail":["https:\/\/arantv.az\/wp-content\/uploads\/2019\/08\/1564637047.3c145be0-a50f-42e2-8c8b-bfb52bc59280-150x150.jpg",150,150,true],"medium":["https:\/\/arantv.az\/wp-content\/uploads\/2019\/08\/1564637047.3c145be0-a50f-42e2-8c8b-bfb52bc59280-300x200.jpg",300,200,true],"large":["https:\/\/arantv.az\/wp-content\/uploads\/2019\/08\/1564637047.3c145be0-a50f-42e2-8c8b-bfb52bc59280.jpg",600,400,false],"1536x1536":["https:\/\/arantv.az\/wp-content\/uploads\/2019\/08\/1564637047.3c145be0-a50f-42e2-8c8b-bfb52bc59280.jpg",600,400,false],"2048x2048":["https:\/\/arantv.az\/wp-content\/uploads\/2019\/08\/1564637047.3c145be0-a50f-42e2-8c8b-bfb52bc59280.jpg",600,400,false],"post-thumbnail":["https:\/\/arantv.az\/wp-content\/uploads\/2019\/08\/1564637047.3c145be0-a50f-42e2-8c8b-bfb52bc59280-240x172.jpg",240,172,true],"advps-thumb-one":["https:\/\/arantv.az\/wp-content\/uploads\/2019\/08\/1564637047.3c145be0-a50f-42e2-8c8b-bfb52bc59280.jpg",600,400,false]},"rttpg_author":{"display_name":"V\u00fcsal Rafiqo\u011flu","author_link":"https:\/\/arantv.az\/?author=2"},"rttpg_comment":0,"rttpg_category":"<a href=\"https:\/\/arantv.az\/?cat=1\" rel=\"category\">C\u0259miyy\u0259t<\/a>","rttpg_excerpt":"Heyd\u0259r \u018fliyev Fondunun vitse-prezidenti, IDEA \u0130ctimai Birliyinin t\u0259sis\u00e7isi v\u0259 r\u0259hb\u0259ri Leyla \u018fliyevan\u0131n t\u0259\u015f\u0259bb\u00fcs\u00fc il\u0259 Bak\u0131 \u015f\u0259h\u0259rind\u0259 ictimai \u00e7im\u0259rlikl\u0259rin yarad\u0131lmas\u0131na ba\u015flan\u0131b. ARANTV.AZ-\u0131n m\u0259lumat\u0131na g\u00f6r\u0259, paytaxt sakinl\u0259ri, el\u0259c\u0259 d\u0259 \u015f\u0259h\u0259rimizin \u00e7oxsayl\u0131 qonaqlar\u0131n\u0131n ist\u0259k v\u0259 arzular\u0131n\u0131, onlar\u0131n IDEA \u0130ctimai Birliyin\u0259 m\u00fcraci\u0259tl\u0259ri n\u0259z\u0259r\u0259 al\u0131naraq birliyin t\u0259sis\u00e7isi Leyla \u018fliyevan\u0131n t\u0259\u015f\u0259bb\u00fcs\u00fc il\u0259 paytaxt\u0131n d\u0259nizk\u0259nar\u0131 \u0259razil\u0259rind\u0259 m\u00f6vcud \u00f6z\u0259l istirah\u0259t m\u0259rk\u0259zl\u0259ri v\u0259 pullu&hellip;","_links":{"self":[{"href":"https:\/\/arantv.az\/index.php?rest_route=\/wp\/v2\/posts\/70364"}],"collection":[{"href":"https:\/\/arantv.az\/index.php?rest_route=\/wp\/v2\/posts"}],"about":[{"href":"https:\/\/arantv.az\/index.php?rest_route=\/wp\/v2\/types\/post"}],"author":[{"embeddable":true,"href":"https:\/\/arantv.az\/index.php?rest_route=\/wp\/v2\/users\/2"}],"replies":[{"embeddable":true,"href":"https:\/\/arantv.az\/index.php?rest_route=%2Fwp%2Fv2%2Fcomments&post=70364"}],"version-history":[{"count":0,"href":"https:\/\/arantv.az\/index.php?rest_route=\/wp\/v2\/posts\/70364\/revisions"}],"wp:featuredmedia":[{"embeddable":true,"href":"https:\/\/arantv.az\/index.php?rest_route=\/wp\/v2\/media\/70365"}],"wp:attachment":[{"href":"https:\/\/arantv.az\/index.php?rest_route=%2Fwp%2Fv2%2Fmedia&parent=70364"}],"wp:term":[{"taxonomy":"category","embeddable":true,"href":"https:\/\/arantv.az\/index.php?rest_route=%2Fwp%2Fv2%2Fcategories&post=70364"},{"taxonomy":"post_tag","embeddable":true,"href":"https:\/\/arantv.az\/index.php?rest_route=%2Fwp%2Fv2%2Ftags&post=70364"}],"curies":[{"name":"wp","href":"https:\/\/api.w.org\/{rel}","templated":true}]}}