{"id":70370,"date":"2019-08-01T08:53:28","date_gmt":"2019-08-01T05:53:28","guid":{"rendered":"http:\/\/arantv.az\/?p=70370"},"modified":"2019-08-01T08:53:28","modified_gmt":"2019-08-01T05:53:28","slug":"nazir-ikinci-sosial-paketd%c9%99n-danisdi","status":"publish","type":"post","link":"https:\/\/arantv.az\/?p=70370","title":{"rendered":"Nazir ikinci sosial paketd\u0259n dan\u0131\u015fd\u0131"},"content":{"rendered":"<p>\u0130kinci sosial paketl\u0259 ba\u011fl\u0131 haz\u0131rl\u0131q i\u015fl\u0259ri yekunla\u015f\u0131b.<\/p>\n<p>S.Babayev bildirib ki, Az\u0259rbaycan Prezidentinin t\u0259\u015f\u0259bb\u00fcs\u00fc il\u0259 iki b\u00f6y\u00fck sosial islahat paketi q\u0259bul edilib. Bu sosial islahat paketl\u0259ri \u2013 birinci paket 3 milyon insan\u0131 \u0259hat\u0259 etdi v\u0259 \u00fcmumi illik maliyy\u0259 t\u0259l\u0259bi 1,6 milyard manata b\u0259rab\u0259r idi. Bu sosial islahat paketi art\u0131q tam \u015f\u0259kild\u0259 icra olundu v\u0259 h\u0259m pensiya\u00e7\u0131lar\u0131m\u0131z\u0131n, h\u0259m d\u0259 i\u015fl\u0259y\u0259n v\u0259t\u0259nda\u015flar\u0131m\u0131z\u0131n \u0259m\u0259khaqlar\u0131 art\u0131r\u0131ld\u0131:<\/p>\n<p>\u201c\u0130kinci sosial paketl\u0259 ba\u011fl\u0131 haz\u0131rl\u0131q i\u015fl\u0259ri art\u0131q yekunla\u015f\u0131b v\u0259 sentyabr\u0131n 1-d\u0259n etibar\u0259n minimum \u0259m\u0259khaqq\u0131n\u0131n 250 manata \u00e7atd\u0131r\u0131lmas\u0131, d\u00f6vl\u0259t sektorunda \u00e7al\u0131\u015fanlar \u0259lav\u0259 400 min insan\u0131n kateqoriyalar\u0131ndan as\u0131l\u0131 olaraq 20-50 faiz aral\u0131\u011f\u0131nda \u0259m\u0259khaqlar\u0131n\u0131n art\u0131r\u0131lmas\u0131, eyni zamanda, oktyabr\u0131n 1-d\u0259n etibar\u0259n 750 min pensiya\u00e7\u0131n\u0131n pensiyas\u0131n\u0131n art\u0131r\u0131lmas\u0131 il\u0259 ba\u011fl\u0131 b\u00fct\u00fcn haz\u0131rl\u0131q i\u015fl\u0259ri art\u0131q yekunla\u015fd\u0131r\u0131l\u0131b\u201d.<\/p>\n<div id=\"AdviadNativeVideo0\" class=\"AdviadNativeVideo\"><\/div>\n<p>Nazir qeyd edib ki, \u00fcmumilikd\u0259 h\u0259r iki paketin \u00fcmumi d\u0259y\u0259ri cari il \u00fc\u00e7\u00fcn 2,3 milyard manatd\u0131r, n\u00f6vb\u0259ti il \u00fc\u00e7\u00fcn 3 milyard manatd\u0131r v\u0259 4,2 milyon insan\u0131m\u0131z\u0131 \u0259hat\u0259 ed\u0259c\u0259k:<\/p>\n<p>\u201cMinimum \u0259m\u0259khaqq\u0131nda dem\u0259k olar ki, iki d\u0259f\u0259 art\u0131m, minimum pensiyada 72 faizlik art\u0131m n\u0259tic\u0259sind\u0259 Az\u0259rbaycanda minimum pensiya MDB m\u0259kan\u0131nda al\u0131c\u0131l\u0131q qabiliyy\u0259ti \u00fczr\u0259 birinci g\u00f6st\u0259rici olacaq. Minimum \u0259m\u0259khaqq\u0131 is\u0259 yen\u0259 d\u0259 al\u0131c\u0131l\u0131q qabiliyy\u0259ti \u00fczr\u0259 MDB m\u0259kan\u0131nda ikinci g\u00f6st\u0259rici olacaq\u201d.<\/p>\n<p>S.Babayev \u0259lav\u0259 edib ki, d\u00f6vl\u0259t ba\u015f\u00e7\u0131s\u0131n\u0131n tap\u015f\u0131r\u0131\u011f\u0131na \u0259sas\u0259n, m\u00fcavin\u0259t v\u0259 t\u0259qa\u00fcdl\u0259rin art\u0131r\u0131lmas\u0131 sah\u0259sind\u0259 g\u00f6r\u00fcl\u0259n i\u015fl\u0259r \u00fcmumilikd\u0259 1,3 milyon insan\u0131m\u0131z\u0131 \u0259hat\u0259 etdi v\u0259 bunlardan 300 mind\u0259n art\u0131\u011f\u0131 m\u0259hz \u0259lilliyi olan \u015f\u0259xsl\u0259r idi, 500 min\u0259 q\u0259d\u0259ri m\u0259cburi k\u00f6\u00e7k\u00fcn, 100 mind\u0259n art\u0131\u011f\u0131 t\u0259l\u0259b\u0259 v\u0259 g\u0259ncl\u0259r idi. \u00dcmumilikd\u0259 bu m\u00fcavin\u0259t v\u0259 t\u0259qa\u00fcdl\u0259r \u0259halinin sosial c\u0259h\u0259td\u0259n \u0259n h\u0259ssas t\u0259b\u0259q\u0259sini \u0259hat\u0259 etdi v\u0259 onlar\u0131n g\u0259lirl\u0259ri \u00e7ox \u0259h\u0259miyy\u0259tli \u015f\u0259kild\u0259 art\u0131r\u0131ld\u0131.<\/p>\n","protected":false},"excerpt":{"rendered":"<p>\u0130kinci sosial paketl\u0259 ba\u011fl\u0131 haz\u0131rl\u0131q i\u015fl\u0259ri yekunla\u015f\u0131b. S.Babayev bildirib ki, Az\u0259rbaycan Prezidentinin t\u0259\u015f\u0259bb\u00fcs\u00fc il\u0259 iki b\u00f6y\u00fck sosial islahat paketi q\u0259bul edilib. Bu sosial islahat paketl\u0259ri \u2013 birinci paket 3 milyon insan\u0131 \u0259hat\u0259 etdi v\u0259 \u00fcmumi illik maliyy\u0259 t\u0259l\u0259bi 1,6 milyard manata b\u0259rab\u0259r idi. Bu sosial islahat paketi art\u0131q tam \u015f\u0259kild\u0259 icra olundu v\u0259 h\u0259m pensiya\u00e7\u0131lar\u0131m\u0131z\u0131n, h\u0259m d\u0259 i\u015fl\u0259y\u0259n v\u0259t\u0259nda\u015flar\u0131m\u0131z\u0131n \u0259m\u0259khaqlar\u0131 art\u0131r\u0131ld\u0131: \u201c\u0130kinci sosial paketl\u0259 ba\u011fl\u0131 haz\u0131rl\u0131q i\u015fl\u0259ri art\u0131q yekunla\u015f\u0131b v\u0259 sentyabr\u0131n 1-d\u0259n etibar\u0259n minimum \u0259m\u0259khaqq\u0131n\u0131n 250 manata \u00e7atd\u0131r\u0131lmas\u0131, d\u00f6vl\u0259t sektorunda \u00e7al\u0131\u015fanlar \u0259lav\u0259 400 min insan\u0131n kateqoriyalar\u0131ndan as\u0131l\u0131 olaraq 20-50 faiz&hellip;<\/p>\n","protected":false},"author":2,"featured_media":70371,"comment_status":"closed","ping_status":"closed","sticky":false,"template":"","format":"standard","meta":{"om_disable_all_campaigns":false,"_monsterinsights_skip_tracking":false,"_monsterinsights_sitenote_active":false,"_monsterinsights_sitenote_note":"","_monsterinsights_sitenote_category":0},"categories":[19],"tags":[],"aioseo_notices":[],"gutentor_comment":0,"rttpg_featured_image_url":{"full":["https:\/\/arantv.az\/wp-content\/uploads\/2019\/08\/sahil_babayev.jpg",620,419,false],"landscape":["https:\/\/arantv.az\/wp-content\/uploads\/2019\/08\/sahil_babayev.jpg",620,419,false],"portraits":["https:\/\/arantv.az\/wp-content\/uploads\/2019\/08\/sahil_babayev.jpg",620,419,false],"thumbnail":["https:\/\/arantv.az\/wp-content\/uploads\/2019\/08\/sahil_babayev-150x150.jpg",150,150,true],"medium":["https:\/\/arantv.az\/wp-content\/uploads\/2019\/08\/sahil_babayev-300x203.jpg",300,203,true],"large":["https:\/\/arantv.az\/wp-content\/uploads\/2019\/08\/sahil_babayev.jpg",620,419,false],"1536x1536":["https:\/\/arantv.az\/wp-content\/uploads\/2019\/08\/sahil_babayev.jpg",620,419,false],"2048x2048":["https:\/\/arantv.az\/wp-content\/uploads\/2019\/08\/sahil_babayev.jpg",620,419,false],"post-thumbnail":["https:\/\/arantv.az\/wp-content\/uploads\/2019\/08\/sahil_babayev-240x172.jpg",240,172,true],"advps-thumb-one":["https:\/\/arantv.az\/wp-content\/uploads\/2019\/08\/sahil_babayev.jpg",620,419,false]},"rttpg_author":{"display_name":"V\u00fcsal Rafiqo\u011flu","author_link":"https:\/\/arantv.az\/?author=2"},"rttpg_comment":0,"rttpg_category":"<a href=\"https:\/\/arantv.az\/?cat=19\" rel=\"category\">G\u00fcnd\u0259m<\/a>","rttpg_excerpt":"\u0130kinci sosial paketl\u0259 ba\u011fl\u0131 haz\u0131rl\u0131q i\u015fl\u0259ri yekunla\u015f\u0131b. S.Babayev bildirib ki, Az\u0259rbaycan Prezidentinin t\u0259\u015f\u0259bb\u00fcs\u00fc il\u0259 iki b\u00f6y\u00fck sosial islahat paketi q\u0259bul edilib. Bu sosial islahat paketl\u0259ri \u2013 birinci paket 3 milyon insan\u0131 \u0259hat\u0259 etdi v\u0259 \u00fcmumi illik maliyy\u0259 t\u0259l\u0259bi 1,6 milyard manata b\u0259rab\u0259r idi. Bu sosial islahat paketi art\u0131q tam \u015f\u0259kild\u0259 icra olundu v\u0259 h\u0259m pensiya\u00e7\u0131lar\u0131m\u0131z\u0131n,&hellip;","_links":{"self":[{"href":"https:\/\/arantv.az\/index.php?rest_route=\/wp\/v2\/posts\/70370"}],"collection":[{"href":"https:\/\/arantv.az\/index.php?rest_route=\/wp\/v2\/posts"}],"about":[{"href":"https:\/\/arantv.az\/index.php?rest_route=\/wp\/v2\/types\/post"}],"author":[{"embeddable":true,"href":"https:\/\/arantv.az\/index.php?rest_route=\/wp\/v2\/users\/2"}],"replies":[{"embeddable":true,"href":"https:\/\/arantv.az\/index.php?rest_route=%2Fwp%2Fv2%2Fcomments&post=70370"}],"version-history":[{"count":0,"href":"https:\/\/arantv.az\/index.php?rest_route=\/wp\/v2\/posts\/70370\/revisions"}],"wp:featuredmedia":[{"embeddable":true,"href":"https:\/\/arantv.az\/index.php?rest_route=\/wp\/v2\/media\/70371"}],"wp:attachment":[{"href":"https:\/\/arantv.az\/index.php?rest_route=%2Fwp%2Fv2%2Fmedia&parent=70370"}],"wp:term":[{"taxonomy":"category","embeddable":true,"href":"https:\/\/arantv.az\/index.php?rest_route=%2Fwp%2Fv2%2Fcategories&post=70370"},{"taxonomy":"post_tag","embeddable":true,"href":"https:\/\/arantv.az\/index.php?rest_route=%2Fwp%2Fv2%2Ftags&post=70370"}],"curies":[{"name":"wp","href":"https:\/\/api.w.org\/{rel}","templated":true}]}}