{"id":70373,"date":"2019-08-01T08:55:24","date_gmt":"2019-08-01T05:55:24","guid":{"rendered":"http:\/\/arantv.az\/?p=70373"},"modified":"2019-08-01T08:55:24","modified_gmt":"2019-08-01T05:55:24","slug":"minimum-%c9%99m%c9%99k-haqlarinin-v%c9%99-pensiyalarin-artirilmasi-il%c9%99-bagli-butun-hazirliq-isl%c9%99ri-yekunlasdirilib-nazir","status":"publish","type":"post","link":"https:\/\/arantv.az\/?p=70373","title":{"rendered":"Minimum \u0259m\u0259k haqlar\u0131n\u0131n v\u0259 pensiyalar\u0131n art\u0131r\u0131lmas\u0131 il\u0259 ba\u011fl\u0131 b\u00fct\u00fcn haz\u0131rl\u0131q i\u015fl\u0259ri yekunla\u015fd\u0131r\u0131l\u0131b &#8211; Nazir"},"content":{"rendered":"<p>2019-cu ild\u0259 Az\u0259rbaycan Prezidenti t\u0259r\u0259find\u0259n imzalanan ikinci sosial paketl\u0259 ba\u011fl\u0131 haz\u0131rl\u0131q i\u015fl\u0259ri art\u0131q yekunla\u015f\u0131b.<\/p>\n<p><strong>ARANTV.AZ<\/strong>\u00a0<a href=\"http:\/\/azertag.az\/\" target=\"_blank\" rel=\"noopener\">AZ\u018fRTAC<\/a>-a istinad\u0259n bildirir ki, bunu \u0259m\u0259k v\u0259 \u0259halinin sosial m\u00fcdafi\u0259 naziri Sahil Babayev Prezidenti \u0130lham \u018fliyevin yan\u0131nda sosial-iqtisadi sah\u0259 il\u0259 ba\u011fl\u0131 m\u00fc\u015favir\u0259d\u0259 deyib.<\/p>\n<p>Nazir bildirib ki, sentyabr ay\u0131n\u0131n 1-d\u0259n etibar\u0259n minimum \u0259m\u0259khaqq\u0131n\u0131n 250 manata \u00e7atd\u0131r\u0131lmas\u0131, d\u00f6vl\u0259t sektorunda \u00e7al\u0131\u015fanlar \u0259lav\u0259 400 min insan\u0131n kateqoriyalar\u0131ndan as\u0131l\u0131 olaraq 20-50 faiz aral\u0131\u011f\u0131nda \u0259m\u0259khaqlar\u0131n\u0131n art\u0131r\u0131lmas\u0131, eyni zamanda, oktyabr\u0131n 1-d\u0259n etibar\u0259n 750 min pensiya\u00e7\u0131n\u0131n pensiyas\u0131n\u0131n art\u0131r\u0131lmas\u0131 il\u0259 ba\u011fl\u0131 b\u00fct\u00fcn haz\u0131rl\u0131q i\u015fl\u0259ri art\u0131q yekunla\u015fd\u0131r\u0131l\u0131b.<\/p>\n<p>S.Babayevin s\u00f6zl\u0259rin\u0259 g\u00f6r\u0259, \u00fcmumilikd\u0259 h\u0259r iki paketin \u00fcmumi d\u0259y\u0259ri cari il \u00fc\u00e7\u00fcn 2,3 milyard manatd\u0131r, n\u00f6vb\u0259ti il \u00fc\u00e7\u00fcn 3 milyard manatd\u0131r v\u0259 4,2 milyon insan\u0131m\u0131z\u0131 \u0259hat\u0259 ed\u0259c\u0259kdir:<\/p>\n<p>&#8220;Bu il \u00fc\u00e7\u00fcn \u0130\u015fsizlikd\u0259n S\u0131\u011forta Fondunun b\u00fcdc\u0259sin\u0259 m\u00fcvafiq d\u0259yi\u015fiklik edildi v\u0259 \u0259lav\u0259 v\u0259saitin c\u0259lb olunmas\u0131 n\u0259tic\u0259sind\u0259 10 min ail\u0259nin bu il \u00d6z\u00fcn\u00fcm\u0259\u015f\u011fulluq Proqram\u0131 il\u0259 \u0259hat\u0259 edilm\u0259si planla\u015fd\u0131r\u0131l\u0131r. M\u00fcraci\u0259tl\u0259r \u00e7oxdur, \u0259halinin bu proqrama \u00e7ox b\u00f6y\u00fck mara\u011f\u0131, \u00e7ox b\u00f6y\u00fck r\u0259\u011fb\u0259ti var. Cari ilin ilk 6 ay\u0131 \u0259rzind\u0259 45 min\u0259 yax\u0131n m\u00fcraci\u0259t g\u0259lib. Bunlar\u0131 n\u0259z\u0259r\u0259 alaraq, \u00f6t\u0259n ild\u0259n n\u00f6vb\u0259d\u0259 qalan insanlara v\u0259 bu il m\u00fcraci\u0259t ed\u0259nl\u0259rin aras\u0131nda is\u0259 \u0259lilliyi olan \u015f\u0259xsl\u0259r\u0259, m\u0259cburi k\u00f6\u00e7k\u00fcnl\u0259r\u0259, \u015f\u0259hid ail\u0259l\u0259rin\u0259 v\u0259 h\u0259ssas kateqoriyadan olan dig\u0259r insanlara \u00fcst\u00fcnl\u00fck verilir&#8221;.<\/p>\n<div id=\"AdviadNativeVideo0\" class=\"AdviadNativeVideo\"><\/div>\n<p>DOST (Dayan\u0131ql\u0131 v\u0259 Operativ Sosial T\u0259minat) Agentliyinin f\u0259aliyy\u0259ti haqq\u0131nda dan\u0131\u015fan nazir bildirib ki, DOST m\u0259rk\u0259zi a\u00e7\u0131ld\u0131qdan sonra h\u0259qiq\u0259t\u0259n d\u0259 \u00e7ox b\u00f6y\u00fck bir r\u0259\u011fb\u0259t toplay\u0131bd\u0131r:<\/p>\n<p>&#8220;\u0130ki aydan bir az art\u0131q d\u00f6vrd\u0259 20 min v\u0259t\u0259nda\u015f\u0131m\u0131z bu m\u0259rk\u0259z\u0259 m\u00fcraci\u0259t edib. H\u0259r bir m\u00fcraci\u0259t\u00e7i xidm\u0259t g\u00f6rd\u00fckd\u0259n sonra orada elektron qaydada xidm\u0259tin s\u0259viyy\u0259sini qiym\u0259tl\u0259ndirir. Bu g\u00fcn\u0259 v\u0259t\u0259nda\u015flar\u0131m\u0131z\u0131n tam m\u0259mnunluq s\u0259viyy\u0259si 93 faizi ke\u00e7ibdir, 4 faiz d\u0259 \u0259lav\u0259 olaraq qism\u0259n m\u0259mnun v\u0259t\u0259nda\u015flar\u0131m\u0131zd\u0131r. Biz bu g\u00f6st\u0259ricini daim bu \u015f\u0259kild\u0259 saxlama\u011fa \u00e7al\u0131\u015faca\u011f\u0131q. Bu g\u00fcn art\u0131q 126 xidm\u0259tin h\u0259r biri DOST m\u0259rk\u0259zind\u0259 g\u00f6st\u0259rilir. Sizin g\u00f6st\u0259ri\u015fl\u0259riniz\u0259 uy\u011fun olaraq ilin sonunad\u0259k n\u00f6vb\u0259ti M\u0259rk\u0259zin a\u00e7\u0131lmas\u0131 istiqam\u0259tind\u0259 ciddi i\u015f apar\u0131l\u0131r. Daha 3 m\u0259rk\u0259zin a\u00e7\u0131lmas\u0131 \u00fc\u00e7\u00fcn i\u015fl\u0259r g\u00f6r\u00fcl\u00fcr. D\u00fc\u015f\u00fcn\u00fcr\u00fck ki, ilin sonuna v\u0259 n\u00f6vb\u0259ti ilin birinci r\u00fcb\u00fcn\u0259 bu 3 m\u0259rk\u0259z d\u0259 a\u00e7\u0131lacaq v\u0259 bel\u0259likl\u0259, biz Bak\u0131n\u0131n 80 faizini \u0259hat\u0259 etmi\u015f olaca\u011f\u0131q. N\u00f6vb\u0259ti m\u0259rh\u0259l\u0259d\u0259 daha bir M\u0259rk\u0259z a\u00e7d\u0131qdan sonra Bak\u0131 \u015f\u0259h\u0259ri tam \u0259hat\u0259 olunacaq. Regionlar\u0131m\u0131zda da DOST m\u0259rk\u0259zl\u0259rinin a\u00e7\u0131lmas\u0131 sah\u0259sind\u0259 i\u015f ba\u015flayacaq&#8221;.<\/p>\n","protected":false},"excerpt":{"rendered":"<p>2019-cu ild\u0259 Az\u0259rbaycan Prezidenti t\u0259r\u0259find\u0259n imzalanan ikinci sosial paketl\u0259 ba\u011fl\u0131 haz\u0131rl\u0131q i\u015fl\u0259ri art\u0131q yekunla\u015f\u0131b. ARANTV.AZ\u00a0AZ\u018fRTAC-a istinad\u0259n bildirir ki, bunu \u0259m\u0259k v\u0259 \u0259halinin sosial m\u00fcdafi\u0259 naziri Sahil Babayev Prezidenti \u0130lham \u018fliyevin yan\u0131nda sosial-iqtisadi sah\u0259 il\u0259 ba\u011fl\u0131 m\u00fc\u015favir\u0259d\u0259 deyib. Nazir bildirib ki, sentyabr ay\u0131n\u0131n 1-d\u0259n etibar\u0259n minimum \u0259m\u0259khaqq\u0131n\u0131n 250 manata \u00e7atd\u0131r\u0131lmas\u0131, d\u00f6vl\u0259t sektorunda \u00e7al\u0131\u015fanlar \u0259lav\u0259 400 min insan\u0131n kateqoriyalar\u0131ndan as\u0131l\u0131 olaraq 20-50 faiz aral\u0131\u011f\u0131nda \u0259m\u0259khaqlar\u0131n\u0131n art\u0131r\u0131lmas\u0131, eyni zamanda, oktyabr\u0131n 1-d\u0259n etibar\u0259n 750 min pensiya\u00e7\u0131n\u0131n pensiyas\u0131n\u0131n art\u0131r\u0131lmas\u0131 il\u0259 ba\u011fl\u0131 b\u00fct\u00fcn haz\u0131rl\u0131q i\u015fl\u0259ri art\u0131q yekunla\u015fd\u0131r\u0131l\u0131b. S.Babayevin s\u00f6zl\u0259rin\u0259 g\u00f6r\u0259, \u00fcmumilikd\u0259 h\u0259r iki paketin \u00fcmumi d\u0259y\u0259ri&hellip;<\/p>\n","protected":false},"author":2,"featured_media":70374,"comment_status":"closed","ping_status":"closed","sticky":false,"template":"","format":"standard","meta":{"om_disable_all_campaigns":false,"_monsterinsights_skip_tracking":false,"_monsterinsights_sitenote_active":false,"_monsterinsights_sitenote_note":"","_monsterinsights_sitenote_category":0},"categories":[1],"tags":[],"aioseo_notices":[],"gutentor_comment":0,"rttpg_featured_image_url":{"full":["https:\/\/arantv.az\/wp-content\/uploads\/2019\/08\/775057.jpg",580,387,false],"landscape":["https:\/\/arantv.az\/wp-content\/uploads\/2019\/08\/775057.jpg",580,387,false],"portraits":["https:\/\/arantv.az\/wp-content\/uploads\/2019\/08\/775057.jpg",580,387,false],"thumbnail":["https:\/\/arantv.az\/wp-content\/uploads\/2019\/08\/775057-150x150.jpg",150,150,true],"medium":["https:\/\/arantv.az\/wp-content\/uploads\/2019\/08\/775057-300x200.jpg",300,200,true],"large":["https:\/\/arantv.az\/wp-content\/uploads\/2019\/08\/775057.jpg",580,387,false],"1536x1536":["https:\/\/arantv.az\/wp-content\/uploads\/2019\/08\/775057.jpg",580,387,false],"2048x2048":["https:\/\/arantv.az\/wp-content\/uploads\/2019\/08\/775057.jpg",580,387,false],"post-thumbnail":["https:\/\/arantv.az\/wp-content\/uploads\/2019\/08\/775057-240x172.jpg",240,172,true],"advps-thumb-one":["https:\/\/arantv.az\/wp-content\/uploads\/2019\/08\/775057.jpg",580,387,false]},"rttpg_author":{"display_name":"V\u00fcsal Rafiqo\u011flu","author_link":"https:\/\/arantv.az\/?author=2"},"rttpg_comment":0,"rttpg_category":"<a href=\"https:\/\/arantv.az\/?cat=1\" rel=\"category\">C\u0259miyy\u0259t<\/a>","rttpg_excerpt":"2019-cu ild\u0259 Az\u0259rbaycan Prezidenti t\u0259r\u0259find\u0259n imzalanan ikinci sosial paketl\u0259 ba\u011fl\u0131 haz\u0131rl\u0131q i\u015fl\u0259ri art\u0131q yekunla\u015f\u0131b. ARANTV.AZ\u00a0AZ\u018fRTAC-a istinad\u0259n bildirir ki, bunu \u0259m\u0259k v\u0259 \u0259halinin sosial m\u00fcdafi\u0259 naziri Sahil Babayev Prezidenti \u0130lham \u018fliyevin yan\u0131nda sosial-iqtisadi sah\u0259 il\u0259 ba\u011fl\u0131 m\u00fc\u015favir\u0259d\u0259 deyib. Nazir bildirib ki, sentyabr ay\u0131n\u0131n 1-d\u0259n etibar\u0259n minimum \u0259m\u0259khaqq\u0131n\u0131n 250 manata \u00e7atd\u0131r\u0131lmas\u0131, d\u00f6vl\u0259t sektorunda \u00e7al\u0131\u015fanlar \u0259lav\u0259 400 min&hellip;","_links":{"self":[{"href":"https:\/\/arantv.az\/index.php?rest_route=\/wp\/v2\/posts\/70373"}],"collection":[{"href":"https:\/\/arantv.az\/index.php?rest_route=\/wp\/v2\/posts"}],"about":[{"href":"https:\/\/arantv.az\/index.php?rest_route=\/wp\/v2\/types\/post"}],"author":[{"embeddable":true,"href":"https:\/\/arantv.az\/index.php?rest_route=\/wp\/v2\/users\/2"}],"replies":[{"embeddable":true,"href":"https:\/\/arantv.az\/index.php?rest_route=%2Fwp%2Fv2%2Fcomments&post=70373"}],"version-history":[{"count":0,"href":"https:\/\/arantv.az\/index.php?rest_route=\/wp\/v2\/posts\/70373\/revisions"}],"wp:featuredmedia":[{"embeddable":true,"href":"https:\/\/arantv.az\/index.php?rest_route=\/wp\/v2\/media\/70374"}],"wp:attachment":[{"href":"https:\/\/arantv.az\/index.php?rest_route=%2Fwp%2Fv2%2Fmedia&parent=70373"}],"wp:term":[{"taxonomy":"category","embeddable":true,"href":"https:\/\/arantv.az\/index.php?rest_route=%2Fwp%2Fv2%2Fcategories&post=70373"},{"taxonomy":"post_tag","embeddable":true,"href":"https:\/\/arantv.az\/index.php?rest_route=%2Fwp%2Fv2%2Ftags&post=70373"}],"curies":[{"name":"wp","href":"https:\/\/api.w.org\/{rel}","templated":true}]}}