{"id":70385,"date":"2019-08-01T09:11:48","date_gmt":"2019-08-01T06:11:48","guid":{"rendered":"http:\/\/arantv.az\/?p=70385"},"modified":"2019-08-01T09:11:48","modified_gmt":"2019-08-01T06:11:48","slug":"dil-komissiyasi-yaninda-monitorinq-m%c9%99rk%c9%99zi-yaradildi","status":"publish","type":"post","link":"https:\/\/arantv.az\/?p=70385","title":{"rendered":"Dil Komissiyas\u0131 yan\u0131nda Monitorinq M\u0259rk\u0259zi yarad\u0131ld\u0131"},"content":{"rendered":"<p>D\u00f6vl\u0259t Dil Komissiyas\u0131 yan\u0131nda Monitorinq M\u0259rk\u0259zi yarad\u0131l\u0131b.<\/p>\n<p>Bununla \u0259laq\u0259dar Ba\u015f nazir Novruz M\u0259mm\u0259dov\u00a0<a href=\"http:\/\/cabmin.gov.az\/az\/document\/3902\/\" target=\"_blank\" rel=\"noopener\">q\u0259rar<\/a>\u00a0imzalay\u0131b.<\/p>\n<p>Bu q\u0259rarla \u201cAz\u0259rbaycan Respublikas\u0131n\u0131n D\u00f6vl\u0259t Dil Komissiyas\u0131 yan\u0131nda Monitorinq M\u0259rk\u0259zinin Nizamnam\u0259si\u201dni t\u0259sdiq edilib.<\/p>\n<div id=\"AdviadNativeVideo0\" class=\"AdviadNativeVideo\"><\/div>\n<p>Nizamnam\u0259y\u0259 \u0259sas\u0259n, M\u0259rk\u0259z\u00a0Az\u0259rbaycan\u0131n d\u00f6vl\u0259t dilinin t\u0259tbiqin\u0259 n\u0259zar\u0259t ed\u0259n, k\u00fctl\u0259vi informasiya vasit\u0259l\u0259rind\u0259, internet resurslar\u0131nda v\u0259 reklam da\u015f\u0131y\u0131c\u0131lar\u0131nda \u0259d\u0259bi dil normalar\u0131n\u0131n qorunmas\u0131n\u0131 t\u0259min ed\u0259n, d\u00f6vl\u0259t b\u00fcdc\u0259sind\u0259n maliyy\u0259l\u0259\u015f\u0259n publik h\u00fcquqi \u015f\u0259xsdir.<\/p>\n<p>M\u0259rk\u0259z d\u00f6vl\u0259t dilinin t\u0259tbiqin\u0259 kompleks n\u0259zar\u0259t h\u0259yata ke\u00e7irir, televiziya v\u0259 radioda yay\u0131mlanan verili\u015fl\u0259rd\u0259, \u00e7ap v\u0259 elektron k\u00fctl\u0259vi informasiya vasit\u0259l\u0259rind\u0259, reklam, elan v\u0259 afi\u015falarda, k\u00fc\u00e7\u0259 adlar\u0131nda \u0259d\u0259bi dil normalar\u0131na riay\u0259t olunmas\u0131 il\u0259 ba\u011fl\u0131 materiallar\u0131n toplan\u0131lmas\u0131, ara\u015fd\u0131r\u0131lmas\u0131, sisteml\u0259\u015fdirilm\u0259si v\u0259 t\u0259hlilinin apar\u0131lmas\u0131, \u0259d\u0259bi dil normalar\u0131n\u0131n pozuntular\u0131n\u0131n aradan qald\u0131r\u0131lmas\u0131 \u00fcsullar\u0131n\u0131n m\u00fc\u0259yy\u0259nl\u0259\u015fdirilm\u0259si, reklamlarda, m\u00fcxt\u0259lif xidm\u0259t sah\u0259l\u0259rind\u0259, \u00e7ap v\u0259 elektron k\u00fctl\u0259vi informasiya vasit\u0259l\u0259rind\u0259 Az\u0259rbaycan dilinin fonetik, leksik-semantik v\u0259 qrammatik normalar\u0131na riay\u0259t olunmas\u0131n\u0131n t\u0259min edilm\u0259si, filml\u0259rin dublyaj\u0131 sah\u0259sind\u0259 q\u00fcsurlar\u0131n aradan qald\u0131r\u0131lmas\u0131 \u00fc\u00e7\u00fcn z\u0259ruri t\u0259dbirl\u0259rin m\u00fc\u0259yy\u0259nl\u0259\u015fdirilm\u0259si v\u0259 aidiyy\u0259ti \u00fczr\u0259 t\u0259klifl\u0259rin verilm\u0259sini h\u0259yata ke\u00e7irir.<\/p>\n<p>Qurum\u00a0reklam, afi\u015fa v\u0259 elanlarda, k\u00fc\u00e7\u0259 adlar\u0131nda \u0259d\u0259bi dil normalar\u0131n\u0131n pozulmas\u0131 hallar\u0131n\u0131n qar\u015f\u0131s\u0131n\u0131 almaq \u00fc\u00e7\u00fcn t\u0259dbirl\u0259r g\u00f6r\u00fcr.<\/p>\n<p>M\u0259rk\u0259z bununla yana\u015f\u0131, \u0259d\u0259bi dil normalar\u0131n\u0131 daha \u00e7ox pozan redaksiyalar\u0131n v\u0259 onlar\u0131n \u0259m\u0259kda\u015flar\u0131n\u0131n m\u0259suliyy\u0259tinin art\u0131r\u0131lmas\u0131 istiqam\u0259tind\u0259 maarifl\u0259ndirici t\u0259dbirl\u0259r t\u0259\u015fkil etm\u0259k, m\u0259tbu orqanlar\u0131nda, televiziya v\u0259 radio kanallar\u0131nda, internet resurslar\u0131nda v\u0259 sosial \u015f\u0259b\u0259k\u0259l\u0259rd\u0259 \u0259d\u0259bi dil normalar\u0131n\u0131n pozulmas\u0131 hallar\u0131n\u0131n qar\u015f\u0131s\u0131n\u0131 almaq \u00fcsullar\u0131n\u0131 m\u00fc\u0259yy\u0259nl\u0259\u015fdirir, reklam, elan v\u0259 afi\u015falarda apar\u0131lan monitorinql\u0259rin effektli olmas\u0131 \u00fc\u00e7\u00fcn d\u00f6vl\u0259t v\u0259 b\u0259l\u0259diyy\u0259 orqanlar\u0131, idar\u0259, t\u0259\u015fkilat v\u0259 m\u00fc\u0259ssis\u0259l\u0259rl\u0259 birg\u0259 layih\u0259l\u0259r h\u0259yata ke\u00e7irir, \u0259d\u0259bi dil normalar\u0131n\u0131n pozuntular\u0131n\u0131n statistikas\u0131n\u0131 apar\u0131r, bu pozuntularla ba\u011fl\u0131 m\u00fcvafiq d\u00f6vl\u0259t qurumlar\u0131na t\u00f6vsiy\u0259l\u0259r verir.<\/p>\n<p>M\u0259rk\u0259zi M\u00fc\u015fahid\u0259 \u015euras\u0131 v\u0259 direktor idar\u0259 edir. M\u00fc\u015fahid\u0259 \u015euras\u0131 Ba\u015f nazir t\u0259r\u0259find\u0259n v\u0259zif\u0259y\u0259 t\u0259yin v\u0259 v\u0259zif\u0259d\u0259n azad edil\u0259n \u015euran\u0131n s\u0259drind\u0259n v\u0259 m\u00fcvafiq ictimai, elmi v\u0259 t\u0259dris qurumlar\u0131n\u0131n n\u00fcmay\u0259nd\u0259l\u0259rind\u0259n ibar\u0259t dig\u0259r 4 \u00fczvd\u0259n ibar\u0259tdir. \u015eura \u00fczvl\u0259rinin s\u0259lahiyy\u0259t m\u00fcdd\u0259ti 4 ildir. \u015eura ictimai (\u00f6d\u0259ni\u015fsiz) \u0259saslarla f\u0259aliyy\u0259t g\u00f6st\u0259rir.<\/p>\n","protected":false},"excerpt":{"rendered":"<p>D\u00f6vl\u0259t Dil Komissiyas\u0131 yan\u0131nda Monitorinq M\u0259rk\u0259zi yarad\u0131l\u0131b. Bununla \u0259laq\u0259dar Ba\u015f nazir Novruz M\u0259mm\u0259dov\u00a0q\u0259rar\u00a0imzalay\u0131b. Bu q\u0259rarla \u201cAz\u0259rbaycan Respublikas\u0131n\u0131n D\u00f6vl\u0259t Dil Komissiyas\u0131 yan\u0131nda Monitorinq M\u0259rk\u0259zinin Nizamnam\u0259si\u201dni t\u0259sdiq edilib. Nizamnam\u0259y\u0259 \u0259sas\u0259n, M\u0259rk\u0259z\u00a0Az\u0259rbaycan\u0131n d\u00f6vl\u0259t dilinin t\u0259tbiqin\u0259 n\u0259zar\u0259t ed\u0259n, k\u00fctl\u0259vi informasiya vasit\u0259l\u0259rind\u0259, internet resurslar\u0131nda v\u0259 reklam da\u015f\u0131y\u0131c\u0131lar\u0131nda \u0259d\u0259bi dil normalar\u0131n\u0131n qorunmas\u0131n\u0131 t\u0259min ed\u0259n, d\u00f6vl\u0259t b\u00fcdc\u0259sind\u0259n maliyy\u0259l\u0259\u015f\u0259n publik h\u00fcquqi \u015f\u0259xsdir. M\u0259rk\u0259z d\u00f6vl\u0259t dilinin t\u0259tbiqin\u0259 kompleks n\u0259zar\u0259t h\u0259yata ke\u00e7irir, televiziya v\u0259 radioda yay\u0131mlanan verili\u015fl\u0259rd\u0259, \u00e7ap v\u0259 elektron k\u00fctl\u0259vi informasiya vasit\u0259l\u0259rind\u0259, reklam, elan v\u0259 afi\u015falarda, k\u00fc\u00e7\u0259 adlar\u0131nda \u0259d\u0259bi dil normalar\u0131na riay\u0259t olunmas\u0131 il\u0259 ba\u011fl\u0131 materiallar\u0131n toplan\u0131lmas\u0131, ara\u015fd\u0131r\u0131lmas\u0131, sisteml\u0259\u015fdirilm\u0259si&hellip;<\/p>\n","protected":false},"author":2,"featured_media":70386,"comment_status":"closed","ping_status":"closed","sticky":false,"template":"","format":"standard","meta":{"om_disable_all_campaigns":false,"_monsterinsights_skip_tracking":false,"_monsterinsights_sitenote_active":false,"_monsterinsights_sitenote_note":"","_monsterinsights_sitenote_category":0},"categories":[1],"tags":[],"aioseo_notices":[],"gutentor_comment":0,"rttpg_featured_image_url":{"full":["https:\/\/arantv.az\/wp-content\/uploads\/2019\/08\/monitorinq.jpg",620,354,false],"landscape":["https:\/\/arantv.az\/wp-content\/uploads\/2019\/08\/monitorinq.jpg",620,354,false],"portraits":["https:\/\/arantv.az\/wp-content\/uploads\/2019\/08\/monitorinq.jpg",620,354,false],"thumbnail":["https:\/\/arantv.az\/wp-content\/uploads\/2019\/08\/monitorinq-150x150.jpg",150,150,true],"medium":["https:\/\/arantv.az\/wp-content\/uploads\/2019\/08\/monitorinq-300x171.jpg",300,171,true],"large":["https:\/\/arantv.az\/wp-content\/uploads\/2019\/08\/monitorinq.jpg",620,354,false],"1536x1536":["https:\/\/arantv.az\/wp-content\/uploads\/2019\/08\/monitorinq.jpg",620,354,false],"2048x2048":["https:\/\/arantv.az\/wp-content\/uploads\/2019\/08\/monitorinq.jpg",620,354,false],"post-thumbnail":["https:\/\/arantv.az\/wp-content\/uploads\/2019\/08\/monitorinq-240x172.jpg",240,172,true],"advps-thumb-one":["https:\/\/arantv.az\/wp-content\/uploads\/2019\/08\/monitorinq.jpg",620,354,false]},"rttpg_author":{"display_name":"V\u00fcsal Rafiqo\u011flu","author_link":"https:\/\/arantv.az\/?author=2"},"rttpg_comment":0,"rttpg_category":"<a href=\"https:\/\/arantv.az\/?cat=1\" rel=\"category\">C\u0259miyy\u0259t<\/a>","rttpg_excerpt":"D\u00f6vl\u0259t Dil Komissiyas\u0131 yan\u0131nda Monitorinq M\u0259rk\u0259zi yarad\u0131l\u0131b. Bununla \u0259laq\u0259dar Ba\u015f nazir Novruz M\u0259mm\u0259dov\u00a0q\u0259rar\u00a0imzalay\u0131b. Bu q\u0259rarla \u201cAz\u0259rbaycan Respublikas\u0131n\u0131n D\u00f6vl\u0259t Dil Komissiyas\u0131 yan\u0131nda Monitorinq M\u0259rk\u0259zinin Nizamnam\u0259si\u201dni t\u0259sdiq edilib. Nizamnam\u0259y\u0259 \u0259sas\u0259n, M\u0259rk\u0259z\u00a0Az\u0259rbaycan\u0131n d\u00f6vl\u0259t dilinin t\u0259tbiqin\u0259 n\u0259zar\u0259t ed\u0259n, k\u00fctl\u0259vi informasiya vasit\u0259l\u0259rind\u0259, internet resurslar\u0131nda v\u0259 reklam da\u015f\u0131y\u0131c\u0131lar\u0131nda \u0259d\u0259bi dil normalar\u0131n\u0131n qorunmas\u0131n\u0131 t\u0259min ed\u0259n, d\u00f6vl\u0259t b\u00fcdc\u0259sind\u0259n maliyy\u0259l\u0259\u015f\u0259n publik h\u00fcquqi \u015f\u0259xsdir. M\u0259rk\u0259z&hellip;","_links":{"self":[{"href":"https:\/\/arantv.az\/index.php?rest_route=\/wp\/v2\/posts\/70385"}],"collection":[{"href":"https:\/\/arantv.az\/index.php?rest_route=\/wp\/v2\/posts"}],"about":[{"href":"https:\/\/arantv.az\/index.php?rest_route=\/wp\/v2\/types\/post"}],"author":[{"embeddable":true,"href":"https:\/\/arantv.az\/index.php?rest_route=\/wp\/v2\/users\/2"}],"replies":[{"embeddable":true,"href":"https:\/\/arantv.az\/index.php?rest_route=%2Fwp%2Fv2%2Fcomments&post=70385"}],"version-history":[{"count":0,"href":"https:\/\/arantv.az\/index.php?rest_route=\/wp\/v2\/posts\/70385\/revisions"}],"wp:featuredmedia":[{"embeddable":true,"href":"https:\/\/arantv.az\/index.php?rest_route=\/wp\/v2\/media\/70386"}],"wp:attachment":[{"href":"https:\/\/arantv.az\/index.php?rest_route=%2Fwp%2Fv2%2Fmedia&parent=70385"}],"wp:term":[{"taxonomy":"category","embeddable":true,"href":"https:\/\/arantv.az\/index.php?rest_route=%2Fwp%2Fv2%2Fcategories&post=70385"},{"taxonomy":"post_tag","embeddable":true,"href":"https:\/\/arantv.az\/index.php?rest_route=%2Fwp%2Fv2%2Ftags&post=70385"}],"curies":[{"name":"wp","href":"https:\/\/api.w.org\/{rel}","templated":true}]}}