{"id":70388,"date":"2019-08-01T09:14:00","date_gmt":"2019-08-01T06:14:00","guid":{"rendered":"http:\/\/arantv.az\/?p=70388"},"modified":"2019-08-01T09:14:00","modified_gmt":"2019-08-01T06:14:00","slug":"nazir-az%c9%99rbaycanin-s%c9%99naye-parklarinda-15-milyard-manatliq-m%c9%99hsul-istehsal-olunub","status":"publish","type":"post","link":"https:\/\/arantv.az\/?p=70388","title":{"rendered":"Nazir: &#8220;Az\u0259rbaycan\u0131n s\u0259naye parklar\u0131nda 1,5 milyard manatl\u0131q m\u0259hsul istehsal olunub&#8221;"},"content":{"rendered":"<blockquote><p><em><strong>Az\u0259rbaycan\u0131n regionlar\u0131nda yarad\u0131lm\u0131\u015f 9 s\u0259naye park\u0131 v\u0259 m\u0259h\u0259ll\u0259l\u0259rind\u0259 78 rezident qeydiyyatdan ke\u00e7ib, 45 rezident art\u0131q f\u0259aliyy\u0259t\u0259 ba\u015flay\u0131b.<\/strong><\/em><\/p><\/blockquote>\n<p><strong>ARANTV.AZ<\/strong>\u00a0\u00a0<a href=\"https:\/\/az.trend.az\/\" target=\"_blank\" rel=\"noopener\">Trend<\/a>-\u0259 istinad\u0259n x\u0259b\u0259r verir ki, bunu \u0130qtisadiyyat naziri \u015eahin Mustafayev Prezident \u0130lham \u018fliyevin yan\u0131nda sosial-iqtisadi sah\u0259 il\u0259 ba\u011fl\u0131 m\u00fc\u015favir\u0259d\u0259 deyib.<\/p>\n<p>Nazir bildirib ki, n\u0259z\u0259rd\u0259 tutulan 6,4 milyard manat s\u0259rmay\u0259d\u0259n art\u0131q 5,7 milyard manat\u0131 faktiki olaraq qoyulub v\u0259 bu layih\u0259l\u0259rin yerin\u0259 yetirilm\u0259si n\u0259tic\u0259sind\u0259 11 mind\u0259n \u00e7ox yeni i\u015f yeri a\u00e7\u0131l\u0131b: &#8220;Eyni zamanda, bu layih\u0259l\u0259rin f\u0259aliyy\u0259ti n\u0259tic\u0259sind\u0259 art\u0131q 1,5 milyard manatl\u0131q m\u0259hsul istehsal olunub ki, onun da 300 milyon manatl\u0131q hiss\u0259si ixraca y\u00f6n\u0259lib&#8221;.<\/p>\n<p>\u015e.Mustafayev vur\u011fulay\u0131b ki, regionlarda i\u015f yerl\u0259rinin a\u00e7\u0131lmas\u0131 v\u0259 m\u0259\u015f\u011fullu\u011fun t\u0259min olunmas\u0131 istiqam\u0259tind\u0259 k\u0259nd t\u0259s\u0259rr\u00fcfat\u0131 \u00fc\u00e7\u00fcn vacib olan aqroparklar\u0131n v\u0259 iri fermer t\u0259s\u0259rr\u00fcfatlar\u0131n\u0131n yarad\u0131lmas\u0131 istiqam\u0259tind\u0259 ciddi i\u015fl\u0259r apar\u0131l\u0131r: &#8220;51 aqropark\u0131n yarad\u0131lmas\u0131 istiqam\u0259tind\u0259 ciddi add\u0131mlar at\u0131l\u0131b. Art\u0131q n\u0259tic\u0259l\u0259r var. \u0130yirmi iki aqropark faktiki f\u0259aliyy\u0259td\u0259dir, bu ilin sonuna q\u0259d\u0259r 11 aqropark\u0131n f\u0259aliyy\u0259t\u0259 ba\u015flamas\u0131n\u0131 g\u00f6zl\u0259yirik. Bu layih\u0259l\u0259rin icras\u0131 n\u0259tic\u0259sind\u0259 \u00f6lk\u0259 iqtisadiyyat\u0131na 2,4 milyard manat \u0259lav\u0259 investisiya qoyulacaqd\u0131r. Eyni zamanda, bu layih\u0259l\u0259rin icras\u0131 n\u0259tic\u0259sind\u0259 4 mind\u0259n \u00e7ox yeni i\u015f yeri yarad\u0131lacaqd\u0131r&#8221;.<\/p>\n<p>Nazir qeyd edib ki, h\u0259m\u00e7inin investisiyalar\u0131n t\u0259\u015fviqi sah\u0259sind\u0259 g\u00f6r\u00fcl\u0259n i\u015fl\u0259r d\u0259 regionlar\u0131n inki\u015faf\u0131na m\u00fcsb\u0259t t\u0259sir g\u00f6st\u0259rir v\u0259 investisiyalar\u0131n t\u0259\u015fviqi mexanizmi u\u011furlu n\u0259tic\u0259l\u0259r verir: &#8220;Bu g\u00fcn\u0259d\u0259k 400-\u0259 yax\u0131n layih\u0259 t\u0259\u015fviq olunub v\u0259 onlar\u0131n n\u0259tic\u0259sind\u0259 \u00f6lk\u0259 iqtisadiyyat\u0131na 3,4 milyard manat s\u0259rmay\u0259 qoyulub. Bunlar\u0131n n\u0259tic\u0259sind\u0259 16 mind\u0259n \u00e7ox yeni i\u015f yerinin a\u00e7\u0131lmas\u0131 art\u0131q realla\u015f\u0131b.<\/p>\n<div id=\"AdviadNativeVideo0\" class=\"AdviadNativeVideo\"><\/div>\n<p>M\u0259n x\u00fcsusil\u0259 sosial sah\u0259d\u0259 g\u00f6r\u00fcl\u0259n i\u015fl\u0259ri d\u0259 vur\u011fulamaq ist\u0259yir\u0259m. Regionlar\u0131n sosial-iqtisadi inki\u015faf\u0131 proqramlar\u0131n\u0131n \u0259sas m\u0259qs\u0259dl\u0259rind\u0259n biri d\u0259 m\u0259hz sosial sah\u0259d\u0259 layih\u0259l\u0259rin h\u0259yata ke\u00e7irilm\u0259si idi. Bu sah\u0259d\u0259 d\u0259 b\u00f6y\u00fck h\u0259cmd\u0259 i\u015fl\u0259r g\u00f6r\u00fcl\u00fcb, 3 mind\u0259n \u00e7ox m\u0259kt\u0259b yenid\u0259n tikilib v\u0259 ya \u0259sasl\u0131 \u015f\u0259kild\u0259 t\u0259mir olunub. \u0130ki ildir art\u0131q yeni yana\u015fma da m\u00f6vcuddur &#8211; modul tipli m\u0259kt\u0259bl\u0259rin tikintisin\u0259 d\u0259 ba\u015flanm\u0131\u015fd\u0131r. Bu, ilk n\u00f6vb\u0259d\u0259, ki\u00e7ik k\u0259ndl\u0259rd\u0259, ucqar regionlarda yerl\u0259\u015f\u0259n k\u0259nd m\u0259kt\u0259bl\u0259rin\u0259 aid idi. Bu proqram da u\u011furla icra olunur&#8221;.<\/p>\n<p>\u0130qtisadiyyat naziri \u0259lav\u0259 edib ki, bu ilin alt\u0131 ay\u0131nda sahibkarlara 50 milyon manatad\u0259k g\u00fcz\u0259\u015ftli kredit ayr\u0131l\u0131b: &#8220;\u0130lin ikinci yar\u0131s\u0131nda 120 milyon manat h\u0259cmind\u0259 g\u00fcz\u0259\u015ftli kredit veril\u0259c\u0259k. Layih\u0259l\u0259r q\u0259bul olunub, bax\u0131l\u0131b v\u0259 haz\u0131r layih\u0259l\u0259r m\u00fc\u0259yy\u0259nl\u0259\u015fdirilib&#8221;.<\/p>\n","protected":false},"excerpt":{"rendered":"<p>Az\u0259rbaycan\u0131n regionlar\u0131nda yarad\u0131lm\u0131\u015f 9 s\u0259naye park\u0131 v\u0259 m\u0259h\u0259ll\u0259l\u0259rind\u0259 78 rezident qeydiyyatdan ke\u00e7ib, 45 rezident art\u0131q f\u0259aliyy\u0259t\u0259 ba\u015flay\u0131b. ARANTV.AZ\u00a0\u00a0Trend-\u0259 istinad\u0259n x\u0259b\u0259r verir ki, bunu \u0130qtisadiyyat naziri \u015eahin Mustafayev Prezident \u0130lham \u018fliyevin yan\u0131nda sosial-iqtisadi sah\u0259 il\u0259 ba\u011fl\u0131 m\u00fc\u015favir\u0259d\u0259 deyib. Nazir bildirib ki, n\u0259z\u0259rd\u0259 tutulan 6,4 milyard manat s\u0259rmay\u0259d\u0259n art\u0131q 5,7 milyard manat\u0131 faktiki olaraq qoyulub v\u0259 bu layih\u0259l\u0259rin yerin\u0259 yetirilm\u0259si n\u0259tic\u0259sind\u0259 11 mind\u0259n \u00e7ox yeni i\u015f yeri a\u00e7\u0131l\u0131b: &#8220;Eyni zamanda, bu layih\u0259l\u0259rin f\u0259aliyy\u0259ti n\u0259tic\u0259sind\u0259 art\u0131q 1,5 milyard manatl\u0131q m\u0259hsul istehsal olunub ki, onun da 300 milyon manatl\u0131q hiss\u0259si ixraca y\u00f6n\u0259lib&#8221;. \u015e.Mustafayev vur\u011fulay\u0131b&hellip;<\/p>\n","protected":false},"author":2,"featured_media":70389,"comment_status":"closed","ping_status":"closed","sticky":false,"template":"","format":"standard","meta":{"om_disable_all_campaigns":false,"_monsterinsights_skip_tracking":false,"_monsterinsights_sitenote_active":false,"_monsterinsights_sitenote_note":"","_monsterinsights_sitenote_category":0},"categories":[19],"tags":[],"aioseo_notices":[],"gutentor_comment":0,"rttpg_featured_image_url":{"full":["https:\/\/arantv.az\/wp-content\/uploads\/2019\/08\/775062.jpg",587,440,false],"landscape":["https:\/\/arantv.az\/wp-content\/uploads\/2019\/08\/775062.jpg",587,440,false],"portraits":["https:\/\/arantv.az\/wp-content\/uploads\/2019\/08\/775062.jpg",587,440,false],"thumbnail":["https:\/\/arantv.az\/wp-content\/uploads\/2019\/08\/775062-150x150.jpg",150,150,true],"medium":["https:\/\/arantv.az\/wp-content\/uploads\/2019\/08\/775062-300x225.jpg",300,225,true],"large":["https:\/\/arantv.az\/wp-content\/uploads\/2019\/08\/775062.jpg",587,440,false],"1536x1536":["https:\/\/arantv.az\/wp-content\/uploads\/2019\/08\/775062.jpg",587,440,false],"2048x2048":["https:\/\/arantv.az\/wp-content\/uploads\/2019\/08\/775062.jpg",587,440,false],"post-thumbnail":["https:\/\/arantv.az\/wp-content\/uploads\/2019\/08\/775062-240x172.jpg",240,172,true],"advps-thumb-one":["https:\/\/arantv.az\/wp-content\/uploads\/2019\/08\/775062.jpg",587,440,false]},"rttpg_author":{"display_name":"V\u00fcsal Rafiqo\u011flu","author_link":"https:\/\/arantv.az\/?author=2"},"rttpg_comment":0,"rttpg_category":"<a href=\"https:\/\/arantv.az\/?cat=19\" rel=\"category\">G\u00fcnd\u0259m<\/a>","rttpg_excerpt":"Az\u0259rbaycan\u0131n regionlar\u0131nda yarad\u0131lm\u0131\u015f 9 s\u0259naye park\u0131 v\u0259 m\u0259h\u0259ll\u0259l\u0259rind\u0259 78 rezident qeydiyyatdan ke\u00e7ib, 45 rezident art\u0131q f\u0259aliyy\u0259t\u0259 ba\u015flay\u0131b. ARANTV.AZ\u00a0\u00a0Trend-\u0259 istinad\u0259n x\u0259b\u0259r verir ki, bunu \u0130qtisadiyyat naziri \u015eahin Mustafayev Prezident \u0130lham \u018fliyevin yan\u0131nda sosial-iqtisadi sah\u0259 il\u0259 ba\u011fl\u0131 m\u00fc\u015favir\u0259d\u0259 deyib. Nazir bildirib ki, n\u0259z\u0259rd\u0259 tutulan 6,4 milyard manat s\u0259rmay\u0259d\u0259n art\u0131q 5,7 milyard manat\u0131 faktiki olaraq qoyulub v\u0259 bu&hellip;","_links":{"self":[{"href":"https:\/\/arantv.az\/index.php?rest_route=\/wp\/v2\/posts\/70388"}],"collection":[{"href":"https:\/\/arantv.az\/index.php?rest_route=\/wp\/v2\/posts"}],"about":[{"href":"https:\/\/arantv.az\/index.php?rest_route=\/wp\/v2\/types\/post"}],"author":[{"embeddable":true,"href":"https:\/\/arantv.az\/index.php?rest_route=\/wp\/v2\/users\/2"}],"replies":[{"embeddable":true,"href":"https:\/\/arantv.az\/index.php?rest_route=%2Fwp%2Fv2%2Fcomments&post=70388"}],"version-history":[{"count":0,"href":"https:\/\/arantv.az\/index.php?rest_route=\/wp\/v2\/posts\/70388\/revisions"}],"wp:featuredmedia":[{"embeddable":true,"href":"https:\/\/arantv.az\/index.php?rest_route=\/wp\/v2\/media\/70389"}],"wp:attachment":[{"href":"https:\/\/arantv.az\/index.php?rest_route=%2Fwp%2Fv2%2Fmedia&parent=70388"}],"wp:term":[{"taxonomy":"category","embeddable":true,"href":"https:\/\/arantv.az\/index.php?rest_route=%2Fwp%2Fv2%2Fcategories&post=70388"},{"taxonomy":"post_tag","embeddable":true,"href":"https:\/\/arantv.az\/index.php?rest_route=%2Fwp%2Fv2%2Ftags&post=70388"}],"curies":[{"name":"wp","href":"https:\/\/api.w.org\/{rel}","templated":true}]}}