{"id":70403,"date":"2019-08-01T09:27:19","date_gmt":"2019-08-01T06:27:19","guid":{"rendered":"http:\/\/arantv.az\/?p=70403"},"modified":"2019-08-01T09:27:19","modified_gmt":"2019-08-01T06:27:19","slug":"seyyid-s%c9%99xsl%c9%99r%c9%99-s%c9%99d%c9%99q%c9%99-verm%c9%99k-olarmi","status":"publish","type":"post","link":"https:\/\/arantv.az\/?p=70403","title":{"rendered":"Seyyid \u015f\u0259xsl\u0259r\u0259 s\u0259d\u0259q\u0259 verm\u0259k olarm\u0131?"},"content":{"rendered":"<p><b>Seyyid \u015f\u0259xsl\u0259r\u0259 s\u0259d\u0259q\u0259 verm\u0259k olarm\u0131?<\/b><\/p>\n<p>Seyyidl\u0259r \u0130slam dinind\u0259 \u015f\u0259r\u0259fli insanlar hesab edilir. Q\u0259dimd\u0259n b\u0259ri Pey\u011f\u0259mb\u0259r n\u0259slind\u0259n olan n\u0259cab\u0259tli seyyidl\u0259r\u0259 el i\u00e7ind\u0259 ehtiram g\u00f6st\u0259rilib, onlar camaat\u0131n a\u011fsaqqal\u0131 say\u0131l\u0131blar, xeyir-dua almaq, k\u00fcs\u00fcl\u00fcl\u0259ri bar\u0131\u015fd\u0131rmaq, qan davalar\u0131n\u0131 h\u0259ll etm\u0259k \u00fc\u00e7\u00fcn onlara m\u00fcraci\u0259t edilib. Allah-Taala seyyidl\u0259rin h\u00f6rm\u0259tini qorumaq namin\u0259 onlara, ba\u015fqalar\u0131ndan s\u0259d\u0259q\u0259 v\u0259 z\u0259kat alma\u011f\u0131 qada\u011fan edib. Seyyidl\u0259r\u0259 s\u0259d\u0259q\u0259 verilm\u0259z, pulu onlara h\u0259diyy\u0259 niyy\u0259til\u0259 verm\u0259k laz\u0131md\u0131r. Seyyid olan \u015f\u0259xs seyyid olmayandan z\u0259kat ala bilm\u0259z. H\u0259tta Ramazan bayram\u0131nda verilm\u0259si vacib olan fitr\u0259 z\u0259kat\u0131n\u0131 da seyyid olmayan \u015f\u0259xs seyyid\u0259 ver\u0259 bilm\u0259z. Seyyid yaln\u0131z ba\u015fqa seyyidd\u0259n z\u0259kat ala bil\u0259r. Bu qada\u011fan\u0131n \u0259v\u0259zind\u0259 Allah-Taala ba\u015fqa bir dini verginin \u2013 x\u00fcms\u00fcn yar\u0131s\u0131n\u0131 seyyidl\u0259r\u0259 aid edib; buna \u201cseyyid mal\u0131\u201d deyirl\u0259r v\u0259 f\u0259qir seyyidl\u0259r\u0259 t\u0259qdim edilir.<\/p>\n","protected":false},"excerpt":{"rendered":"<p>Seyyid \u015f\u0259xsl\u0259r\u0259 s\u0259d\u0259q\u0259 verm\u0259k olarm\u0131? Seyyidl\u0259r \u0130slam dinind\u0259 \u015f\u0259r\u0259fli insanlar hesab edilir. Q\u0259dimd\u0259n b\u0259ri Pey\u011f\u0259mb\u0259r n\u0259slind\u0259n olan n\u0259cab\u0259tli seyyidl\u0259r\u0259 el i\u00e7ind\u0259 ehtiram g\u00f6st\u0259rilib, onlar camaat\u0131n a\u011fsaqqal\u0131 say\u0131l\u0131blar, xeyir-dua almaq, k\u00fcs\u00fcl\u00fcl\u0259ri bar\u0131\u015fd\u0131rmaq, qan davalar\u0131n\u0131 h\u0259ll etm\u0259k \u00fc\u00e7\u00fcn onlara m\u00fcraci\u0259t edilib. Allah-Taala seyyidl\u0259rin h\u00f6rm\u0259tini qorumaq namin\u0259 onlara, ba\u015fqalar\u0131ndan s\u0259d\u0259q\u0259 v\u0259 z\u0259kat alma\u011f\u0131 qada\u011fan edib. Seyyidl\u0259r\u0259 s\u0259d\u0259q\u0259 verilm\u0259z, pulu onlara h\u0259diyy\u0259 niyy\u0259til\u0259 verm\u0259k laz\u0131md\u0131r. Seyyid olan \u015f\u0259xs seyyid olmayandan z\u0259kat ala bilm\u0259z. H\u0259tta Ramazan bayram\u0131nda verilm\u0259si vacib olan fitr\u0259 z\u0259kat\u0131n\u0131 da seyyid olmayan \u015f\u0259xs seyyid\u0259 ver\u0259 bilm\u0259z. Seyyid yaln\u0131z ba\u015fqa seyyidd\u0259n z\u0259kat ala&hellip;<\/p>\n","protected":false},"author":2,"featured_media":70404,"comment_status":"closed","ping_status":"closed","sticky":false,"template":"","format":"standard","meta":{"om_disable_all_campaigns":false,"_monsterinsights_skip_tracking":false,"_monsterinsights_sitenote_active":false,"_monsterinsights_sitenote_note":"","_monsterinsights_sitenote_category":0},"categories":[1],"tags":[],"aioseo_notices":[],"gutentor_comment":0,"rttpg_featured_image_url":{"full":["https:\/\/arantv.az\/wp-content\/uploads\/2019\/08\/thumb_sedeqe.jpg",120,66,false],"landscape":["https:\/\/arantv.az\/wp-content\/uploads\/2019\/08\/thumb_sedeqe.jpg",120,66,false],"portraits":["https:\/\/arantv.az\/wp-content\/uploads\/2019\/08\/thumb_sedeqe.jpg",120,66,false],"thumbnail":["https:\/\/arantv.az\/wp-content\/uploads\/2019\/08\/thumb_sedeqe.jpg",120,66,false],"medium":["https:\/\/arantv.az\/wp-content\/uploads\/2019\/08\/thumb_sedeqe.jpg",120,66,false],"large":["https:\/\/arantv.az\/wp-content\/uploads\/2019\/08\/thumb_sedeqe.jpg",120,66,false],"1536x1536":["https:\/\/arantv.az\/wp-content\/uploads\/2019\/08\/thumb_sedeqe.jpg",120,66,false],"2048x2048":["https:\/\/arantv.az\/wp-content\/uploads\/2019\/08\/thumb_sedeqe.jpg",120,66,false],"post-thumbnail":["https:\/\/arantv.az\/wp-content\/uploads\/2019\/08\/thumb_sedeqe.jpg",120,66,false],"advps-thumb-one":["https:\/\/arantv.az\/wp-content\/uploads\/2019\/08\/thumb_sedeqe.jpg",120,66,false]},"rttpg_author":{"display_name":"V\u00fcsal Rafiqo\u011flu","author_link":"https:\/\/arantv.az\/?author=2"},"rttpg_comment":0,"rttpg_category":"<a href=\"https:\/\/arantv.az\/?cat=1\" rel=\"category\">C\u0259miyy\u0259t<\/a>","rttpg_excerpt":"Seyyid \u015f\u0259xsl\u0259r\u0259 s\u0259d\u0259q\u0259 verm\u0259k olarm\u0131? Seyyidl\u0259r \u0130slam dinind\u0259 \u015f\u0259r\u0259fli insanlar hesab edilir. Q\u0259dimd\u0259n b\u0259ri Pey\u011f\u0259mb\u0259r n\u0259slind\u0259n olan n\u0259cab\u0259tli seyyidl\u0259r\u0259 el i\u00e7ind\u0259 ehtiram g\u00f6st\u0259rilib, onlar camaat\u0131n a\u011fsaqqal\u0131 say\u0131l\u0131blar, xeyir-dua almaq, k\u00fcs\u00fcl\u00fcl\u0259ri bar\u0131\u015fd\u0131rmaq, qan davalar\u0131n\u0131 h\u0259ll etm\u0259k \u00fc\u00e7\u00fcn onlara m\u00fcraci\u0259t edilib. Allah-Taala seyyidl\u0259rin h\u00f6rm\u0259tini qorumaq namin\u0259 onlara, ba\u015fqalar\u0131ndan s\u0259d\u0259q\u0259 v\u0259 z\u0259kat alma\u011f\u0131 qada\u011fan edib. Seyyidl\u0259r\u0259 s\u0259d\u0259q\u0259 verilm\u0259z,&hellip;","_links":{"self":[{"href":"https:\/\/arantv.az\/index.php?rest_route=\/wp\/v2\/posts\/70403"}],"collection":[{"href":"https:\/\/arantv.az\/index.php?rest_route=\/wp\/v2\/posts"}],"about":[{"href":"https:\/\/arantv.az\/index.php?rest_route=\/wp\/v2\/types\/post"}],"author":[{"embeddable":true,"href":"https:\/\/arantv.az\/index.php?rest_route=\/wp\/v2\/users\/2"}],"replies":[{"embeddable":true,"href":"https:\/\/arantv.az\/index.php?rest_route=%2Fwp%2Fv2%2Fcomments&post=70403"}],"version-history":[{"count":0,"href":"https:\/\/arantv.az\/index.php?rest_route=\/wp\/v2\/posts\/70403\/revisions"}],"wp:featuredmedia":[{"embeddable":true,"href":"https:\/\/arantv.az\/index.php?rest_route=\/wp\/v2\/media\/70404"}],"wp:attachment":[{"href":"https:\/\/arantv.az\/index.php?rest_route=%2Fwp%2Fv2%2Fmedia&parent=70403"}],"wp:term":[{"taxonomy":"category","embeddable":true,"href":"https:\/\/arantv.az\/index.php?rest_route=%2Fwp%2Fv2%2Fcategories&post=70403"},{"taxonomy":"post_tag","embeddable":true,"href":"https:\/\/arantv.az\/index.php?rest_route=%2Fwp%2Fv2%2Ftags&post=70403"}],"curies":[{"name":"wp","href":"https:\/\/api.w.org\/{rel}","templated":true}]}}