{"id":70429,"date":"2019-08-01T09:46:18","date_gmt":"2019-08-01T06:46:18","guid":{"rendered":"http:\/\/arantv.az\/?p=70429"},"modified":"2019-08-01T09:46:18","modified_gmt":"2019-08-01T06:46:18","slug":"h%c9%99ssas-%c9%99hali-qruplarindan-olan-s%c9%99xsl%c9%99r-ucun-siginacaq-mu%c9%99ssis%c9%99si-yaradildi","status":"publish","type":"post","link":"https:\/\/arantv.az\/?p=70429","title":{"rendered":"H\u0259ssas \u0259hali qruplar\u0131ndan olan \u015f\u0259xsl\u0259r \u00fc\u00e7\u00fcn S\u0131\u011f\u0131nacaq M\u00fc\u0259ssis\u0259si yarad\u0131ld\u0131"},"content":{"rendered":"<p><strong>Az\u0259rbaycanda H\u0259ssas \u0259hali qruplar\u0131ndan olan \u015f\u0259xsl\u0259r \u00fc\u00e7\u00fcn S\u0131\u011f\u0131nacaq v\u0259 Sosial Reabilitasiya M\u00fc\u0259ssis\u0259si yarad\u0131l\u0131b.<\/strong><\/p>\n<p><strong>ARANTV.AZ<\/strong>\u00a0\u00a0<a href=\"https:\/\/az.trend.az\/\" target=\"_blank\" rel=\"noopener\">Trend<\/a>-\u0259 istinad\u0259n x\u0259b\u0259r verir ki, Nazirl\u0259r Kabinetinin (NK) q\u0259rar\u0131 il\u0259 \u018fm\u0259k v\u0259 \u018fhalinin Sosial M\u00fcdafi\u0259si Nazirliyi (\u018f\u018fSMN) yan\u0131nda D\u00f6vl\u0259t Sosial M\u00fcdafi\u0259 Fondunun n\u0259zdind\u0259 &#8220;Yetkinlik ya\u015f\u0131na \u00e7atmam\u0131\u015f g\u00f6rm\u0259 imkan\u0131 m\u0259hdud \u015f\u0259xsl\u0259r \u00fc\u00e7\u00fcn B\u0259rpa M\u0259rk\u0259zi&#8221;, &#8220;Bax\u0131ms\u0131z, kims\u0259siz v\u0259 sosial t\u0259hl\u00fck\u0259li v\u0259ziyy\u0259td\u0259 olan yetkinlik ya\u015f\u0131na \u00e7atmayanlar \u00fc\u00e7\u00fcn Sosial S\u0131\u011f\u0131nacaq v\u0259 Reabilitasiya M\u00fc\u0259ssis\u0259si&#8221; v\u0259 &#8220;Ya\u015fay\u0131\u015f yeri olmayan 18 ya\u015fdan yuxar\u0131 \u015f\u0259xsl\u0259r \u00fc\u00e7\u00fcn Sosial S\u0131\u011f\u0131nacaq&#8221; sosial xidm\u0259t m\u00fc\u0259ssis\u0259l\u0259ri l\u0259\u011fv edilib.<\/p>\n<p>Onlar\u0131n \u0259sas\u0131nda \u018fm\u0259k v\u0259 \u018fhalinin Sosial M\u00fcdafi\u0259si Nazirliyi yan\u0131nda D\u00f6vl\u0259t Sosial M\u00fcdafi\u0259 Fondunun n\u0259zdind\u0259 H\u0259ssas \u0259hali qruplar\u0131ndan olan \u015f\u0259xsl\u0259r \u00fc\u00e7\u00fcn S\u0131\u011f\u0131nacaq v\u0259 Sosial Reabilitasiya M\u00fc\u0259ssis\u0259si yarad\u0131l\u0131b.<\/p>\n<p>L\u0259\u011fv edil\u0259n sosial xidm\u0259t m\u00fc\u0259ssis\u0259l\u0259rinin istifad\u0259sind\u0259 olan \u0259mlak H\u0259ssas\u00a0\u0259hali qruplar\u0131ndan olan \u015f\u0259xsl\u0259r \u00fc\u00e7\u00fcn S\u0131\u011f\u0131nacaq v\u0259 Sosial Reabilitasiya M\u00fc\u0259ssis\u0259sinin balans\u0131na, onlar\u0131n yerl\u0259\u015fdiyi torpaq sah\u0259si is\u0259 istifad\u0259sin\u0259 verilib.<\/p>\n<p>Yeni yarad\u0131lan m\u00fc\u0259ssis\u0259nin saxlan\u0131lmas\u0131 \u00fc\u00e7\u00fcn t\u0259l\u0259b olunan x\u0259rcl\u0259r d\u00f6vl\u0259t b\u00fcdc\u0259sinin m\u0259rk\u0259zl\u0259\u015fdirilmi\u015f x\u0259rcl\u0259rind\u0259 \u018f\u018fSMN \u00fc\u00e7\u00fcn n\u0259z\u0259rd\u0259 tutulmu\u015f v\u0259saitl\u0259r hesab\u0131na h\u0259yata ke\u00e7irilir.<\/p>\n<div id=\"AdviadNativeVideo0\" class=\"AdviadNativeVideo\"><\/div>\n<p>Q\u0259rara \u0259sas\u0259n, \u018f\u018fSMN bir ay m\u00fcdd\u0259tind\u0259 NK il\u0259 raz\u0131la\u015fd\u0131rmaqla, H\u0259ssas \u0259hali qruplar\u0131ndan olan \u015f\u0259xsl\u0259r \u00fc\u00e7\u00fcn S\u0131\u011f\u0131nacaq v\u0259 Sosial Reabilitasiya M\u00fc\u0259ssis\u0259sinin Nizamnam\u0259sini, strukturunu v\u0259 l\u0259\u011fv edilmi\u015f m\u00fc\u0259ssis\u0259l\u0259rin i\u015f\u00e7il\u0259rinin say h\u0259ddi daxilind\u0259 \u015ftat c\u0259dv\u0259lini t\u0259sdiq etm\u0259lidir.<\/p>\n","protected":false},"excerpt":{"rendered":"<p>Az\u0259rbaycanda H\u0259ssas \u0259hali qruplar\u0131ndan olan \u015f\u0259xsl\u0259r \u00fc\u00e7\u00fcn S\u0131\u011f\u0131nacaq v\u0259 Sosial Reabilitasiya M\u00fc\u0259ssis\u0259si yarad\u0131l\u0131b. ARANTV.AZ\u00a0\u00a0Trend-\u0259 istinad\u0259n x\u0259b\u0259r verir ki, Nazirl\u0259r Kabinetinin (NK) q\u0259rar\u0131 il\u0259 \u018fm\u0259k v\u0259 \u018fhalinin Sosial M\u00fcdafi\u0259si Nazirliyi (\u018f\u018fSMN) yan\u0131nda D\u00f6vl\u0259t Sosial M\u00fcdafi\u0259 Fondunun n\u0259zdind\u0259 &#8220;Yetkinlik ya\u015f\u0131na \u00e7atmam\u0131\u015f g\u00f6rm\u0259 imkan\u0131 m\u0259hdud \u015f\u0259xsl\u0259r \u00fc\u00e7\u00fcn B\u0259rpa M\u0259rk\u0259zi&#8221;, &#8220;Bax\u0131ms\u0131z, kims\u0259siz v\u0259 sosial t\u0259hl\u00fck\u0259li v\u0259ziyy\u0259td\u0259 olan yetkinlik ya\u015f\u0131na \u00e7atmayanlar \u00fc\u00e7\u00fcn Sosial S\u0131\u011f\u0131nacaq v\u0259 Reabilitasiya M\u00fc\u0259ssis\u0259si&#8221; v\u0259 &#8220;Ya\u015fay\u0131\u015f yeri olmayan 18 ya\u015fdan yuxar\u0131 \u015f\u0259xsl\u0259r \u00fc\u00e7\u00fcn Sosial S\u0131\u011f\u0131nacaq&#8221; sosial xidm\u0259t m\u00fc\u0259ssis\u0259l\u0259ri l\u0259\u011fv edilib. Onlar\u0131n \u0259sas\u0131nda \u018fm\u0259k v\u0259 \u018fhalinin Sosial M\u00fcdafi\u0259si Nazirliyi yan\u0131nda D\u00f6vl\u0259t Sosial M\u00fcdafi\u0259&hellip;<\/p>\n","protected":false},"author":2,"featured_media":70430,"comment_status":"closed","ping_status":"closed","sticky":false,"template":"","format":"standard","meta":{"om_disable_all_campaigns":false,"_monsterinsights_skip_tracking":false,"_monsterinsights_sitenote_active":false,"_monsterinsights_sitenote_note":"","_monsterinsights_sitenote_category":0},"categories":[1],"tags":[],"aioseo_notices":[],"gutentor_comment":0,"rttpg_featured_image_url":{"full":["https:\/\/arantv.az\/wp-content\/uploads\/2019\/08\/775067.jpg",300,225,false],"landscape":["https:\/\/arantv.az\/wp-content\/uploads\/2019\/08\/775067.jpg",300,225,false],"portraits":["https:\/\/arantv.az\/wp-content\/uploads\/2019\/08\/775067.jpg",300,225,false],"thumbnail":["https:\/\/arantv.az\/wp-content\/uploads\/2019\/08\/775067-150x150.jpg",150,150,true],"medium":["https:\/\/arantv.az\/wp-content\/uploads\/2019\/08\/775067-300x225.jpg",300,225,true],"large":["https:\/\/arantv.az\/wp-content\/uploads\/2019\/08\/775067.jpg",300,225,false],"1536x1536":["https:\/\/arantv.az\/wp-content\/uploads\/2019\/08\/775067.jpg",300,225,false],"2048x2048":["https:\/\/arantv.az\/wp-content\/uploads\/2019\/08\/775067.jpg",300,225,false],"post-thumbnail":["https:\/\/arantv.az\/wp-content\/uploads\/2019\/08\/775067-240x172.jpg",240,172,true],"advps-thumb-one":["https:\/\/arantv.az\/wp-content\/uploads\/2019\/08\/775067.jpg",300,225,false]},"rttpg_author":{"display_name":"V\u00fcsal Rafiqo\u011flu","author_link":"https:\/\/arantv.az\/?author=2"},"rttpg_comment":0,"rttpg_category":"<a href=\"https:\/\/arantv.az\/?cat=1\" rel=\"category\">C\u0259miyy\u0259t<\/a>","rttpg_excerpt":"Az\u0259rbaycanda H\u0259ssas \u0259hali qruplar\u0131ndan olan \u015f\u0259xsl\u0259r \u00fc\u00e7\u00fcn S\u0131\u011f\u0131nacaq v\u0259 Sosial Reabilitasiya M\u00fc\u0259ssis\u0259si yarad\u0131l\u0131b. ARANTV.AZ\u00a0\u00a0Trend-\u0259 istinad\u0259n x\u0259b\u0259r verir ki, Nazirl\u0259r Kabinetinin (NK) q\u0259rar\u0131 il\u0259 \u018fm\u0259k v\u0259 \u018fhalinin Sosial M\u00fcdafi\u0259si Nazirliyi (\u018f\u018fSMN) yan\u0131nda D\u00f6vl\u0259t Sosial M\u00fcdafi\u0259 Fondunun n\u0259zdind\u0259 &#8220;Yetkinlik ya\u015f\u0131na \u00e7atmam\u0131\u015f g\u00f6rm\u0259 imkan\u0131 m\u0259hdud \u015f\u0259xsl\u0259r \u00fc\u00e7\u00fcn B\u0259rpa M\u0259rk\u0259zi&#8221;, &#8220;Bax\u0131ms\u0131z, kims\u0259siz v\u0259 sosial t\u0259hl\u00fck\u0259li v\u0259ziyy\u0259td\u0259 olan yetkinlik ya\u015f\u0131na&hellip;","_links":{"self":[{"href":"https:\/\/arantv.az\/index.php?rest_route=\/wp\/v2\/posts\/70429"}],"collection":[{"href":"https:\/\/arantv.az\/index.php?rest_route=\/wp\/v2\/posts"}],"about":[{"href":"https:\/\/arantv.az\/index.php?rest_route=\/wp\/v2\/types\/post"}],"author":[{"embeddable":true,"href":"https:\/\/arantv.az\/index.php?rest_route=\/wp\/v2\/users\/2"}],"replies":[{"embeddable":true,"href":"https:\/\/arantv.az\/index.php?rest_route=%2Fwp%2Fv2%2Fcomments&post=70429"}],"version-history":[{"count":0,"href":"https:\/\/arantv.az\/index.php?rest_route=\/wp\/v2\/posts\/70429\/revisions"}],"wp:featuredmedia":[{"embeddable":true,"href":"https:\/\/arantv.az\/index.php?rest_route=\/wp\/v2\/media\/70430"}],"wp:attachment":[{"href":"https:\/\/arantv.az\/index.php?rest_route=%2Fwp%2Fv2%2Fmedia&parent=70429"}],"wp:term":[{"taxonomy":"category","embeddable":true,"href":"https:\/\/arantv.az\/index.php?rest_route=%2Fwp%2Fv2%2Fcategories&post=70429"},{"taxonomy":"post_tag","embeddable":true,"href":"https:\/\/arantv.az\/index.php?rest_route=%2Fwp%2Fv2%2Ftags&post=70429"}],"curies":[{"name":"wp","href":"https:\/\/api.w.org\/{rel}","templated":true}]}}