{"id":70432,"date":"2019-08-01T09:55:32","date_gmt":"2019-08-01T06:55:32","guid":{"rendered":"http:\/\/arantv.az\/?p=70432"},"modified":"2019-08-01T09:55:32","modified_gmt":"2019-08-01T06:55:32","slug":"milli-q%c9%99hr%c9%99manlarin-tanidilmasi-m%c9%99qs%c9%99dil%c9%99-t%c9%99lim-gerc%c9%99kl%c9%99sdirilib","status":"publish","type":"post","link":"https:\/\/arantv.az\/?p=70432","title":{"rendered":"Milli q\u0259hr\u0259manlar\u0131n tan\u0131d\u0131lmas\u0131 m\u0259qs\u0259dil\u0259 t\u0259lim ger\u00e7\u0259kl\u0259\u015fdirilib"},"content":{"rendered":"<p>Az\u0259rbaycan Respublikas\u0131n\u0131n Prezidenti yan\u0131nda QHT-l\u0259r\u0259 D\u00f6vl\u0259t D\u0259st\u0259yi \u015euras\u0131n\u0131n maliyy\u0259 yard\u0131m\u0131 v\u0259 \u201cLa\u00e7\u0131n \u201d Qa\u00e7q\u0131n\u00a0\u00a0 v\u0259 m\u0259cburi k\u00f6\u00e7k\u00fcnl\u0259r\u0259 dayaq \u0130ctimai Birliyinin t\u0259\u015fkilat\u00e7\u0131l\u0131\u011f\u0131 \u00a0il\u0259 \u201cMilli q\u0259hr\u0259manlar\u0131n tan\u0131d\u0131lmas\u0131 m\u0259qs\u0259dil\u0259 maarifl\u0259ndirm\u0259 i\u015finin apar\u0131lmas\u0131\u201d layih\u0259si \u00e7\u0259r\u00e7iv\u0259sind\u0259 \u00a018 iyul 2019- cu il tarixind\u0259 t\u0259lim ger\u00e7\u0259kl\u0259\u015fdirilib.<\/p>\n<p><strong>Arantv.az<\/strong> x\u0259b\u0259r verir ki, \u0259sas m\u0259qs\u0259d g\u0259ncl\u0259rd\u0259 v\u0259t\u0259np\u0259rv\u0259rlik ruhunun a\u015f\u0131lanmas\u0131 v\u0259 milli q\u0259hr\u0259manlar\u0131n tan\u0131d\u0131lmas\u0131 idi. T\u0259dbirl\u0259r zaman\u0131 Qaraba\u011f m\u00fcharib\u0259sind\u0259 h\u0259lak olmu\u015f, V\u0259t\u0259n u\u011frunda can\u0131ndan ke\u00e7\u0259n q\u0259hr\u0259manlar haqq\u0131nda geni\u015f informasiya verilmi\u015fdir. Bildirilmi\u015fdir ki, V\u0259t\u0259n\u0259n ke\u015fiyind\u0259 durmaq, ona laiqli \u00f6vlad olmaq h\u0259r bir g\u0259ncin borcudur. T\u0259dbirin sonunda g\u0259ncl\u0259r\u0259 milli q\u0259hr\u0259manlar haqq\u0131nda b\u0259s ed\u0259n bukletl\u0259r paylan\u0131lm\u0131\u015fd\u0131r.<\/p>\n<p><img loading=\"lazy\" class=\"alignnone size-medium wp-image-70433\" src=\"https:\/\/arantv.az\/wp-content\/uploads\/2019\/08\/67399935_571781306560401_2104511752879210496_n-300x169.jpg\" alt=\"\" width=\"300\" height=\"169\" \/> <img loading=\"lazy\" class=\"alignnone size-medium wp-image-70434\" src=\"https:\/\/arantv.az\/wp-content\/uploads\/2019\/08\/67301979_430750847655012_5463896723539623936_n-300x169.jpg\" alt=\"\" width=\"300\" height=\"169\" \/><\/p>\n","protected":false},"excerpt":{"rendered":"<p>Az\u0259rbaycan Respublikas\u0131n\u0131n Prezidenti yan\u0131nda QHT-l\u0259r\u0259 D\u00f6vl\u0259t D\u0259st\u0259yi \u015euras\u0131n\u0131n maliyy\u0259 yard\u0131m\u0131 v\u0259 \u201cLa\u00e7\u0131n \u201d Qa\u00e7q\u0131n\u00a0\u00a0 v\u0259 m\u0259cburi k\u00f6\u00e7k\u00fcnl\u0259r\u0259 dayaq \u0130ctimai Birliyinin t\u0259\u015fkilat\u00e7\u0131l\u0131\u011f\u0131 \u00a0il\u0259 \u201cMilli q\u0259hr\u0259manlar\u0131n tan\u0131d\u0131lmas\u0131 m\u0259qs\u0259dil\u0259 maarifl\u0259ndirm\u0259 i\u015finin apar\u0131lmas\u0131\u201d layih\u0259si \u00e7\u0259r\u00e7iv\u0259sind\u0259 \u00a018 iyul 2019- cu il tarixind\u0259 t\u0259lim ger\u00e7\u0259kl\u0259\u015fdirilib. Arantv.az x\u0259b\u0259r verir ki, \u0259sas m\u0259qs\u0259d g\u0259ncl\u0259rd\u0259 v\u0259t\u0259np\u0259rv\u0259rlik ruhunun a\u015f\u0131lanmas\u0131 v\u0259 milli q\u0259hr\u0259manlar\u0131n tan\u0131d\u0131lmas\u0131 idi. T\u0259dbirl\u0259r zaman\u0131 Qaraba\u011f m\u00fcharib\u0259sind\u0259 h\u0259lak olmu\u015f, V\u0259t\u0259n u\u011frunda can\u0131ndan ke\u00e7\u0259n q\u0259hr\u0259manlar haqq\u0131nda geni\u015f informasiya verilmi\u015fdir. Bildirilmi\u015fdir ki, V\u0259t\u0259n\u0259n ke\u015fiyind\u0259 durmaq, ona laiqli \u00f6vlad olmaq h\u0259r bir g\u0259ncin borcudur. T\u0259dbirin sonunda g\u0259ncl\u0259r\u0259 milli q\u0259hr\u0259manlar haqq\u0131nda b\u0259s ed\u0259n&hellip;<\/p>\n","protected":false},"author":2,"featured_media":70433,"comment_status":"closed","ping_status":"closed","sticky":false,"template":"","format":"standard","meta":{"om_disable_all_campaigns":false,"_monsterinsights_skip_tracking":false,"_monsterinsights_sitenote_active":false,"_monsterinsights_sitenote_note":"","_monsterinsights_sitenote_category":0},"categories":[2],"tags":[],"aioseo_notices":[],"gutentor_comment":0,"rttpg_featured_image_url":{"full":["https:\/\/arantv.az\/wp-content\/uploads\/2019\/08\/67399935_571781306560401_2104511752879210496_n.jpg",1280,720,false],"landscape":["https:\/\/arantv.az\/wp-content\/uploads\/2019\/08\/67399935_571781306560401_2104511752879210496_n.jpg",1280,720,false],"portraits":["https:\/\/arantv.az\/wp-content\/uploads\/2019\/08\/67399935_571781306560401_2104511752879210496_n.jpg",1280,720,false],"thumbnail":["https:\/\/arantv.az\/wp-content\/uploads\/2019\/08\/67399935_571781306560401_2104511752879210496_n-150x150.jpg",150,150,true],"medium":["https:\/\/arantv.az\/wp-content\/uploads\/2019\/08\/67399935_571781306560401_2104511752879210496_n-300x169.jpg",300,169,true],"large":["https:\/\/arantv.az\/wp-content\/uploads\/2019\/08\/67399935_571781306560401_2104511752879210496_n-1024x576.jpg",640,360,true],"1536x1536":["https:\/\/arantv.az\/wp-content\/uploads\/2019\/08\/67399935_571781306560401_2104511752879210496_n.jpg",1280,720,false],"2048x2048":["https:\/\/arantv.az\/wp-content\/uploads\/2019\/08\/67399935_571781306560401_2104511752879210496_n.jpg",1280,720,false],"post-thumbnail":["https:\/\/arantv.az\/wp-content\/uploads\/2019\/08\/67399935_571781306560401_2104511752879210496_n-240x172.jpg",240,172,true],"advps-thumb-one":["https:\/\/arantv.az\/wp-content\/uploads\/2019\/08\/67399935_571781306560401_2104511752879210496_n-1200x620.jpg",1200,620,true]},"rttpg_author":{"display_name":"V\u00fcsal Rafiqo\u011flu","author_link":"https:\/\/arantv.az\/?author=2"},"rttpg_comment":0,"rttpg_category":"<a href=\"https:\/\/arantv.az\/?cat=2\" rel=\"category\">Region X\u0259b\u0259rl\u0259ri<\/a>","rttpg_excerpt":"Az\u0259rbaycan Respublikas\u0131n\u0131n Prezidenti yan\u0131nda QHT-l\u0259r\u0259 D\u00f6vl\u0259t D\u0259st\u0259yi \u015euras\u0131n\u0131n maliyy\u0259 yard\u0131m\u0131 v\u0259 \u201cLa\u00e7\u0131n \u201d Qa\u00e7q\u0131n\u00a0\u00a0 v\u0259 m\u0259cburi k\u00f6\u00e7k\u00fcnl\u0259r\u0259 dayaq \u0130ctimai Birliyinin t\u0259\u015fkilat\u00e7\u0131l\u0131\u011f\u0131 \u00a0il\u0259 \u201cMilli q\u0259hr\u0259manlar\u0131n tan\u0131d\u0131lmas\u0131 m\u0259qs\u0259dil\u0259 maarifl\u0259ndirm\u0259 i\u015finin apar\u0131lmas\u0131\u201d layih\u0259si \u00e7\u0259r\u00e7iv\u0259sind\u0259 \u00a018 iyul 2019- cu il tarixind\u0259 t\u0259lim ger\u00e7\u0259kl\u0259\u015fdirilib. Arantv.az x\u0259b\u0259r verir ki, \u0259sas m\u0259qs\u0259d g\u0259ncl\u0259rd\u0259 v\u0259t\u0259np\u0259rv\u0259rlik ruhunun a\u015f\u0131lanmas\u0131 v\u0259 milli q\u0259hr\u0259manlar\u0131n tan\u0131d\u0131lmas\u0131 idi. T\u0259dbirl\u0259r&hellip;","_links":{"self":[{"href":"https:\/\/arantv.az\/index.php?rest_route=\/wp\/v2\/posts\/70432"}],"collection":[{"href":"https:\/\/arantv.az\/index.php?rest_route=\/wp\/v2\/posts"}],"about":[{"href":"https:\/\/arantv.az\/index.php?rest_route=\/wp\/v2\/types\/post"}],"author":[{"embeddable":true,"href":"https:\/\/arantv.az\/index.php?rest_route=\/wp\/v2\/users\/2"}],"replies":[{"embeddable":true,"href":"https:\/\/arantv.az\/index.php?rest_route=%2Fwp%2Fv2%2Fcomments&post=70432"}],"version-history":[{"count":0,"href":"https:\/\/arantv.az\/index.php?rest_route=\/wp\/v2\/posts\/70432\/revisions"}],"wp:featuredmedia":[{"embeddable":true,"href":"https:\/\/arantv.az\/index.php?rest_route=\/wp\/v2\/media\/70433"}],"wp:attachment":[{"href":"https:\/\/arantv.az\/index.php?rest_route=%2Fwp%2Fv2%2Fmedia&parent=70432"}],"wp:term":[{"taxonomy":"category","embeddable":true,"href":"https:\/\/arantv.az\/index.php?rest_route=%2Fwp%2Fv2%2Fcategories&post=70432"},{"taxonomy":"post_tag","embeddable":true,"href":"https:\/\/arantv.az\/index.php?rest_route=%2Fwp%2Fv2%2Ftags&post=70432"}],"curies":[{"name":"wp","href":"https:\/\/api.w.org\/{rel}","templated":true}]}}