{"id":70436,"date":"2019-08-01T10:09:37","date_gmt":"2019-08-01T07:09:37","guid":{"rendered":"http:\/\/arantv.az\/?p=70436"},"modified":"2019-08-01T10:09:37","modified_gmt":"2019-08-01T07:09:37","slug":"bas-bankir-biznes-kreditl%c9%99ri-artmir-t%c9%99dbirl%c9%99r-gorm%c9%99k-lazimdir","status":"publish","type":"post","link":"https:\/\/arantv.az\/?p=70436","title":{"rendered":"Ba\u015f bankir: Biznes kreditl\u0259ri artm\u0131r, t\u0259dbirl\u0259r g\u00f6rm\u0259k laz\u0131md\u0131r"},"content":{"rendered":"<p>Biznes kreditl\u0259ri artm\u0131r, t\u0259dbirl\u0259r g\u00f6rm\u0259k laz\u0131md\u0131r.<\/p>\n<p>Bunu M\u0259rk\u0259zi Bank\u0131n \u0130dar\u0259 Hey\u0259tinin s\u0259dri Elman R\u00fcst\u0259mov Prezident \u0130lham \u018fliyevin yan\u0131nda sosial-iqtisadi sah\u0259 il\u0259 ba\u011fl\u0131 m\u00fc\u015favir\u0259d\u0259 \u00e7\u0131x\u0131\u015f\u0131 zaman\u0131 deyib.<\/p>\n<p>E.R\u00fcst\u0259mov bildirib ki, dollarla\u015fma a\u015fa\u011f\u0131 d\u00fc\u015fm\u0259y\u0259 ba\u015flay\u0131b:<\/p>\n<div id=\"AdviadNativeVideo0\" class=\"AdviadNativeVideo\"><\/div>\n<p>\u201cFiziki \u015f\u0259xsl\u0259rin \u0259man\u0259tl\u0259rinin dollarla\u015fmas\u0131 2016-c\u0131 ild\u0259 pik n\u00f6qt\u0259d\u0259ki 85 faizd\u0259n 56 faiz\u0259, kreditl\u0259rin dollarla\u015fmas\u0131 m\u00fcvafiq olaraq 52 faizd\u0259n 35 faiz\u0259 q\u0259d\u0259r a\u015fa\u011f\u0131 d\u00fc\u015f\u00fcb\u201d.<\/p>\n<p>Onun s\u00f6zl\u0259rin\u0259 g\u00f6r\u0259, kredit aktivliyi davam edir. Cari ilin alt\u0131 ay\u0131nda kreditl\u0259r 3,6 faiz art\u0131b:<\/p>\n<p>\u201cLakin bu zaman ba\u015fl\u0131ca olaraq bu art\u0131m 9 faizd\u0259n \u00e7ox istehlak kreditl\u0259ri t\u0259r\u0259find\u0259n ba\u015f verib. Amma biznes kreditl\u0259ri, real sektorda kreditl\u0259r bir q\u0259d\u0259r &#8211; 0,3 faiz azal\u0131b. Hesab edirik ki, biz diqq\u0259tli olmal\u0131y\u0131q. \u0130stehlak kreditl\u0259rinin artmas\u0131 diqq\u0259tl\u0259 izl\u0259nilm\u0259lidir. H\u0259m b\u00fct\u00f6vl\u00fckd\u0259 \u0259halinin borc y\u00fck\u00fcn\u00fcn artmas\u0131n\u0131, h\u0259m d\u0259 bank sektorunun portfelind\u0259 bunun 50 faiz\u0259 yax\u0131nla\u015fmas\u0131n\u0131 izl\u0259m\u0259liyik ki, sabah bu, hans\u0131 probleml\u0259r yarada bil\u0259r\u201d.<\/p>\n<p>M\u0259rk\u0259zi Bank r\u0259hb\u0259ri qeyd edib ki, bu g\u00fcn bank sektorunda \u0259h\u0259miyy\u0259tli likvidlik var:<\/p>\n<p>\u201cAmma biz yen\u0259 d\u0259 g\u00f6r\u00fcr\u00fck ki, biznes kreditl\u0259ri artm\u0131r. G\u00f6r\u00fcn\u00fcr, kompleks requlyativ, stimulla\u015fd\u0131r\u0131c\u0131 t\u0259dbirl\u0259r g\u00f6rm\u0259k laz\u0131m g\u0259l\u0259c\u0259k ki, bu kreditl\u0259r b\u00fct\u00f6vl\u00fckd\u0259 real sektora getsin v\u0259 b\u00fct\u00f6vl\u00fckd\u0259 \u00f6lk\u0259d\u0259 daxili investisiya prosesini d\u0259st\u0259kl\u0259sin\u201d.<\/p>\n<p>E.R\u00fcst\u0259mov onu da bildirib ki, \u0259halinin devalvasiya d\u00f6vr\u00fcnd\u0259 z\u0259r\u0259r g\u00f6rd\u00fcy\u00fc valyuta kreditl\u0259rinin Prezidentin f\u0259rman\u0131 v\u0259 t\u0259\u015f\u0259bb\u00fcs\u00fc il\u0259 kompensasiya olunmas\u0131 prosesi tam ba\u015fa \u00e7at\u0131b, bu v\u0259saitl\u0259r \u0259haliy\u0259 \u00f6d\u0259nilib:<\/p>\n<p>\u201cManat kreditl\u0259rinin restrukturizasiyas\u0131 \u00fczr\u0259 haz\u0131rl\u0131q i\u015fl\u0259ri yekunla\u015f\u0131bd\u0131r. Yax\u0131n vaxtlarda biz \u0259laq\u0259dar qurumlarla birlikd\u0259 bu v\u0259saitl\u0259rin \u0259haliy\u0259 verilm\u0259sini t\u0259min ed\u0259c\u0259yik\u201d.<\/p>\n","protected":false},"excerpt":{"rendered":"<p>Biznes kreditl\u0259ri artm\u0131r, t\u0259dbirl\u0259r g\u00f6rm\u0259k laz\u0131md\u0131r. Bunu M\u0259rk\u0259zi Bank\u0131n \u0130dar\u0259 Hey\u0259tinin s\u0259dri Elman R\u00fcst\u0259mov Prezident \u0130lham \u018fliyevin yan\u0131nda sosial-iqtisadi sah\u0259 il\u0259 ba\u011fl\u0131 m\u00fc\u015favir\u0259d\u0259 \u00e7\u0131x\u0131\u015f\u0131 zaman\u0131 deyib. E.R\u00fcst\u0259mov bildirib ki, dollarla\u015fma a\u015fa\u011f\u0131 d\u00fc\u015fm\u0259y\u0259 ba\u015flay\u0131b: \u201cFiziki \u015f\u0259xsl\u0259rin \u0259man\u0259tl\u0259rinin dollarla\u015fmas\u0131 2016-c\u0131 ild\u0259 pik n\u00f6qt\u0259d\u0259ki 85 faizd\u0259n 56 faiz\u0259, kreditl\u0259rin dollarla\u015fmas\u0131 m\u00fcvafiq olaraq 52 faizd\u0259n 35 faiz\u0259 q\u0259d\u0259r a\u015fa\u011f\u0131 d\u00fc\u015f\u00fcb\u201d. Onun s\u00f6zl\u0259rin\u0259 g\u00f6r\u0259, kredit aktivliyi davam edir. Cari ilin alt\u0131 ay\u0131nda kreditl\u0259r 3,6 faiz art\u0131b: \u201cLakin bu zaman ba\u015fl\u0131ca olaraq bu art\u0131m 9 faizd\u0259n \u00e7ox istehlak kreditl\u0259ri t\u0259r\u0259find\u0259n ba\u015f verib. Amma biznes kreditl\u0259ri, real&hellip;<\/p>\n","protected":false},"author":2,"featured_media":70437,"comment_status":"closed","ping_status":"closed","sticky":false,"template":"","format":"standard","meta":{"om_disable_all_campaigns":false,"_monsterinsights_skip_tracking":false,"_monsterinsights_sitenote_active":false,"_monsterinsights_sitenote_note":"","_monsterinsights_sitenote_category":0},"categories":[19],"tags":[],"aioseo_notices":[],"gutentor_comment":0,"rttpg_featured_image_url":{"full":["https:\/\/arantv.az\/wp-content\/uploads\/2019\/08\/biznes_kredit.jpg",620,415,false],"landscape":["https:\/\/arantv.az\/wp-content\/uploads\/2019\/08\/biznes_kredit.jpg",620,415,false],"portraits":["https:\/\/arantv.az\/wp-content\/uploads\/2019\/08\/biznes_kredit.jpg",620,415,false],"thumbnail":["https:\/\/arantv.az\/wp-content\/uploads\/2019\/08\/biznes_kredit-150x150.jpg",150,150,true],"medium":["https:\/\/arantv.az\/wp-content\/uploads\/2019\/08\/biznes_kredit-300x201.jpg",300,201,true],"large":["https:\/\/arantv.az\/wp-content\/uploads\/2019\/08\/biznes_kredit.jpg",620,415,false],"1536x1536":["https:\/\/arantv.az\/wp-content\/uploads\/2019\/08\/biznes_kredit.jpg",620,415,false],"2048x2048":["https:\/\/arantv.az\/wp-content\/uploads\/2019\/08\/biznes_kredit.jpg",620,415,false],"post-thumbnail":["https:\/\/arantv.az\/wp-content\/uploads\/2019\/08\/biznes_kredit-240x172.jpg",240,172,true],"advps-thumb-one":["https:\/\/arantv.az\/wp-content\/uploads\/2019\/08\/biznes_kredit.jpg",620,415,false]},"rttpg_author":{"display_name":"V\u00fcsal Rafiqo\u011flu","author_link":"https:\/\/arantv.az\/?author=2"},"rttpg_comment":0,"rttpg_category":"<a href=\"https:\/\/arantv.az\/?cat=19\" rel=\"category\">G\u00fcnd\u0259m<\/a>","rttpg_excerpt":"Biznes kreditl\u0259ri artm\u0131r, t\u0259dbirl\u0259r g\u00f6rm\u0259k laz\u0131md\u0131r. Bunu M\u0259rk\u0259zi Bank\u0131n \u0130dar\u0259 Hey\u0259tinin s\u0259dri Elman R\u00fcst\u0259mov Prezident \u0130lham \u018fliyevin yan\u0131nda sosial-iqtisadi sah\u0259 il\u0259 ba\u011fl\u0131 m\u00fc\u015favir\u0259d\u0259 \u00e7\u0131x\u0131\u015f\u0131 zaman\u0131 deyib. E.R\u00fcst\u0259mov bildirib ki, dollarla\u015fma a\u015fa\u011f\u0131 d\u00fc\u015fm\u0259y\u0259 ba\u015flay\u0131b: \u201cFiziki \u015f\u0259xsl\u0259rin \u0259man\u0259tl\u0259rinin dollarla\u015fmas\u0131 2016-c\u0131 ild\u0259 pik n\u00f6qt\u0259d\u0259ki 85 faizd\u0259n 56 faiz\u0259, kreditl\u0259rin dollarla\u015fmas\u0131 m\u00fcvafiq olaraq 52 faizd\u0259n 35 faiz\u0259 q\u0259d\u0259r a\u015fa\u011f\u0131&hellip;","_links":{"self":[{"href":"https:\/\/arantv.az\/index.php?rest_route=\/wp\/v2\/posts\/70436"}],"collection":[{"href":"https:\/\/arantv.az\/index.php?rest_route=\/wp\/v2\/posts"}],"about":[{"href":"https:\/\/arantv.az\/index.php?rest_route=\/wp\/v2\/types\/post"}],"author":[{"embeddable":true,"href":"https:\/\/arantv.az\/index.php?rest_route=\/wp\/v2\/users\/2"}],"replies":[{"embeddable":true,"href":"https:\/\/arantv.az\/index.php?rest_route=%2Fwp%2Fv2%2Fcomments&post=70436"}],"version-history":[{"count":0,"href":"https:\/\/arantv.az\/index.php?rest_route=\/wp\/v2\/posts\/70436\/revisions"}],"wp:featuredmedia":[{"embeddable":true,"href":"https:\/\/arantv.az\/index.php?rest_route=\/wp\/v2\/media\/70437"}],"wp:attachment":[{"href":"https:\/\/arantv.az\/index.php?rest_route=%2Fwp%2Fv2%2Fmedia&parent=70436"}],"wp:term":[{"taxonomy":"category","embeddable":true,"href":"https:\/\/arantv.az\/index.php?rest_route=%2Fwp%2Fv2%2Fcategories&post=70436"},{"taxonomy":"post_tag","embeddable":true,"href":"https:\/\/arantv.az\/index.php?rest_route=%2Fwp%2Fv2%2Ftags&post=70436"}],"curies":[{"name":"wp","href":"https:\/\/api.w.org\/{rel}","templated":true}]}}