{"id":70446,"date":"2019-08-01T10:27:05","date_gmt":"2019-08-01T07:27:05","guid":{"rendered":"http:\/\/arantv.az\/?p=70446"},"modified":"2019-08-01T10:27:05","modified_gmt":"2019-08-01T07:27:05","slug":"az%c9%99rbaycanda-faci%c9%99vi-s%c9%99kild%c9%99-ol%c9%99n-musiqicinin-fotolari-meyiti-axtarilir","status":"publish","type":"post","link":"https:\/\/arantv.az\/?p=70446","title":{"rendered":"Az\u0259rbaycanda faci\u0259vi \u015f\u0259kild\u0259 \u00f6l\u0259n musiqi\u00e7inin FOTOLARI &#8211; MEY\u0130T\u0130 AXTARILIR"},"content":{"rendered":"<p>X\u0259b\u0259r verdiyimiz kimi d\u00fcn\u0259n Xa\u00e7maz rayonunun Niyazoba k\u0259ndi yax\u0131nl\u0131\u011f\u0131nda X\u0259z\u0259r d\u0259nizi sahilind\u0259 1992-ci il t\u0259v\u0259ll\u00fcdl\u00fc \u018fkb\u0259rov P\u0259nah Bayram o\u011flu bo\u00f6ularaq d\u00fcnyas\u0131n\u0131 d\u0259yi\u015fib. Musiqi\u00e7inin ataxr\u0131\u015flar\u0131 davam etdirilir. K\u00f6hn\u0259 Xa\u00e7maz q\u0259s\u0259b\u0259 sakini olan musiqi\u00e7inin axtar\u0131\u015flar\u0131na dal\u011f\u0131clar c\u0259lb edilib.<\/p>\n<p>Qeyd ed\u0259k ki, P.\u018fkb\u0259rov Xa\u00e7mazdak\u0131 musiqi ansambllar\u0131n\u0131n t\u0259rkibind\u0259 s\u0259s al\u0259tl\u0259ri ifa\u00e7\u0131s\u0131 kimi tan\u0131n\u0131b. O, xarici \u00f6lk\u0259l\u0259rd\u0259 g\u0259zintid\u0259 olma\u011f\u0131 sevirmi\u015f.<\/p>\n<div id=\"AdviadNativeVideo0\" class=\"AdviadNativeVideo\"><\/div>\n<p><b>ARANTV.AZ\u00a0<\/b>v\u0259fat ed\u0259n musiqi\u00e7inin fotolar\u0131n\u0131 t\u0259qdim edirik.<br \/>\n<img class=\"imgbcodecent\" src=\"https:\/\/upload.az\/foto\/arxiv\/2_51564643935.jpg\" alt=\"Az\u0259rbaycanda faci\u0259vi \u015f\u0259kild\u0259 \u00f6l\u0259n musiqi\u00e7inin FOTOLARI - MEY\u0130T\u0130 AXTARILIR\" \/><br \/>\n<img class=\"imgbcodecent\" src=\"https:\/\/upload.az\/foto\/arxiv\/3_71564643935.jpg\" alt=\"Az\u0259rbaycanda faci\u0259vi \u015f\u0259kild\u0259 \u00f6l\u0259n musiqi\u00e7inin FOTOLARI - MEY\u0130T\u0130 AXTARILIR\" \/><br \/>\n<img class=\"imgbcodecent\" src=\"https:\/\/upload.az\/foto\/arxiv\/4_21564643935.jpg\" alt=\"Az\u0259rbaycanda faci\u0259vi \u015f\u0259kild\u0259 \u00f6l\u0259n musiqi\u00e7inin FOTOLARI - MEY\u0130T\u0130 AXTARILIR\" \/><br \/>\n<img class=\"imgbcodecent\" src=\"https:\/\/upload.az\/foto\/arxiv\/5_11564643935.jpg\" alt=\"Az\u0259rbaycanda faci\u0259vi \u015f\u0259kild\u0259 \u00f6l\u0259n musiqi\u00e7inin FOTOLARI - MEY\u0130T\u0130 AXTARILIR\" \/><br \/>\n<img class=\"imgbcodecent\" src=\"https:\/\/upload.az\/foto\/arxiv\/13_71564643935.png\" alt=\"Az\u0259rbaycanda faci\u0259vi \u015f\u0259kild\u0259 \u00f6l\u0259n musiqi\u00e7inin FOTOLARI - MEY\u0130T\u0130 AXTARILIR\" \/><\/p>\n<p>big.az<\/p>\n","protected":false},"excerpt":{"rendered":"<p>X\u0259b\u0259r verdiyimiz kimi d\u00fcn\u0259n Xa\u00e7maz rayonunun Niyazoba k\u0259ndi yax\u0131nl\u0131\u011f\u0131nda X\u0259z\u0259r d\u0259nizi sahilind\u0259 1992-ci il t\u0259v\u0259ll\u00fcdl\u00fc \u018fkb\u0259rov P\u0259nah Bayram o\u011flu bo\u00f6ularaq d\u00fcnyas\u0131n\u0131 d\u0259yi\u015fib. Musiqi\u00e7inin ataxr\u0131\u015flar\u0131 davam etdirilir. K\u00f6hn\u0259 Xa\u00e7maz q\u0259s\u0259b\u0259 sakini olan musiqi\u00e7inin axtar\u0131\u015flar\u0131na dal\u011f\u0131clar c\u0259lb edilib. Qeyd ed\u0259k ki, P.\u018fkb\u0259rov Xa\u00e7mazdak\u0131 musiqi ansambllar\u0131n\u0131n t\u0259rkibind\u0259 s\u0259s al\u0259tl\u0259ri ifa\u00e7\u0131s\u0131 kimi tan\u0131n\u0131b. O, xarici \u00f6lk\u0259l\u0259rd\u0259 g\u0259zintid\u0259 olma\u011f\u0131 sevirmi\u015f. ARANTV.AZ\u00a0v\u0259fat ed\u0259n musiqi\u00e7inin fotolar\u0131n\u0131 t\u0259qdim edirik. big.az<\/p>\n","protected":false},"author":2,"featured_media":70447,"comment_status":"closed","ping_status":"closed","sticky":false,"template":"","format":"standard","meta":{"om_disable_all_campaigns":false,"_monsterinsights_skip_tracking":false,"_monsterinsights_sitenote_active":false,"_monsterinsights_sitenote_note":"","_monsterinsights_sitenote_category":0},"categories":[5],"tags":[],"aioseo_notices":[],"gutentor_comment":0,"rttpg_featured_image_url":{"full":["https:\/\/arantv.az\/wp-content\/uploads\/2019\/08\/5_91564643960.jpg",604,649,false],"landscape":["https:\/\/arantv.az\/wp-content\/uploads\/2019\/08\/5_91564643960.jpg",604,649,false],"portraits":["https:\/\/arantv.az\/wp-content\/uploads\/2019\/08\/5_91564643960.jpg",604,649,false],"thumbnail":["https:\/\/arantv.az\/wp-content\/uploads\/2019\/08\/5_91564643960-150x150.jpg",150,150,true],"medium":["https:\/\/arantv.az\/wp-content\/uploads\/2019\/08\/5_91564643960-279x300.jpg",279,300,true],"large":["https:\/\/arantv.az\/wp-content\/uploads\/2019\/08\/5_91564643960.jpg",604,649,false],"1536x1536":["https:\/\/arantv.az\/wp-content\/uploads\/2019\/08\/5_91564643960.jpg",604,649,false],"2048x2048":["https:\/\/arantv.az\/wp-content\/uploads\/2019\/08\/5_91564643960.jpg",604,649,false],"post-thumbnail":["https:\/\/arantv.az\/wp-content\/uploads\/2019\/08\/5_91564643960-240x172.jpg",240,172,true],"advps-thumb-one":["https:\/\/arantv.az\/wp-content\/uploads\/2019\/08\/5_91564643960-604x620.jpg",604,620,true]},"rttpg_author":{"display_name":"V\u00fcsal Rafiqo\u011flu","author_link":"https:\/\/arantv.az\/?author=2"},"rttpg_comment":0,"rttpg_category":"<a href=\"https:\/\/arantv.az\/?cat=5\" rel=\"category\">Hadis\u0259<\/a>","rttpg_excerpt":"X\u0259b\u0259r verdiyimiz kimi d\u00fcn\u0259n Xa\u00e7maz rayonunun Niyazoba k\u0259ndi yax\u0131nl\u0131\u011f\u0131nda X\u0259z\u0259r d\u0259nizi sahilind\u0259 1992-ci il t\u0259v\u0259ll\u00fcdl\u00fc \u018fkb\u0259rov P\u0259nah Bayram o\u011flu bo\u00f6ularaq d\u00fcnyas\u0131n\u0131 d\u0259yi\u015fib. Musiqi\u00e7inin ataxr\u0131\u015flar\u0131 davam etdirilir. K\u00f6hn\u0259 Xa\u00e7maz q\u0259s\u0259b\u0259 sakini olan musiqi\u00e7inin axtar\u0131\u015flar\u0131na dal\u011f\u0131clar c\u0259lb edilib. Qeyd ed\u0259k ki, P.\u018fkb\u0259rov Xa\u00e7mazdak\u0131 musiqi ansambllar\u0131n\u0131n t\u0259rkibind\u0259 s\u0259s al\u0259tl\u0259ri ifa\u00e7\u0131s\u0131 kimi tan\u0131n\u0131b. O, xarici \u00f6lk\u0259l\u0259rd\u0259 g\u0259zintid\u0259 olma\u011f\u0131 sevirmi\u015f.&hellip;","_links":{"self":[{"href":"https:\/\/arantv.az\/index.php?rest_route=\/wp\/v2\/posts\/70446"}],"collection":[{"href":"https:\/\/arantv.az\/index.php?rest_route=\/wp\/v2\/posts"}],"about":[{"href":"https:\/\/arantv.az\/index.php?rest_route=\/wp\/v2\/types\/post"}],"author":[{"embeddable":true,"href":"https:\/\/arantv.az\/index.php?rest_route=\/wp\/v2\/users\/2"}],"replies":[{"embeddable":true,"href":"https:\/\/arantv.az\/index.php?rest_route=%2Fwp%2Fv2%2Fcomments&post=70446"}],"version-history":[{"count":0,"href":"https:\/\/arantv.az\/index.php?rest_route=\/wp\/v2\/posts\/70446\/revisions"}],"wp:featuredmedia":[{"embeddable":true,"href":"https:\/\/arantv.az\/index.php?rest_route=\/wp\/v2\/media\/70447"}],"wp:attachment":[{"href":"https:\/\/arantv.az\/index.php?rest_route=%2Fwp%2Fv2%2Fmedia&parent=70446"}],"wp:term":[{"taxonomy":"category","embeddable":true,"href":"https:\/\/arantv.az\/index.php?rest_route=%2Fwp%2Fv2%2Fcategories&post=70446"},{"taxonomy":"post_tag","embeddable":true,"href":"https:\/\/arantv.az\/index.php?rest_route=%2Fwp%2Fv2%2Ftags&post=70446"}],"curies":[{"name":"wp","href":"https:\/\/api.w.org\/{rel}","templated":true}]}}