{"id":70452,"date":"2019-08-01T10:37:19","date_gmt":"2019-08-01T07:37:19","guid":{"rendered":"http:\/\/arantv.az\/?p=70452"},"modified":"2019-08-01T10:37:19","modified_gmt":"2019-08-01T07:37:19","slug":"nazir-bu-il-taxil-bicini-20-gun-tez-basa-catib-bolluq-olub","status":"publish","type":"post","link":"https:\/\/arantv.az\/?p=70452","title":{"rendered":"Nazir: Bu il tax\u0131l bi\u00e7ini 20 g\u00fcn tez ba\u015fa \u00e7at\u0131b, bolluq olub"},"content":{"rendered":"<p>Bu il tax\u0131l bi\u00e7ini 20 g\u00fcn tez ba\u015fa \u00e7at\u0131b, m\u0259hsuldarl\u0131q daha y\u00fcks\u0259k olub.<\/p>\n<p>Bunu K\u0259nd T\u0259s\u0259rr\u00fcfat\u0131 naziri \u0130nam K\u0259rimov Prezident \u0130lham \u018fliyevin yan\u0131nda sosial-iqtisadi sah\u0259 il\u0259 ba\u011fl\u0131 m\u00fc\u015favir\u0259d\u0259 \u00e7\u0131x\u0131\u015f\u0131 zaman\u0131 deyib.<\/p>\n<p>\u0130.K\u0259rimov qeyd edib ki, aqrar islahatlar \u00fczr\u0259 g\u00f6r\u00fclm\u00fc\u015f sistemli t\u0259dbirl\u0259r \u00f6z m\u00fcsb\u0259t n\u0259tic\u0259sini verir.<\/p>\n<p>B\u00fct\u00fcn sah\u0259l\u0259rd\u0259, h\u0259m\u00e7inin bitki\u00e7ilik v\u0259 heyvandarl\u0131q sah\u0259l\u0259rind\u0259 art\u0131m m\u00fc\u015fahid\u0259 edilir:<\/p>\n<p>\u201cBu il bizim qar\u015f\u0131m\u0131zda duran \u0259sas v\u0259zif\u0259l\u0259rd\u0259n biri fermerl\u0259rin daim yan\u0131nda olmaq, onlar\u0131n \u00fczl\u0259\u015fdikl\u0259ri probleml\u0259rin h\u0259llind\u0259 yax\u0131ndan i\u015ftirak etm\u0259kdir. Bizim \u0259sas qay\u011f\u0131m\u0131z v\u0259 v\u0259zif\u0259miz \u0259kin balans\u0131m\u0131z\u0131 t\u0259\u015fkil ed\u0259n tax\u0131l\u00e7\u0131l\u0131qla ba\u011fl\u0131 olub. Bu il 1 milyon 12 min hektarda tax\u0131l \u0259kini h\u0259yata ke\u00e7irilib. Bunun 670 min hektar\u0131n\u0131 bu\u011fda, 342 min hektar\u0131n\u0131 is\u0259 arpa \u0259kini t\u0259\u015fkil edib. H\u0259yata ke\u00e7iril\u0259n t\u0259dbirl\u0259r n\u0259tic\u0259sind\u0259 \u0259sas m\u0259s\u0259l\u0259 d\u00fczg\u00fcn texniki t\u0259minat\u0131n t\u0259min edilm\u0259si olub.<\/p>\n<p>Bel\u0259 ki, h\u0259r il fermerl\u0259rimiz bu sah\u0259 il\u0259 ba\u011fl\u0131 \u00e7oxsayl\u0131 m\u00fcraci\u0259tl\u0259r edibl\u0259r. Amma dislokasiya sisteminin qurulmas\u0131, x\u00fcsusil\u0259 d\u0259 m\u00fcasir avadanl\u0131qlardan istifad\u0259 edilm\u0259si, kombaynlara GPS qura\u015fd\u0131r\u0131lmas\u0131 v\u0259 onlar\u0131n d\u00fczg\u00fcn dislokasiyas\u0131 n\u0259tic\u0259sind\u0259 bu il tax\u0131l bi\u00e7ini 20 g\u00fcn tez ba\u015fa \u00e7at\u0131b. M\u0259hsuldarl\u0131q da bu il daha y\u00fcks\u0259k olub. \u00d6t\u0259n il\u0259 nisb\u0259t\u0259n h\u0259r hektardan t\u0259xmin\u0259n 2 sentner daha \u00e7ox m\u0259hsul \u0259ld\u0259 edilib. Bununla yana\u015f\u0131, haz\u0131rda qar\u015f\u0131m\u0131zda duran \u0259sas v\u0259zif\u0259 pamb\u0131q\u00e7\u0131l\u0131\u011f\u0131n inki\u015faf\u0131 il\u0259 ba\u011fl\u0131d\u0131r. Pamb\u0131\u011f\u0131n t\u0259dar\u00fck\u00fc n\u00f6vb\u0259ti aydan &#8211; sentyabrdan ba\u015flayacaq. H\u0259m texnika, h\u0259m d\u0259 g\u00fcbr\u0259 il\u0259 tam t\u0259minat \u00fc\u00e7\u00fcn i\u015fl\u0259r h\u0259yata ke\u00e7iril\u0259c\u0259k\u201d.<\/p>\n<p>Onun s\u00f6zl\u0259rin\u0259 g\u00f6r\u0259, fermerl\u0259ri sevindir\u0259n \u0259sas hallardan biri odur ki, Prezident \u0130lham \u018fliyevin lizinq f\u0259aliyy\u0259ti il\u0259 ba\u011fl\u0131 h\u0259yata ke\u00e7irdiyi islahat n\u0259tic\u0259sind\u0259 art\u0131q bazarda tam liberalla\u015fma m\u00f6vcuddur. Art\u0131q d\u00f6vl\u0259t t\u0259r\u0259find\u0259n t\u0259tbiq edil\u0259n g\u00fcz\u0259\u015ftl\u0259r v\u0259 subsidiyalar b\u00fct\u00fcn t\u0259chizat\u00e7\u0131 \u015firk\u0259tl\u0259r\u0259 t\u0259tbiq edilir. Bazarda texnikan\u0131n qiym\u0259tind\u0259 t\u0259xmin\u0259n 30 faiz ucuzla\u015fma ba\u015f verib:<\/p>\n<p>\u201cSubsidiyalarla ba\u011fl\u0131 d\u00f6vl\u0259t ba\u015f\u00e7\u0131s\u0131n\u0131n h\u0259yata ke\u00e7irdiyi islahat n\u0259tic\u0259sind\u0259, hesab edirik ki, g\u00fcbr\u0259l\u0259rl\u0259 \u0259laq\u0259dar bu liberalla\u015fma g\u0259l\u0259n ild\u0259n tam h\u0259yata ke\u00e7iril\u0259c\u0259k. G\u00fcbr\u0259nin h\u0259m \u0259l\u00e7atanl\u0131\u011f\u0131 t\u0259min edil\u0259c\u0259k, h\u0259m d\u0259 qiym\u0259tind\u0259 kifay\u0259t q\u0259d\u0259r ucuzla\u015fma ba\u015f ver\u0259c\u0259k. Haz\u0131rda bizim qar\u015f\u0131m\u0131zda duran v\u0259zif\u0259 g\u00fcbr\u0259nin \u0259l\u00e7atanl\u0131\u011f\u0131n\u0131 daha da yax\u015f\u0131la\u015fd\u0131rmaqd\u0131r. \u00c7\u00fcnki b\u0259zi hallarda fermerl\u0259rimiz g\u00fcbr\u0259nin \u0259ld\u0259 edilm\u0259si \u00fc\u00e7\u00fcn b\u00f6y\u00fck m\u0259saf\u0259l\u0259r q\u0259t etm\u0259y\u0259 \u00e7al\u0131\u015f\u0131rlar. Ona g\u00f6r\u0259 d\u0259 K\u0259nd T\u0259s\u0259rr\u00fcfat\u0131 Nazirliyi bu ild\u0259n g\u00fcbr\u0259nin s\u0259yyar sat\u0131\u015f\u0131n\u0131 h\u0259yata ke\u00e7irib v\u0259 onu fermerl\u0259rin birba\u015fa h\u0259y\u0259tl\u0259rin\u0259 v\u0259 t\u0259s\u0259rr\u00fcfatlar\u0131na \u00e7atd\u0131r\u0131b\u201d.<\/p>\n<p>Nazir deyib ki, haz\u0131rda art\u0131q 300 mind\u0259n \u00e7ox fermer elektron k\u0259nd t\u0259s\u0259rr\u00fcfat\u0131nda qeydiyyatdan ke\u00e7ib. G\u0259l\u0259n ilin yanvar ay\u0131nda art\u0131q subsidiyalar\u0131n verilm\u0259si tam elektron formada h\u0259yata ke\u00e7iril\u0259c\u0259k:<\/p>\n<p>\u201cElektron k\u0259nd t\u0259s\u0259rr\u00fcfat\u0131 sistemi, h\u0259m\u00e7inin imkan ver\u0259c\u0259kdir ki, biz \u0259vv\u0259lc\u0259d\u0259n fermerl\u0259rimizin \u0259kinl\u0259rini planla\u015fd\u0131raq v\u0259 proqnozla\u015fd\u0131raq. Bel\u0259 ki, fermerl\u0259rimiz m\u00fctl\u0259q qaydada \u00f6z \u0259kin planlar\u0131n\u0131 elektron k\u0259nd t\u0259s\u0259rr\u00fcfat\u0131nda b\u0259yan etm\u0259lidirl\u0259r. Haz\u0131rda subsidiya sisteminin t\u0259tbiqi il\u0259 ba\u011fl\u0131 haz\u0131rl\u0131q i\u015fl\u0259ri h\u0259yata ke\u00e7irilir. 2020-ci ilin yanvar ay\u0131ndan art\u0131q subsidiyalar yeni sisteml\u0259 veril\u0259c\u0259k. Bu da, ilk n\u00f6vb\u0259d\u0259, m\u0259hsuldarl\u0131\u011f\u0131n, m\u0259\u015f\u011fullu\u011fun art\u0131r\u0131lmas\u0131na, \u0259rzaq t\u0259hl\u00fck\u0259sizliyinin daha da yax\u015f\u0131la\u015fd\u0131r\u0131lmas\u0131na v\u0259 bizim k\u0259nd t\u0259s\u0259rr\u00fcfat\u0131 sah\u0259sind\u0259 ixrac potensial\u0131m\u0131z\u0131n yax\u015f\u0131la\u015fd\u0131r\u0131lmas\u0131na imkan ver\u0259c\u0259k\u201d.<\/p>\n","protected":false},"excerpt":{"rendered":"<p>Bu il tax\u0131l bi\u00e7ini 20 g\u00fcn tez ba\u015fa \u00e7at\u0131b, m\u0259hsuldarl\u0131q daha y\u00fcks\u0259k olub. Bunu K\u0259nd T\u0259s\u0259rr\u00fcfat\u0131 naziri \u0130nam K\u0259rimov Prezident \u0130lham \u018fliyevin yan\u0131nda sosial-iqtisadi sah\u0259 il\u0259 ba\u011fl\u0131 m\u00fc\u015favir\u0259d\u0259 \u00e7\u0131x\u0131\u015f\u0131 zaman\u0131 deyib. \u0130.K\u0259rimov qeyd edib ki, aqrar islahatlar \u00fczr\u0259 g\u00f6r\u00fclm\u00fc\u015f sistemli t\u0259dbirl\u0259r \u00f6z m\u00fcsb\u0259t n\u0259tic\u0259sini verir. B\u00fct\u00fcn sah\u0259l\u0259rd\u0259, h\u0259m\u00e7inin bitki\u00e7ilik v\u0259 heyvandarl\u0131q sah\u0259l\u0259rind\u0259 art\u0131m m\u00fc\u015fahid\u0259 edilir: \u201cBu il bizim qar\u015f\u0131m\u0131zda duran \u0259sas v\u0259zif\u0259l\u0259rd\u0259n biri fermerl\u0259rin daim yan\u0131nda olmaq, onlar\u0131n \u00fczl\u0259\u015fdikl\u0259ri probleml\u0259rin h\u0259llind\u0259 yax\u0131ndan i\u015ftirak etm\u0259kdir. Bizim \u0259sas qay\u011f\u0131m\u0131z v\u0259 v\u0259zif\u0259miz \u0259kin balans\u0131m\u0131z\u0131 t\u0259\u015fkil ed\u0259n tax\u0131l\u00e7\u0131l\u0131qla ba\u011fl\u0131 olub. Bu il 1 milyon&hellip;<\/p>\n","protected":false},"author":2,"featured_media":70453,"comment_status":"closed","ping_status":"closed","sticky":false,"template":"","format":"standard","meta":{"om_disable_all_campaigns":false,"_monsterinsights_skip_tracking":false,"_monsterinsights_sitenote_active":false,"_monsterinsights_sitenote_note":"","_monsterinsights_sitenote_category":0},"categories":[19],"tags":[],"aioseo_notices":[],"gutentor_comment":0,"rttpg_featured_image_url":{"full":["https:\/\/arantv.az\/wp-content\/uploads\/2019\/08\/taxil.jpg",620,348,false],"landscape":["https:\/\/arantv.az\/wp-content\/uploads\/2019\/08\/taxil.jpg",620,348,false],"portraits":["https:\/\/arantv.az\/wp-content\/uploads\/2019\/08\/taxil.jpg",620,348,false],"thumbnail":["https:\/\/arantv.az\/wp-content\/uploads\/2019\/08\/taxil-150x150.jpg",150,150,true],"medium":["https:\/\/arantv.az\/wp-content\/uploads\/2019\/08\/taxil-300x168.jpg",300,168,true],"large":["https:\/\/arantv.az\/wp-content\/uploads\/2019\/08\/taxil.jpg",620,348,false],"1536x1536":["https:\/\/arantv.az\/wp-content\/uploads\/2019\/08\/taxil.jpg",620,348,false],"2048x2048":["https:\/\/arantv.az\/wp-content\/uploads\/2019\/08\/taxil.jpg",620,348,false],"post-thumbnail":["https:\/\/arantv.az\/wp-content\/uploads\/2019\/08\/taxil-240x172.jpg",240,172,true],"advps-thumb-one":["https:\/\/arantv.az\/wp-content\/uploads\/2019\/08\/taxil.jpg",620,348,false]},"rttpg_author":{"display_name":"V\u00fcsal Rafiqo\u011flu","author_link":"https:\/\/arantv.az\/?author=2"},"rttpg_comment":0,"rttpg_category":"<a href=\"https:\/\/arantv.az\/?cat=19\" rel=\"category\">G\u00fcnd\u0259m<\/a>","rttpg_excerpt":"Bu il tax\u0131l bi\u00e7ini 20 g\u00fcn tez ba\u015fa \u00e7at\u0131b, m\u0259hsuldarl\u0131q daha y\u00fcks\u0259k olub. Bunu K\u0259nd T\u0259s\u0259rr\u00fcfat\u0131 naziri \u0130nam K\u0259rimov Prezident \u0130lham \u018fliyevin yan\u0131nda sosial-iqtisadi sah\u0259 il\u0259 ba\u011fl\u0131 m\u00fc\u015favir\u0259d\u0259 \u00e7\u0131x\u0131\u015f\u0131 zaman\u0131 deyib. \u0130.K\u0259rimov qeyd edib ki, aqrar islahatlar \u00fczr\u0259 g\u00f6r\u00fclm\u00fc\u015f sistemli t\u0259dbirl\u0259r \u00f6z m\u00fcsb\u0259t n\u0259tic\u0259sini verir. B\u00fct\u00fcn sah\u0259l\u0259rd\u0259, h\u0259m\u00e7inin bitki\u00e7ilik v\u0259 heyvandarl\u0131q sah\u0259l\u0259rind\u0259 art\u0131m m\u00fc\u015fahid\u0259 edilir:&hellip;","_links":{"self":[{"href":"https:\/\/arantv.az\/index.php?rest_route=\/wp\/v2\/posts\/70452"}],"collection":[{"href":"https:\/\/arantv.az\/index.php?rest_route=\/wp\/v2\/posts"}],"about":[{"href":"https:\/\/arantv.az\/index.php?rest_route=\/wp\/v2\/types\/post"}],"author":[{"embeddable":true,"href":"https:\/\/arantv.az\/index.php?rest_route=\/wp\/v2\/users\/2"}],"replies":[{"embeddable":true,"href":"https:\/\/arantv.az\/index.php?rest_route=%2Fwp%2Fv2%2Fcomments&post=70452"}],"version-history":[{"count":0,"href":"https:\/\/arantv.az\/index.php?rest_route=\/wp\/v2\/posts\/70452\/revisions"}],"wp:featuredmedia":[{"embeddable":true,"href":"https:\/\/arantv.az\/index.php?rest_route=\/wp\/v2\/media\/70453"}],"wp:attachment":[{"href":"https:\/\/arantv.az\/index.php?rest_route=%2Fwp%2Fv2%2Fmedia&parent=70452"}],"wp:term":[{"taxonomy":"category","embeddable":true,"href":"https:\/\/arantv.az\/index.php?rest_route=%2Fwp%2Fv2%2Fcategories&post=70452"},{"taxonomy":"post_tag","embeddable":true,"href":"https:\/\/arantv.az\/index.php?rest_route=%2Fwp%2Fv2%2Ftags&post=70452"}],"curies":[{"name":"wp","href":"https:\/\/api.w.org\/{rel}","templated":true}]}}