{"id":70458,"date":"2019-08-01T10:47:24","date_gmt":"2019-08-01T07:47:24","guid":{"rendered":"http:\/\/arantv.az\/?p=70458"},"modified":"2019-08-01T10:47:24","modified_gmt":"2019-08-01T07:47:24","slug":"d%c9%99hs%c9%99t-c%c9%99lilabad-sakini-gunvurmadan-oldu","status":"publish","type":"post","link":"https:\/\/arantv.az\/?p=70458","title":{"rendered":"D\u018fH\u015e\u018fT: C\u0259lilabad sakini g\u00fcnvurmadan \u00d6LD\u00dc"},"content":{"rendered":"<p>C\u0259lilabad rayon sakini g\u00fcnvurmadan \u00f6l\u00fcb.<\/p>\n<p>Rayon sakini, 1979-cu il t\u0259v\u0259ll\u00fcdl\u00fc N\u0259c\u0259fov Anar h\u0259y\u0259tind\u0259 i\u015f g\u00f6r\u0259n zaman hu\u015funu itir\u0259r\u0259k y\u0131x\u0131l\u0131b.<\/p>\n<p>O, d\u0259rhal yax\u0131nlar\u0131 t\u0259r\u0259find\u0259n x\u0259st\u0259xanaya \u00e7atd\u0131r\u0131l\u0131b. X\u0259st\u0259xanada A.N\u0259c\u0259fovun g\u00fcnvurmadan \u00f6ld\u00fcy\u00fc m\u0259lum olub.<\/p>\n<p>Faktla ba\u011fl\u0131 ara\u015fd\u0131rma apar\u0131l\u0131r.<\/p>\n<p>Qeyd ed\u0259k ki, art\u0131q 2 g\u00fcnd\u00fcr C\u0259lilabad rayonunda dig\u0259r g\u00fcnl\u0259r\u0259 nisb\u0259t\u0259n daha isti hava \u015f\u0259raiti m\u00fc\u015fahid\u0259 olunur. (report)<\/p>\n","protected":false},"excerpt":{"rendered":"<p>C\u0259lilabad rayon sakini g\u00fcnvurmadan \u00f6l\u00fcb. Rayon sakini, 1979-cu il t\u0259v\u0259ll\u00fcdl\u00fc N\u0259c\u0259fov Anar h\u0259y\u0259tind\u0259 i\u015f g\u00f6r\u0259n zaman hu\u015funu itir\u0259r\u0259k y\u0131x\u0131l\u0131b. O, d\u0259rhal yax\u0131nlar\u0131 t\u0259r\u0259find\u0259n x\u0259st\u0259xanaya \u00e7atd\u0131r\u0131l\u0131b. X\u0259st\u0259xanada A.N\u0259c\u0259fovun g\u00fcnvurmadan \u00f6ld\u00fcy\u00fc m\u0259lum olub. Faktla ba\u011fl\u0131 ara\u015fd\u0131rma apar\u0131l\u0131r. Qeyd ed\u0259k ki, art\u0131q 2 g\u00fcnd\u00fcr C\u0259lilabad rayonunda dig\u0259r g\u00fcnl\u0259r\u0259 nisb\u0259t\u0259n daha isti hava \u015f\u0259raiti m\u00fc\u015fahid\u0259 olunur. (report)<\/p>\n","protected":false},"author":2,"featured_media":70459,"comment_status":"closed","ping_status":"closed","sticky":false,"template":"","format":"standard","meta":{"om_disable_all_campaigns":false,"_monsterinsights_skip_tracking":false,"_monsterinsights_sitenote_active":false,"_monsterinsights_sitenote_note":"","_monsterinsights_sitenote_category":0},"categories":[22],"tags":[],"aioseo_notices":[],"gutentor_comment":0,"rttpg_featured_image_url":{"full":["https:\/\/arantv.az\/wp-content\/uploads\/2019\/08\/4ef18522-9070-46c5-b9c0-e7003e89586c.jpg",549,309,false],"landscape":["https:\/\/arantv.az\/wp-content\/uploads\/2019\/08\/4ef18522-9070-46c5-b9c0-e7003e89586c.jpg",549,309,false],"portraits":["https:\/\/arantv.az\/wp-content\/uploads\/2019\/08\/4ef18522-9070-46c5-b9c0-e7003e89586c.jpg",549,309,false],"thumbnail":["https:\/\/arantv.az\/wp-content\/uploads\/2019\/08\/4ef18522-9070-46c5-b9c0-e7003e89586c-150x150.jpg",150,150,true],"medium":["https:\/\/arantv.az\/wp-content\/uploads\/2019\/08\/4ef18522-9070-46c5-b9c0-e7003e89586c-300x169.jpg",300,169,true],"large":["https:\/\/arantv.az\/wp-content\/uploads\/2019\/08\/4ef18522-9070-46c5-b9c0-e7003e89586c.jpg",549,309,false],"1536x1536":["https:\/\/arantv.az\/wp-content\/uploads\/2019\/08\/4ef18522-9070-46c5-b9c0-e7003e89586c.jpg",549,309,false],"2048x2048":["https:\/\/arantv.az\/wp-content\/uploads\/2019\/08\/4ef18522-9070-46c5-b9c0-e7003e89586c.jpg",549,309,false],"post-thumbnail":["https:\/\/arantv.az\/wp-content\/uploads\/2019\/08\/4ef18522-9070-46c5-b9c0-e7003e89586c-240x172.jpg",240,172,true],"advps-thumb-one":["https:\/\/arantv.az\/wp-content\/uploads\/2019\/08\/4ef18522-9070-46c5-b9c0-e7003e89586c.jpg",549,309,false]},"rttpg_author":{"display_name":"V\u00fcsal Rafiqo\u011flu","author_link":"https:\/\/arantv.az\/?author=2"},"rttpg_comment":0,"rttpg_category":"<a href=\"https:\/\/arantv.az\/?cat=22\" rel=\"category\">Hava<\/a>","rttpg_excerpt":"C\u0259lilabad rayon sakini g\u00fcnvurmadan \u00f6l\u00fcb. Rayon sakini, 1979-cu il t\u0259v\u0259ll\u00fcdl\u00fc N\u0259c\u0259fov Anar h\u0259y\u0259tind\u0259 i\u015f g\u00f6r\u0259n zaman hu\u015funu itir\u0259r\u0259k y\u0131x\u0131l\u0131b. O, d\u0259rhal yax\u0131nlar\u0131 t\u0259r\u0259find\u0259n x\u0259st\u0259xanaya \u00e7atd\u0131r\u0131l\u0131b. X\u0259st\u0259xanada A.N\u0259c\u0259fovun g\u00fcnvurmadan \u00f6ld\u00fcy\u00fc m\u0259lum olub. Faktla ba\u011fl\u0131 ara\u015fd\u0131rma apar\u0131l\u0131r. Qeyd ed\u0259k ki, art\u0131q 2 g\u00fcnd\u00fcr C\u0259lilabad rayonunda dig\u0259r g\u00fcnl\u0259r\u0259 nisb\u0259t\u0259n daha isti hava \u015f\u0259raiti m\u00fc\u015fahid\u0259 olunur. (report)","_links":{"self":[{"href":"https:\/\/arantv.az\/index.php?rest_route=\/wp\/v2\/posts\/70458"}],"collection":[{"href":"https:\/\/arantv.az\/index.php?rest_route=\/wp\/v2\/posts"}],"about":[{"href":"https:\/\/arantv.az\/index.php?rest_route=\/wp\/v2\/types\/post"}],"author":[{"embeddable":true,"href":"https:\/\/arantv.az\/index.php?rest_route=\/wp\/v2\/users\/2"}],"replies":[{"embeddable":true,"href":"https:\/\/arantv.az\/index.php?rest_route=%2Fwp%2Fv2%2Fcomments&post=70458"}],"version-history":[{"count":0,"href":"https:\/\/arantv.az\/index.php?rest_route=\/wp\/v2\/posts\/70458\/revisions"}],"wp:featuredmedia":[{"embeddable":true,"href":"https:\/\/arantv.az\/index.php?rest_route=\/wp\/v2\/media\/70459"}],"wp:attachment":[{"href":"https:\/\/arantv.az\/index.php?rest_route=%2Fwp%2Fv2%2Fmedia&parent=70458"}],"wp:term":[{"taxonomy":"category","embeddable":true,"href":"https:\/\/arantv.az\/index.php?rest_route=%2Fwp%2Fv2%2Fcategories&post=70458"},{"taxonomy":"post_tag","embeddable":true,"href":"https:\/\/arantv.az\/index.php?rest_route=%2Fwp%2Fv2%2Ftags&post=70458"}],"curies":[{"name":"wp","href":"https:\/\/api.w.org\/{rel}","templated":true}]}}