{"id":70464,"date":"2019-08-01T10:59:16","date_gmt":"2019-08-01T07:59:16","guid":{"rendered":"http:\/\/arantv.az\/?p=70464"},"modified":"2019-08-01T10:59:16","modified_gmt":"2019-08-01T07:59:16","slug":"ai-v%c9%99-az%c9%99rbaycan-yeni-layih%c9%99y%c9%99-basladi","status":"publish","type":"post","link":"https:\/\/arantv.az\/?p=70464","title":{"rendered":"A\u0130 v\u0259 Az\u0259rbaycan yeni layih\u0259y\u0259 ba\u015flad\u0131"},"content":{"rendered":"<p>K\u0259nd T\u0259s\u0259rr\u00fcfat\u0131 Nazirliyi Avropa \u0130ttifaq\u0131 (A\u0130) il\u0259 birg\u0259 \u201cAz\u0259rbaycanda k\u0259nd yerl\u0259rinin inki\u015faf\u0131 \u00fczr\u0259 milli siyas\u0259tin g\u00fccl\u0259ndirilm\u0259si\u201d tvinninq layih\u0259sin\u0259 ba\u015flay\u0131b.<\/p>\n<p><b>ARANTV.AZ\u00a0<\/b> x\u0259b\u0259r verir ki, iki\u00a0il m\u00fcdd\u0259tind\u0259 h\u0259yata ke\u00e7irilm\u0259si n\u0259z\u0259rd\u0259 tutulan layih\u0259nin \u0259sas komponentl\u0259ri k\u0259nd yerl\u0259rinin inki\u015faf\u0131 v\u0259 k\u0259nd t\u0259s\u0259rr\u00fcfat\u0131na d\u00f6vl\u0259t d\u0259st\u0259yinin m\u00fc\u0259yy\u0259nl\u0259\u015fdirilm\u0259si, proqramla\u015fd\u0131r\u0131lmas\u0131 v\u0259 idar\u0259 edilm\u0259sidir. Layih\u0259y\u0259 \u0130taliya, Pol\u015fa v\u0259 Litvadan olan m\u00fct\u0259x\u0259ssisl\u0259r c\u0259lb olunub.<\/p>\n<p>A\u0130-Az\u0259rbaycan tvinninq layih\u0259sinin t\u0259qdimat\u0131nda \u00e7\u0131x\u0131\u015f ed\u0259n K\u0259nd T\u0259s\u0259rr\u00fcfat\u0131 nazirinin m\u00fcavini \u0130lham\u0259 Q\u0259dimova bildirib ki, K\u0259nd T\u0259s\u0259rr\u00fcfat\u0131 Nazirliyi indiy\u0259d\u0259k Avropa \u0130ttifaq\u0131 il\u0259 birlikd\u0259 bir s\u0131ra layih\u0259l\u0259r\u00a0h\u0259yata ke\u00e7irib:<\/p>\n<div id=\"AdviadNativeVideo0\" class=\"AdviadNativeVideo\"><\/div>\n<p>\u201c20 ild\u0259n art\u0131q m\u00fcdd\u0259td\u0259 davam ed\u0259n \u0259m\u0259kda\u015fl\u0131\u011f\u0131m\u0131z geni\u015f t\u0259cr\u00fcb\u0259 m\u00fcbadil\u0259sin\u0259 imkan verib. \u018fminik ki, yeni ba\u015flayan layih\u0259 Az\u0259rbaycanda k\u0259nd t\u0259s\u0259rr\u00fcfat\u0131n\u0131n inki\u015faf\u0131nda, bu sah\u0259 \u00fc\u00e7\u00fcn \u0259h\u0259miyy\u0259tli olan kadrlar\u0131n haz\u0131rlanmas\u0131 v\u0259 bilikl\u0259rin art\u0131r\u0131lmas\u0131nda x\u00fcsusi rol oynayacaq\u201d.<\/p>\n<p>A\u0130-n\u0131n Az\u0259rbaycandak\u0131 n\u00fcmay\u0259nd\u0259liyinin \u018fm\u0259kda\u015fl\u0131q \u015f\u00f6b\u0259sinin r\u0259hb\u0259ri Simona Qatti yeni layih\u0259nin Az\u0259rbaycan\u0131n k\u0259nd t\u0259s\u0259rr\u00fcfat\u0131 v\u0259 k\u0259nd yerl\u0259rinin inki\u015faf\u0131 potensial\u0131n\u0131n davaml\u0131 art\u0131m\u0131na m\u00fch\u00fcm t\u00f6hf\u0259 ver\u0259c\u0259yin\u0259 \u0259minliyini bildirib:<\/p>\n<p>\u201cLayih\u0259nin m\u00fcxt\u0259lifliyi ona \u0259traf m\u00fchiti v\u0259 k\u0259ndin m\u0259d\u0259ni irsini qoruma\u011fa imkan yaradacaq. Avropa \u0130ttifaq\u0131n\u0131n bu sah\u0259d\u0259 \u0259n uy\u011fun v\u0259 y\u00fcks\u0259k bacar\u0131qlara malik \u00fc\u00e7 \u00f6lk\u0259sinin A\u0130-Az\u0259rbaycan t\u0259\u015f\u0259bb\u00fcs\u00fcn\u0259 qo\u015fulmas\u0131n\u0131 g\u00f6rm\u0259y\u0259 \u00e7ox \u015fadam. Bu layih\u0259 k\u0259nd t\u0259s\u0259rr\u00fcfat\u0131, k\u0259nd inki\u015faf\u0131 v\u0259 qida t\u0259hl\u00fck\u0259sizliyi sah\u0259l\u0259rind\u0259 A\u0130-Az\u0259rbaycan t\u0259r\u0259fda\u015fl\u0131\u011f\u0131n\u0131 davam etdirir v\u0259 k\u0259nd h\u0259yat s\u0259viyy\u0259sinin yax\u015f\u0131la\u015fd\u0131r\u0131lmas\u0131na, \u0259rzaq t\u0259hl\u00fck\u0259sizliyinin y\u00fcks\u0259ldilm\u0259sin\u0259, bazara \u00e7\u0131x\u0131\u015f\u0131 v\u0259 bel\u0259likl\u0259 d\u0259, ticar\u0259t perspektivl\u0259rini art\u0131r\u0131r\u201d.<\/p>\n<p>\u00d6z n\u00f6vb\u0259sind\u0259, layih\u0259ni h\u0259yata ke\u00e7ir\u0259n Aqrar Kredit v\u0259 \u0130nki\u015faf Agentliyinin s\u0259dri Mirz\u0259 \u018fliyev bildirib ki, aqrar sah\u0259y\u0259 d\u00f6vl\u0259t d\u0259st\u0259yi bilavasit\u0259 k\u0259nd yerl\u0259rinin inki\u015faf\u0131na xidm\u0259t edir. \u00c7\u00fcnki k\u0259nd yerind\u0259 ya\u015fayan insan\u0131n h\u0259yat s\u0259viyy\u0259si aqrar sah\u0259d\u0259 m\u0259\u015f\u011fulluqla ba\u011fl\u0131d\u0131r.<\/p>\n<p>\u201cAz\u0259rbaycanda k\u0259nd yerl\u0259rinin inki\u015faf\u0131 \u00fczr\u0259 milli siyas\u0259tin g\u00fccl\u0259ndirilm\u0259si\u201d layih\u0259sinin r\u0259hb\u0259ri olan M.\u018fliyev \u0259lav\u0259 edib ki, Az\u0259rbaycan Prezidentinin 19 dekabr 2018-ci il tarixli f\u0259rman\u0131 il\u0259 k\u0259nd t\u0259s\u0259rr\u00fcfat\u0131 texnikalar\u0131 v\u0259 damazl\u0131q heyvanlar\u0131n g\u00fcz\u0259\u015ftli \u015f\u0259rtl\u0259rl\u0259 sat\u0131\u015f\u0131na t\u0259tbiq edil\u0259n yenilikl\u0259rd\u0259n sonra 27 iyun 2019-cu il tarixli f\u0259rmanla \u201cK\u0259nd t\u0259s\u0259rr\u00fcfat\u0131 m\u0259hsullar\u0131 istehsal\u0131n\u0131n subsidiyala\u015fd\u0131r\u0131lmas\u0131 Qaydas\u0131\u201dn\u0131n da t\u0259sdiql\u0259nm\u0259si aqrar sah\u0259y\u0259 d\u00f6vl\u0259t d\u0259st\u0259yinin davaml\u0131 olaca\u011f\u0131n\u0131 n\u00fcmayi\u015f etdirir:<\/p>\n<p>\u201cSubsidiyalar\u0131n m\u0259qs\u0259dy\u00f6nl\u00fc v\u0259 t\u0259yinat\u0131 \u00fczr\u0259 y\u00f6nl\u0259ndirilm\u0259sinin t\u0259\u015fkili qar\u015f\u0131m\u0131zda duran \u0259sas v\u0259zif\u0259dir. A\u011f\u0131ll\u0131 al\u0259tl\u0259rl\u0259 idar\u0259 edil\u0259n subsidiya sistemi h\u0259m d\u00f6vl\u0259t v\u0259saitini qoruma\u011fa imkan ver\u0259c\u0259k, h\u0259m d\u0259 fermerl\u0259r\u0259 d\u0259st\u0259k olaraq\u00a0istehsala h\u0259v\u0259sl\u0259ndir\u0259c\u0259k\u201d.<\/p>\n<p>Tvinninq layih\u0259sinin m\u0259qs\u0259di\u00a0Avropa \u0130ttifaq\u0131n\u0131n \u00fcmumi k\u0259nd t\u0259s\u0259rr\u00fcfat\u0131 siyas\u0259tinin u\u011furlu mexanizml\u0259rinin v\u0259 \u0259n yax\u015f\u0131 t\u0259cr\u00fcb\u0259l\u0259rinin m\u00fc\u0259yy\u0259nl\u0259\u015fdirilm\u0259si yolu il\u0259 Az\u0259rbaycanda k\u0259nd yerl\u0259rinin inki\u015faf\u0131n\u0131n h\u0259yata ke\u00e7irilm\u0259si \u00fc\u00e7\u00fcn milli siyas\u0259t v\u0259 vasit\u0259l\u0259rin g\u00fccl\u0259ndirilm\u0259si \u00fc\u00e7\u00fcn K\u0259nd T\u0259s\u0259rr\u00fcfat\u0131 Nazirliyin\u0259 d\u0259st\u0259k verm\u0259kdir.<\/p>\n<p>Layih\u0259 k\u0259nd t\u0259s\u0259rr\u00fcfat\u0131na dair strategiya v\u0259 siyas\u0259tin haz\u0131rlanmas\u0131 v\u0259 k\u0259nd yerl\u0259rinin inki\u015faf\u0131n\u0131n t\u0259\u015fviqi il\u0259 yana\u015f\u0131, A\u0130 t\u0259cr\u00fcb\u0259sin\u0259 \u0259saslanan informasiya texnologiyalar\u0131 prosedurlar\u0131n\u0131n v\u0259 kompleks idar\u0259etm\u0259 v\u0259 n\u0259zar\u0259t sisteminin h\u00fcquqi aspektl\u0259ri daxil olmaqla, \u0259lveri\u015fli inzibati m\u00fchitin inki\u015faf etdirilm\u0259si v\u0259 m\u00fcvafiq kadr potensial\u0131n\u0131n qurulmas\u0131n\u0131 n\u0259z\u0259rd\u0259 tutur. Layih\u0259nin h\u0259yata ke\u00e7irilm\u0259si m\u0259qs\u0259dil\u0259 \u0130qtisadiyyat Nazirliyi, \u018fm\u0259k v\u0259 \u018fhalinin Sosial M\u00fcdafi\u0259si Nazirliyinin n\u00fcmay\u0259nd\u0259l\u0259rind\u0259n ibar\u0259t i\u015f\u00e7i qrupu yarad\u0131l\u0131b.oxu.az<\/p>\n","protected":false},"excerpt":{"rendered":"<p>K\u0259nd T\u0259s\u0259rr\u00fcfat\u0131 Nazirliyi Avropa \u0130ttifaq\u0131 (A\u0130) il\u0259 birg\u0259 \u201cAz\u0259rbaycanda k\u0259nd yerl\u0259rinin inki\u015faf\u0131 \u00fczr\u0259 milli siyas\u0259tin g\u00fccl\u0259ndirilm\u0259si\u201d tvinninq layih\u0259sin\u0259 ba\u015flay\u0131b. ARANTV.AZ\u00a0 x\u0259b\u0259r verir ki, iki\u00a0il m\u00fcdd\u0259tind\u0259 h\u0259yata ke\u00e7irilm\u0259si n\u0259z\u0259rd\u0259 tutulan layih\u0259nin \u0259sas komponentl\u0259ri k\u0259nd yerl\u0259rinin inki\u015faf\u0131 v\u0259 k\u0259nd t\u0259s\u0259rr\u00fcfat\u0131na d\u00f6vl\u0259t d\u0259st\u0259yinin m\u00fc\u0259yy\u0259nl\u0259\u015fdirilm\u0259si, proqramla\u015fd\u0131r\u0131lmas\u0131 v\u0259 idar\u0259 edilm\u0259sidir. Layih\u0259y\u0259 \u0130taliya, Pol\u015fa v\u0259 Litvadan olan m\u00fct\u0259x\u0259ssisl\u0259r c\u0259lb olunub. A\u0130-Az\u0259rbaycan tvinninq layih\u0259sinin t\u0259qdimat\u0131nda \u00e7\u0131x\u0131\u015f ed\u0259n K\u0259nd T\u0259s\u0259rr\u00fcfat\u0131 nazirinin m\u00fcavini \u0130lham\u0259 Q\u0259dimova bildirib ki, K\u0259nd T\u0259s\u0259rr\u00fcfat\u0131 Nazirliyi indiy\u0259d\u0259k Avropa \u0130ttifaq\u0131 il\u0259 birlikd\u0259 bir s\u0131ra layih\u0259l\u0259r\u00a0h\u0259yata ke\u00e7irib: \u201c20 ild\u0259n art\u0131q m\u00fcdd\u0259td\u0259 davam ed\u0259n \u0259m\u0259kda\u015fl\u0131\u011f\u0131m\u0131z geni\u015f t\u0259cr\u00fcb\u0259 m\u00fcbadil\u0259sin\u0259&hellip;<\/p>\n","protected":false},"author":2,"featured_media":70465,"comment_status":"closed","ping_status":"closed","sticky":false,"template":"","format":"standard","meta":{"om_disable_all_campaigns":false,"_monsterinsights_skip_tracking":false,"_monsterinsights_sitenote_active":false,"_monsterinsights_sitenote_note":"","_monsterinsights_sitenote_category":0},"categories":[19],"tags":[],"aioseo_notices":[],"gutentor_comment":0,"rttpg_featured_image_url":{"full":["https:\/\/arantv.az\/wp-content\/uploads\/2019\/08\/ai_azerbaycan.jpg",620,425,false],"landscape":["https:\/\/arantv.az\/wp-content\/uploads\/2019\/08\/ai_azerbaycan.jpg",620,425,false],"portraits":["https:\/\/arantv.az\/wp-content\/uploads\/2019\/08\/ai_azerbaycan.jpg",620,425,false],"thumbnail":["https:\/\/arantv.az\/wp-content\/uploads\/2019\/08\/ai_azerbaycan-150x150.jpg",150,150,true],"medium":["https:\/\/arantv.az\/wp-content\/uploads\/2019\/08\/ai_azerbaycan-300x206.jpg",300,206,true],"large":["https:\/\/arantv.az\/wp-content\/uploads\/2019\/08\/ai_azerbaycan.jpg",620,425,false],"1536x1536":["https:\/\/arantv.az\/wp-content\/uploads\/2019\/08\/ai_azerbaycan.jpg",620,425,false],"2048x2048":["https:\/\/arantv.az\/wp-content\/uploads\/2019\/08\/ai_azerbaycan.jpg",620,425,false],"post-thumbnail":["https:\/\/arantv.az\/wp-content\/uploads\/2019\/08\/ai_azerbaycan-240x172.jpg",240,172,true],"advps-thumb-one":["https:\/\/arantv.az\/wp-content\/uploads\/2019\/08\/ai_azerbaycan.jpg",620,425,false]},"rttpg_author":{"display_name":"V\u00fcsal Rafiqo\u011flu","author_link":"https:\/\/arantv.az\/?author=2"},"rttpg_comment":0,"rttpg_category":"<a href=\"https:\/\/arantv.az\/?cat=19\" rel=\"category\">G\u00fcnd\u0259m<\/a>","rttpg_excerpt":"K\u0259nd T\u0259s\u0259rr\u00fcfat\u0131 Nazirliyi Avropa \u0130ttifaq\u0131 (A\u0130) il\u0259 birg\u0259 \u201cAz\u0259rbaycanda k\u0259nd yerl\u0259rinin inki\u015faf\u0131 \u00fczr\u0259 milli siyas\u0259tin g\u00fccl\u0259ndirilm\u0259si\u201d tvinninq layih\u0259sin\u0259 ba\u015flay\u0131b. ARANTV.AZ\u00a0 x\u0259b\u0259r verir ki, iki\u00a0il m\u00fcdd\u0259tind\u0259 h\u0259yata ke\u00e7irilm\u0259si n\u0259z\u0259rd\u0259 tutulan layih\u0259nin \u0259sas komponentl\u0259ri k\u0259nd yerl\u0259rinin inki\u015faf\u0131 v\u0259 k\u0259nd t\u0259s\u0259rr\u00fcfat\u0131na d\u00f6vl\u0259t d\u0259st\u0259yinin m\u00fc\u0259yy\u0259nl\u0259\u015fdirilm\u0259si, proqramla\u015fd\u0131r\u0131lmas\u0131 v\u0259 idar\u0259 edilm\u0259sidir. Layih\u0259y\u0259 \u0130taliya, Pol\u015fa v\u0259 Litvadan olan m\u00fct\u0259x\u0259ssisl\u0259r c\u0259lb olunub. A\u0130-Az\u0259rbaycan&hellip;","_links":{"self":[{"href":"https:\/\/arantv.az\/index.php?rest_route=\/wp\/v2\/posts\/70464"}],"collection":[{"href":"https:\/\/arantv.az\/index.php?rest_route=\/wp\/v2\/posts"}],"about":[{"href":"https:\/\/arantv.az\/index.php?rest_route=\/wp\/v2\/types\/post"}],"author":[{"embeddable":true,"href":"https:\/\/arantv.az\/index.php?rest_route=\/wp\/v2\/users\/2"}],"replies":[{"embeddable":true,"href":"https:\/\/arantv.az\/index.php?rest_route=%2Fwp%2Fv2%2Fcomments&post=70464"}],"version-history":[{"count":0,"href":"https:\/\/arantv.az\/index.php?rest_route=\/wp\/v2\/posts\/70464\/revisions"}],"wp:featuredmedia":[{"embeddable":true,"href":"https:\/\/arantv.az\/index.php?rest_route=\/wp\/v2\/media\/70465"}],"wp:attachment":[{"href":"https:\/\/arantv.az\/index.php?rest_route=%2Fwp%2Fv2%2Fmedia&parent=70464"}],"wp:term":[{"taxonomy":"category","embeddable":true,"href":"https:\/\/arantv.az\/index.php?rest_route=%2Fwp%2Fv2%2Fcategories&post=70464"},{"taxonomy":"post_tag","embeddable":true,"href":"https:\/\/arantv.az\/index.php?rest_route=%2Fwp%2Fv2%2Ftags&post=70464"}],"curies":[{"name":"wp","href":"https:\/\/api.w.org\/{rel}","templated":true}]}}