{"id":70467,"date":"2019-08-01T11:00:23","date_gmt":"2019-08-01T08:00:23","guid":{"rendered":"http:\/\/arantv.az\/?p=70467"},"modified":"2019-08-01T11:00:23","modified_gmt":"2019-08-01T08:00:23","slug":"%c9%99r-arvadini-basqa-kisi-il%c9%99-yataqda-tutdu-sevgilil%c9%99r-intihar-etdi","status":"publish","type":"post","link":"https:\/\/arantv.az\/?p=70467","title":{"rendered":"\u0259r arvad\u0131n\u0131 ba\u015fqa ki\u015fi il\u0259 yataqda tutdu &#8211; SEVG\u0130L\u0130L\u018fR \u0130NT\u0130HAR ETD\u0130"},"content":{"rendered":"<p>\u015eirvan \u015f\u0259h\u0259rind\u0259 xuliqanl\u0131qda ittiham olunan 1978-ci il t\u0259v\u0259ll\u00fcdl\u00fc \u018fli M\u0259mm\u0259dovun (cinay\u0259t i\u015find\u0259 \u015f\u0259xsl\u0259rin ad v\u0259 soyadlar\u0131 \u015f\u0259rti verilib \u2013 red.) cinay\u0259t i\u015fi \u00fczr\u0259 m\u0259hk\u0259m\u0259 prosesi ba\u015fa \u00e7at\u0131b.<\/p>\n<p><b>ARANTV.AZ\u00a0<\/b>\u00a0teleqraf.com-a istinad\u0259n x\u0259b\u0259r verir ki, 22 noyabr 2017-ci il tarixd\u0259 Yaqub V\u0259liyev \u015eirvan \u015f\u0259h\u0259rind\u0259 evl\u0259rd\u0259n birind\u0259 \u018fli M\u0259mm\u0259dovun arvad\u0131 S\u0259bin\u0259 M\u0259mm\u0259dova il\u0259 intim \u0259laq\u0259d\u0259 olub. Onlar\u0131n intim \u0259laq\u0259d\u0259 olmalar\u0131n\u0131 \u018fli M\u0259mm\u0259dov izl\u0259y\u0259r\u0259k tutub.<\/p>\n<div id=\"AdviadNativeVideo0\" class=\"AdviadNativeVideo\"><\/div>\n<p>S\u0259bin\u0259 M\u0259mm\u0259dovala birg\u0259 \u0259l\u0259 ke\u00e7\u0259n Yaqub V\u0259liyev if\u015fa olundu\u011funu g\u00f6r\u00fcb v\u0259 \u00f6z\u00fcn\u00fc haql\u0131 t\u0259r\u0259f kimi g\u00f6st\u0259rm\u0259y\u0259 \u00e7al\u0131\u015f\u0131b. Qad\u0131n\u0131n \u0259riyl\u0259 \u0259lb\u0259yaxa olark\u0259n evin k\u00fc\u00e7\u0259y\u0259 a\u00e7\u0131lan darvazas\u0131na t\u0259r\u0259f \u00e7\u0131x\u0131b.<\/p>\n<p>S\u0259s\u0259 y\u0131\u011f\u0131\u015fan adamlar\u0131n yan\u0131nda \u018fli M\u0259mm\u0259dov uca s\u0259sl\u0259 Yaqub V\u0259liyevin \u00fcnvan\u0131na nalayiq ifad\u0259l\u0259r i\u015fl\u0259dib s\u0259s-k\u00fcy sal\u0131b. Daha sonra Yaqub V\u0259liyev\u0259 fiziki zor t\u0259tbiq edib, ona x\u0259sar\u0259tl\u0259r yetirib.<\/p>\n<p>Bununla kifay\u0259tl\u0259nm\u0259y\u0259n \u018fli M\u0259mm\u0259dov Yaqub V\u0259liyevin \u00e7a\u011f\u0131r\u0131\u015f\u0131 il\u0259 hadis\u0259 yerin\u0259 g\u0259l\u0259n \u015eirvan \u015f\u0259h\u0259r polis \u015f\u00f6b\u0259sinin narkotikl\u0259rl\u0259 m\u00fcbariz\u0259 qrupunun \u0259m\u0259liyyat m\u00fcv\u0259kkili, h\u0259m\u00e7inin post-patrul xidm\u0259ti b\u00f6l\u00fcy\u00fcn\u00fcn iki polis n\u0259f\u0259rin\u0259 h\u00fccum edib. Polis \u0259m\u0259kda\u015flar\u0131n\u0131 da s\u00f6y\u00fcb, onlara fiziki g\u00fcc n\u00fcmayi\u015f etdirib.<\/p>\n<p>Daha sonra yerd\u0259n g\u00f6t\u00fcrd\u00fcy\u00fc da\u015fla yax\u0131n g\u0259l\u0259n polisl\u0259r\u0259 x\u0259sar\u0259t yetir\u0259c\u0259yini deyib. H\u0259tta da\u015f\u0131 polisl\u0259rd\u0259n birin\u0259 t\u0259r\u0259f d\u0259 at\u0131b.<\/p>\n<p>\u0130stintaq orqan\u0131 t\u0259r\u0259find\u0259n \u018fli M\u0259mm\u0259dovun bar\u0259sind\u0259 Cinay\u0259t M\u0259c\u0259ll\u0259sinin 221.3-c\u00fc (xuliqanl\u0131q) v\u0259 315.2-ci (hakimiyy\u0259t n\u00fcmay\u0259nd\u0259sin\u0259 xidm\u0259ti v\u0259zif\u0259l\u0259rini yerin\u0259 yetir\u0259rk\u0259n h\u0259yat v\u0259 sa\u011flaml\u0131q \u00fc\u00e7\u00fcn t\u0259hl\u00fck\u0259li olmayan zor t\u0259tbiq etm\u0259kl\u0259 m\u00fcqavim\u0259t g\u00f6st\u0259rm\u0259, xidm\u0259ti v\u0259zif\u0259l\u0259rini yerin\u0259 yetirm\u0259si il\u0259 \u0259laq\u0259dar ona v\u0259 ya onun yax\u0131n qohumlar\u0131na qar\u015f\u0131 bel\u0259 zor t\u0259tbiq etm\u0259 v\u0259 ya zor t\u0259tbiq etm\u0259 h\u0259d\u0259si il\u0259 h\u0259d\u0259l\u0259m\u0259) madd\u0259l\u0259ri il\u0259 ittiham elan edilib.<\/p>\n<p>\u015eirvan \u015f\u0259h\u0259r M\u0259hk\u0259m\u0259sinin h\u00f6km\u00fc il\u0259 \u018fli M\u0259mm\u0259dov 5 il m\u00fcdd\u0259tin\u0259 azadl\u0131qdan m\u0259hrum edilib. H\u00f6kmd\u0259n naraz\u0131 qalan \u018fli M\u0259mm\u0259dov apelyasiya \u015fikay\u0259ti verib. O, h\u0259r iki madd\u0259 il\u0259 \u00f6z\u00fcn\u00fc t\u0259qsirli bilm\u0259yib v\u0259 g\u00fcnahs\u0131z oldu\u011funu qeyd edib, bar\u0259sind\u0259 b\u0259ra\u0259t h\u00f6km\u00fcn\u00fcn \u00e7\u0131xar\u0131lmas\u0131n\u0131 ist\u0259yib.<\/p>\n<p>\u018fli M\u0259mm\u0259dovun \u015fikay\u0259ti \u015eirvan Apelyasiya M\u0259hk\u0259m\u0259sind\u0259 ara\u015fd\u0131r\u0131l\u0131b v\u0259 qism\u0259n t\u0259min edilib. Onun c\u0259zas\u0131 4 il 6 aya endirilib.<\/p>\n<p>Bu q\u0259rardan naraz\u0131 qalan \u018fli M\u0259mm\u0259dov kasasiya \u015fikay\u0259ti verib, \u015fikay\u0259tind\u0259 \u015eirvan Apelyasiya M\u0259hk\u0259m\u0259sinin q\u0259rar\u0131n\u0131n l\u0259\u011fv edilm\u0259sini, i\u015fin yenid\u0259n apelyasiya instansiyas\u0131nda ara\u015fd\u0131r\u0131lmas\u0131 bar\u0259d\u0259 q\u0259rar q\u0259bul edilm\u0259sini ist\u0259yib.<\/p>\n<p>\u018fli M\u0259mm\u0259dovun kasasiya \u015fikay\u0259ti ara\u015fd\u0131r\u0131lmas\u0131 \u00fc\u00e7\u00fcn Ali M\u0259hk\u0259m\u0259y\u0259 g\u00f6nd\u0259rilib. Hakim Hafiz N\u0259sibovun s\u0259drliyi il\u0259 ba\u015f tutan prosesd\u0259 kasasiya \u015fikay\u0259tinin d\u0259lill\u0259ri ara\u015fd\u0131r\u0131l\u0131b.<\/p>\n<p>Q\u0259rara g\u00f6r\u0259, kasasiya \u015fikay\u0259ti t\u0259min olunmay\u0131b.<\/p>\n","protected":false},"excerpt":{"rendered":"<p>\u015eirvan \u015f\u0259h\u0259rind\u0259 xuliqanl\u0131qda ittiham olunan 1978-ci il t\u0259v\u0259ll\u00fcdl\u00fc \u018fli M\u0259mm\u0259dovun (cinay\u0259t i\u015find\u0259 \u015f\u0259xsl\u0259rin ad v\u0259 soyadlar\u0131 \u015f\u0259rti verilib \u2013 red.) cinay\u0259t i\u015fi \u00fczr\u0259 m\u0259hk\u0259m\u0259 prosesi ba\u015fa \u00e7at\u0131b. ARANTV.AZ\u00a0\u00a0teleqraf.com-a istinad\u0259n x\u0259b\u0259r verir ki, 22 noyabr 2017-ci il tarixd\u0259 Yaqub V\u0259liyev \u015eirvan \u015f\u0259h\u0259rind\u0259 evl\u0259rd\u0259n birind\u0259 \u018fli M\u0259mm\u0259dovun arvad\u0131 S\u0259bin\u0259 M\u0259mm\u0259dova il\u0259 intim \u0259laq\u0259d\u0259 olub. Onlar\u0131n intim \u0259laq\u0259d\u0259 olmalar\u0131n\u0131 \u018fli M\u0259mm\u0259dov izl\u0259y\u0259r\u0259k tutub. S\u0259bin\u0259 M\u0259mm\u0259dovala birg\u0259 \u0259l\u0259 ke\u00e7\u0259n Yaqub V\u0259liyev if\u015fa olundu\u011funu g\u00f6r\u00fcb v\u0259 \u00f6z\u00fcn\u00fc haql\u0131 t\u0259r\u0259f kimi g\u00f6st\u0259rm\u0259y\u0259 \u00e7al\u0131\u015f\u0131b. Qad\u0131n\u0131n \u0259riyl\u0259 \u0259lb\u0259yaxa olark\u0259n evin k\u00fc\u00e7\u0259y\u0259 a\u00e7\u0131lan darvazas\u0131na t\u0259r\u0259f \u00e7\u0131x\u0131b. S\u0259s\u0259 y\u0131\u011f\u0131\u015fan adamlar\u0131n&hellip;<\/p>\n","protected":false},"author":2,"featured_media":70468,"comment_status":"closed","ping_status":"closed","sticky":false,"template":"","format":"standard","meta":{"om_disable_all_campaigns":false,"_monsterinsights_skip_tracking":false,"_monsterinsights_sitenote_active":false,"_monsterinsights_sitenote_note":"","_monsterinsights_sitenote_category":0},"categories":[3],"tags":[],"aioseo_notices":[],"gutentor_comment":0,"rttpg_featured_image_url":{"full":["https:\/\/arantv.az\/wp-content\/uploads\/2019\/08\/yataq-santaj-cinayet.jpg",549,412,false],"landscape":["https:\/\/arantv.az\/wp-content\/uploads\/2019\/08\/yataq-santaj-cinayet.jpg",549,412,false],"portraits":["https:\/\/arantv.az\/wp-content\/uploads\/2019\/08\/yataq-santaj-cinayet.jpg",549,412,false],"thumbnail":["https:\/\/arantv.az\/wp-content\/uploads\/2019\/08\/yataq-santaj-cinayet-150x150.jpg",150,150,true],"medium":["https:\/\/arantv.az\/wp-content\/uploads\/2019\/08\/yataq-santaj-cinayet-300x225.jpg",300,225,true],"large":["https:\/\/arantv.az\/wp-content\/uploads\/2019\/08\/yataq-santaj-cinayet.jpg",549,412,false],"1536x1536":["https:\/\/arantv.az\/wp-content\/uploads\/2019\/08\/yataq-santaj-cinayet.jpg",549,412,false],"2048x2048":["https:\/\/arantv.az\/wp-content\/uploads\/2019\/08\/yataq-santaj-cinayet.jpg",549,412,false],"post-thumbnail":["https:\/\/arantv.az\/wp-content\/uploads\/2019\/08\/yataq-santaj-cinayet-240x172.jpg",240,172,true],"advps-thumb-one":["https:\/\/arantv.az\/wp-content\/uploads\/2019\/08\/yataq-santaj-cinayet.jpg",549,412,false]},"rttpg_author":{"display_name":"V\u00fcsal Rafiqo\u011flu","author_link":"https:\/\/arantv.az\/?author=2"},"rttpg_comment":0,"rttpg_category":"<a href=\"https:\/\/arantv.az\/?cat=3\" rel=\"category\">Kriminal<\/a>","rttpg_excerpt":"\u015eirvan \u015f\u0259h\u0259rind\u0259 xuliqanl\u0131qda ittiham olunan 1978-ci il t\u0259v\u0259ll\u00fcdl\u00fc \u018fli M\u0259mm\u0259dovun (cinay\u0259t i\u015find\u0259 \u015f\u0259xsl\u0259rin ad v\u0259 soyadlar\u0131 \u015f\u0259rti verilib \u2013 red.) cinay\u0259t i\u015fi \u00fczr\u0259 m\u0259hk\u0259m\u0259 prosesi ba\u015fa \u00e7at\u0131b. ARANTV.AZ\u00a0\u00a0teleqraf.com-a istinad\u0259n x\u0259b\u0259r verir ki, 22 noyabr 2017-ci il tarixd\u0259 Yaqub V\u0259liyev \u015eirvan \u015f\u0259h\u0259rind\u0259 evl\u0259rd\u0259n birind\u0259 \u018fli M\u0259mm\u0259dovun arvad\u0131 S\u0259bin\u0259 M\u0259mm\u0259dova il\u0259 intim \u0259laq\u0259d\u0259 olub. Onlar\u0131n intim \u0259laq\u0259d\u0259&hellip;","_links":{"self":[{"href":"https:\/\/arantv.az\/index.php?rest_route=\/wp\/v2\/posts\/70467"}],"collection":[{"href":"https:\/\/arantv.az\/index.php?rest_route=\/wp\/v2\/posts"}],"about":[{"href":"https:\/\/arantv.az\/index.php?rest_route=\/wp\/v2\/types\/post"}],"author":[{"embeddable":true,"href":"https:\/\/arantv.az\/index.php?rest_route=\/wp\/v2\/users\/2"}],"replies":[{"embeddable":true,"href":"https:\/\/arantv.az\/index.php?rest_route=%2Fwp%2Fv2%2Fcomments&post=70467"}],"version-history":[{"count":0,"href":"https:\/\/arantv.az\/index.php?rest_route=\/wp\/v2\/posts\/70467\/revisions"}],"wp:featuredmedia":[{"embeddable":true,"href":"https:\/\/arantv.az\/index.php?rest_route=\/wp\/v2\/media\/70468"}],"wp:attachment":[{"href":"https:\/\/arantv.az\/index.php?rest_route=%2Fwp%2Fv2%2Fmedia&parent=70467"}],"wp:term":[{"taxonomy":"category","embeddable":true,"href":"https:\/\/arantv.az\/index.php?rest_route=%2Fwp%2Fv2%2Fcategories&post=70467"},{"taxonomy":"post_tag","embeddable":true,"href":"https:\/\/arantv.az\/index.php?rest_route=%2Fwp%2Fv2%2Ftags&post=70467"}],"curies":[{"name":"wp","href":"https:\/\/api.w.org\/{rel}","templated":true}]}}