{"id":70479,"date":"2019-08-01T11:19:13","date_gmt":"2019-08-01T08:19:13","guid":{"rendered":"http:\/\/arantv.az\/?p=70479"},"modified":"2019-08-01T11:19:13","modified_gmt":"2019-08-01T08:19:13","slug":"rusiyada-adam-oldurdu-bakida-iki-n%c9%99f%c9%99ri-bicaqladi","status":"publish","type":"post","link":"https:\/\/arantv.az\/?p=70479","title":{"rendered":"Rusiyada adam \u00f6ld\u00fcrd\u00fc, Bak\u0131da iki n\u0259f\u0259ri b\u0131\u00e7aqlad\u0131"},"content":{"rendered":"<p>Q\u0259sd\u0259n adam \u00f6ld\u00fcrm\u0259kd\u0259 t\u0259qsirl\u0259ndiril\u0259n G\u00fcnd\u00fcz Aslanovun cinay\u0259t i\u015fi \u00fczr\u0259 ibtidai istintaq ba\u015fa \u00e7at\u0131b.<br \/>\n<b>ARANTV.AZ\u00a0<\/b>\u00a0&#8220;\u00d6lk\u0259.Az&#8221;a istinad\u0259n x\u0259b\u0259r verir ki, cinay\u0259t i\u015fi bax\u0131lmas\u0131 \u00fc\u00e7\u00fcn Bak\u0131 A\u011f\u0131r Cinay\u0259tl\u0259r M\u0259hk\u0259m\u0259sin\u0259 g\u00f6nd\u0259rilib.<\/p>\n<p>Cinay\u0259t i\u015fi hakim \u018fhm\u0259d Quliyevin icraat\u0131na verilib.<\/p>\n<div id=\"AdviadNativeVideo0\" class=\"AdviadNativeVideo\"><\/div>\n<p>M\u0259hk\u0259m\u0259 haz\u0131rl\u0131q iclas\u0131 avqust ay\u0131n\u0131n 6-na t\u0259yin olunub.<\/p>\n<p>Qeyd ed\u0259k ki, Sabun\u00e7u rayon Polis \u0130dar\u0259si v\u0259 rayon Prokurorlu\u011fu \u0259m\u0259kda\u015flar\u0131n\u0131n birg\u0259 ke\u00e7irdikl\u0259ri \u0259m\u0259liyayat-axtar\u0131\u015f t\u0259dbirl\u0259ri n\u0259tic\u0259sind\u0259 q\u0259tld\u0259 t\u0259qsirl\u0259ndiril\u0259n, Bak\u0131 \u015f\u0259h\u0259r sakini, 1988-ci il t\u0259v\u0259ll\u00fcdl\u00fc G\u00fcnd\u00fcz \u00c7ingiz o\u011flu Aslanov tutulub. G\u00fcnd\u00fcz Aslanov 2015-ci ild\u0259 Rusiya Federasiyas\u0131nda 1992-ci il t\u0259v\u0259ll\u00fcdl\u00fc M\u00fcbariz Nadir o\u011flu S\u0259limovu aralar\u0131nda yaranan m\u00fcnaqi\u015f\u0259 z\u0259minind\u0259 \u00f6ld\u00fcr\u00fcb.<br \/>\n2016-c\u0131 il tarixd\u0259 G\u00fcnd\u00fcz Aslanov bar\u0259sind\u0259 Rusiya Federasiyas\u0131 Cinay\u0259t M\u0259c\u0259ll\u0259sinin 105-ci (q\u0259sd\u0259n adam \u00f6ld\u00fcrm\u0259) madd\u0259si il\u0259 cinay\u0259t i\u015fi ba\u015flan\u0131b v\u0259 axtar\u0131\u015fa verilib.<br \/>\nBak\u0131ya g\u0259l\u0259n G\u00fcnd\u00fcz Aslanov burada da cinay\u0259t t\u00f6r\u0259dib.<\/p>\n<p>Bel\u0259 ki, o, 2016-c\u0131 ilin dekabr\u0131nda paytaxt\u0131n Bak\u0131xanov q\u0259s\u0259b\u0259si, Nazim \u0130smay\u0131lov k\u00fc\u00e7\u0259sind\u0259 Bak\u0131 \u015f\u0259h\u0259r sakinl\u0259ri \u2013 1997-ci il t\u0259v\u0259ll\u00fcdl\u00fc F\u0259rid Quliyev v\u0259 onun h\u0259mya\u015f\u0131d\u0131 olan dostu, F\u00fczuli rayon sakini V\u00fcqar Zeynalzad\u0259ni b\u0131\u00e7aqlay\u0131b.<\/p>\n<p>T\u0259qsirl\u0259ndiril\u0259n \u015f\u0259xs G\u00fcnd\u00fcz Aslanovun \u0259m\u0259li 2018-ci ild\u0259 Az\u0259rbaycan Cinay\u0259t M\u0259c\u0259ll\u0259sinin 120.1-ci (q\u0259sd\u0259n adam \u00f6ld\u00fcrm\u0259) madd\u0259sin\u0259 t\u00f6vsif edil\u0259r\u0259k bar\u0259sind\u0259 axtar\u0131\u015f elan olunub.<\/p>\n","protected":false},"excerpt":{"rendered":"<p>Q\u0259sd\u0259n adam \u00f6ld\u00fcrm\u0259kd\u0259 t\u0259qsirl\u0259ndiril\u0259n G\u00fcnd\u00fcz Aslanovun cinay\u0259t i\u015fi \u00fczr\u0259 ibtidai istintaq ba\u015fa \u00e7at\u0131b. ARANTV.AZ\u00a0\u00a0&#8220;\u00d6lk\u0259.Az&#8221;a istinad\u0259n x\u0259b\u0259r verir ki, cinay\u0259t i\u015fi bax\u0131lmas\u0131 \u00fc\u00e7\u00fcn Bak\u0131 A\u011f\u0131r Cinay\u0259tl\u0259r M\u0259hk\u0259m\u0259sin\u0259 g\u00f6nd\u0259rilib. Cinay\u0259t i\u015fi hakim \u018fhm\u0259d Quliyevin icraat\u0131na verilib. M\u0259hk\u0259m\u0259 haz\u0131rl\u0131q iclas\u0131 avqust ay\u0131n\u0131n 6-na t\u0259yin olunub. Qeyd ed\u0259k ki, Sabun\u00e7u rayon Polis \u0130dar\u0259si v\u0259 rayon Prokurorlu\u011fu \u0259m\u0259kda\u015flar\u0131n\u0131n birg\u0259 ke\u00e7irdikl\u0259ri \u0259m\u0259liyayat-axtar\u0131\u015f t\u0259dbirl\u0259ri n\u0259tic\u0259sind\u0259 q\u0259tld\u0259 t\u0259qsirl\u0259ndiril\u0259n, Bak\u0131 \u015f\u0259h\u0259r sakini, 1988-ci il t\u0259v\u0259ll\u00fcdl\u00fc G\u00fcnd\u00fcz \u00c7ingiz o\u011flu Aslanov tutulub. G\u00fcnd\u00fcz Aslanov 2015-ci ild\u0259 Rusiya Federasiyas\u0131nda 1992-ci il t\u0259v\u0259ll\u00fcdl\u00fc M\u00fcbariz Nadir o\u011flu S\u0259limovu aralar\u0131nda yaranan m\u00fcnaqi\u015f\u0259 z\u0259minind\u0259 \u00f6ld\u00fcr\u00fcb. 2016-c\u0131&hellip;<\/p>\n","protected":false},"author":2,"featured_media":70480,"comment_status":"closed","ping_status":"closed","sticky":false,"template":"","format":"standard","meta":{"om_disable_all_campaigns":false,"_monsterinsights_skip_tracking":false,"_monsterinsights_sitenote_active":false,"_monsterinsights_sitenote_note":"","_monsterinsights_sitenote_category":0},"categories":[3],"tags":[],"aioseo_notices":[],"gutentor_comment":0,"rttpg_featured_image_url":{"full":["https:\/\/arantv.az\/wp-content\/uploads\/2019\/08\/1564646788nazvaniya.jpg",275,183,false],"landscape":["https:\/\/arantv.az\/wp-content\/uploads\/2019\/08\/1564646788nazvaniya.jpg",275,183,false],"portraits":["https:\/\/arantv.az\/wp-content\/uploads\/2019\/08\/1564646788nazvaniya.jpg",275,183,false],"thumbnail":["https:\/\/arantv.az\/wp-content\/uploads\/2019\/08\/1564646788nazvaniya-150x150.jpg",150,150,true],"medium":["https:\/\/arantv.az\/wp-content\/uploads\/2019\/08\/1564646788nazvaniya.jpg",275,183,false],"large":["https:\/\/arantv.az\/wp-content\/uploads\/2019\/08\/1564646788nazvaniya.jpg",275,183,false],"1536x1536":["https:\/\/arantv.az\/wp-content\/uploads\/2019\/08\/1564646788nazvaniya.jpg",275,183,false],"2048x2048":["https:\/\/arantv.az\/wp-content\/uploads\/2019\/08\/1564646788nazvaniya.jpg",275,183,false],"post-thumbnail":["https:\/\/arantv.az\/wp-content\/uploads\/2019\/08\/1564646788nazvaniya-240x172.jpg",240,172,true],"advps-thumb-one":["https:\/\/arantv.az\/wp-content\/uploads\/2019\/08\/1564646788nazvaniya.jpg",275,183,false]},"rttpg_author":{"display_name":"V\u00fcsal Rafiqo\u011flu","author_link":"https:\/\/arantv.az\/?author=2"},"rttpg_comment":0,"rttpg_category":"<a href=\"https:\/\/arantv.az\/?cat=3\" rel=\"category\">Kriminal<\/a>","rttpg_excerpt":"Q\u0259sd\u0259n adam \u00f6ld\u00fcrm\u0259kd\u0259 t\u0259qsirl\u0259ndiril\u0259n G\u00fcnd\u00fcz Aslanovun cinay\u0259t i\u015fi \u00fczr\u0259 ibtidai istintaq ba\u015fa \u00e7at\u0131b. ARANTV.AZ\u00a0\u00a0&#8220;\u00d6lk\u0259.Az&#8221;a istinad\u0259n x\u0259b\u0259r verir ki, cinay\u0259t i\u015fi bax\u0131lmas\u0131 \u00fc\u00e7\u00fcn Bak\u0131 A\u011f\u0131r Cinay\u0259tl\u0259r M\u0259hk\u0259m\u0259sin\u0259 g\u00f6nd\u0259rilib. Cinay\u0259t i\u015fi hakim \u018fhm\u0259d Quliyevin icraat\u0131na verilib. M\u0259hk\u0259m\u0259 haz\u0131rl\u0131q iclas\u0131 avqust ay\u0131n\u0131n 6-na t\u0259yin olunub. Qeyd ed\u0259k ki, Sabun\u00e7u rayon Polis \u0130dar\u0259si v\u0259 rayon Prokurorlu\u011fu \u0259m\u0259kda\u015flar\u0131n\u0131n birg\u0259 ke\u00e7irdikl\u0259ri&hellip;","_links":{"self":[{"href":"https:\/\/arantv.az\/index.php?rest_route=\/wp\/v2\/posts\/70479"}],"collection":[{"href":"https:\/\/arantv.az\/index.php?rest_route=\/wp\/v2\/posts"}],"about":[{"href":"https:\/\/arantv.az\/index.php?rest_route=\/wp\/v2\/types\/post"}],"author":[{"embeddable":true,"href":"https:\/\/arantv.az\/index.php?rest_route=\/wp\/v2\/users\/2"}],"replies":[{"embeddable":true,"href":"https:\/\/arantv.az\/index.php?rest_route=%2Fwp%2Fv2%2Fcomments&post=70479"}],"version-history":[{"count":0,"href":"https:\/\/arantv.az\/index.php?rest_route=\/wp\/v2\/posts\/70479\/revisions"}],"wp:featuredmedia":[{"embeddable":true,"href":"https:\/\/arantv.az\/index.php?rest_route=\/wp\/v2\/media\/70480"}],"wp:attachment":[{"href":"https:\/\/arantv.az\/index.php?rest_route=%2Fwp%2Fv2%2Fmedia&parent=70479"}],"wp:term":[{"taxonomy":"category","embeddable":true,"href":"https:\/\/arantv.az\/index.php?rest_route=%2Fwp%2Fv2%2Fcategories&post=70479"},{"taxonomy":"post_tag","embeddable":true,"href":"https:\/\/arantv.az\/index.php?rest_route=%2Fwp%2Fv2%2Ftags&post=70479"}],"curies":[{"name":"wp","href":"https:\/\/api.w.org\/{rel}","templated":true}]}}