{"id":70491,"date":"2019-08-01T11:28:17","date_gmt":"2019-08-01T08:28:17","guid":{"rendered":"http:\/\/arantv.az\/?p=70491"},"modified":"2019-08-01T11:28:17","modified_gmt":"2019-08-01T08:28:17","slug":"intihar-ed%c9%99n-17-yasli-qizla-bagli-yeni-x%c9%99b%c9%99r-is-adami-il%c9%99","status":"publish","type":"post","link":"https:\/\/arantv.az\/?p=70491","title":{"rendered":"\u0130ntihar ed\u0259n 17 ya\u015fl\u0131 q\u0131zla ba\u011fl\u0131 YEN\u0130 X\u018fB\u018fR \u2014 \u0130\u015e ADAMI \u0130L\u018f&#8230;"},"content":{"rendered":"<p>&#8220;Onlar\u0131 problemli ail\u0259 kimi tan\u0131mam\u0131\u015fam. Normal ail\u0259dir. G\u00fcl\u0259ri \u0259r\u0259 verm\u0259k ist\u0259dikl\u0259ri o\u011flan k\u0259nd sakinidir&#8221;.<\/p>\n<p><b>ARANTV.AZ\u00a0<\/b>\u00a0x\u0259b\u0259r verir ki, bu fikirl\u0259ri &#8220;\u00d6lk\u0259.Az&#8221;-a a\u00e7\u0131qlamas\u0131nda Zaqatala rayon \u018fliabad k\u0259nd icra n\u00fcmay\u0259nd\u0259si H\u0259s\u0259n H\u0259s\u0259nov iki g\u00fcn \u0259vv\u0259l \u00f6z\u00fcn\u00fc asan 17 ya\u015fl\u0131 k\u0259nd sakini G\u00fcl\u0259r \u0130smay\u0131lova bar\u0259d\u0259 dan\u0131\u015fark\u0259n s\u0259sl\u0259ndirib. H.H\u0259s\u0259nov G.\u0130smay\u0131lova il\u0259 ni\u015fanlanmaq ist\u0259y\u0259n \u015f\u0259xs bar\u0259d\u0259 d\u0259 dan\u0131\u015f\u0131b:<\/p>\n<div id=\"AdviadNativeVideo0\" class=\"AdviadNativeVideo\"><\/div>\n<p>&#8220;O\u011flan\u0131n 32 ya\u015f\u0131 var, he\u00e7 vaxt ail\u0259li olmay\u0131b. M\u0259nd\u0259 olan m\u0259lumata g\u00f6r\u0259, bir ne\u00e7\u0259 ma\u011fazas\u0131 var, i\u015f adam\u0131d\u0131r&#8221;., ma\u011fazalar\u0131 var. Subay o\u011fland\u0131r.<\/p>\n<p>Qeyd ed\u0259k ki, rayonun \u018fliabad k\u0259nd sakini, 17 ya\u015fl\u0131 G\u00fcl\u0259r \u0130smay\u0131lova \u00f6z\u00fcnd\u0259n 15 ya\u015f b\u00f6y\u00fck o\u011flanla ni\u015fanlanma\u011f\u0131na etiraz ed\u0259r\u0259k, \u00f6z\u00fcn\u00fc evl\u0259rininh\u0259y\u0259tyan\u0131 sah\u0259sind\u0259ki t\u00f6vl\u0259d\u0259n k\u0259ndirl\u0259 as\u0131b. O, ni\u015fandan bir g\u00fcn \u00f6nc\u0259 \u00f6z\u00fcn\u0259 q\u0259sd edib.<\/p>\n<p>Faktla ba\u011fl\u0131 Zaqatala rayon prokurorlu\u011funda CM-nin 125-ci (\u00f6z\u00fcn\u00fc \u00f6ld\u00fcrm\u0259 h\u0259ddin\u0259 \u00e7atd\u0131rma) madd\u0259si il\u0259 cinay\u0259t i\u015fi ba\u015flay\u0131b, ara\u015fd\u0131rma apar<\/p>\n","protected":false},"excerpt":{"rendered":"<p>&#8220;Onlar\u0131 problemli ail\u0259 kimi tan\u0131mam\u0131\u015fam. Normal ail\u0259dir. G\u00fcl\u0259ri \u0259r\u0259 verm\u0259k ist\u0259dikl\u0259ri o\u011flan k\u0259nd sakinidir&#8221;. ARANTV.AZ\u00a0\u00a0x\u0259b\u0259r verir ki, bu fikirl\u0259ri &#8220;\u00d6lk\u0259.Az&#8221;-a a\u00e7\u0131qlamas\u0131nda Zaqatala rayon \u018fliabad k\u0259nd icra n\u00fcmay\u0259nd\u0259si H\u0259s\u0259n H\u0259s\u0259nov iki g\u00fcn \u0259vv\u0259l \u00f6z\u00fcn\u00fc asan 17 ya\u015fl\u0131 k\u0259nd sakini G\u00fcl\u0259r \u0130smay\u0131lova bar\u0259d\u0259 dan\u0131\u015fark\u0259n s\u0259sl\u0259ndirib. H.H\u0259s\u0259nov G.\u0130smay\u0131lova il\u0259 ni\u015fanlanmaq ist\u0259y\u0259n \u015f\u0259xs bar\u0259d\u0259 d\u0259 dan\u0131\u015f\u0131b: &#8220;O\u011flan\u0131n 32 ya\u015f\u0131 var, he\u00e7 vaxt ail\u0259li olmay\u0131b. M\u0259nd\u0259 olan m\u0259lumata g\u00f6r\u0259, bir ne\u00e7\u0259 ma\u011fazas\u0131 var, i\u015f adam\u0131d\u0131r&#8221;., ma\u011fazalar\u0131 var. Subay o\u011fland\u0131r. Qeyd ed\u0259k ki, rayonun \u018fliabad k\u0259nd sakini, 17 ya\u015fl\u0131 G\u00fcl\u0259r \u0130smay\u0131lova \u00f6z\u00fcnd\u0259n 15 ya\u015f b\u00f6y\u00fck o\u011flanla&hellip;<\/p>\n","protected":false},"author":2,"featured_media":70492,"comment_status":"closed","ping_status":"closed","sticky":false,"template":"","format":"standard","meta":{"om_disable_all_campaigns":false,"_monsterinsights_skip_tracking":false,"_monsterinsights_sitenote_active":false,"_monsterinsights_sitenote_note":"","_monsterinsights_sitenote_category":0},"categories":[5],"tags":[],"aioseo_notices":[],"gutentor_comment":0,"rttpg_featured_image_url":{"full":["https:\/\/arantv.az\/wp-content\/uploads\/2019\/08\/snimok_71564646896.jpg",550,327,false],"landscape":["https:\/\/arantv.az\/wp-content\/uploads\/2019\/08\/snimok_71564646896.jpg",550,327,false],"portraits":["https:\/\/arantv.az\/wp-content\/uploads\/2019\/08\/snimok_71564646896.jpg",550,327,false],"thumbnail":["https:\/\/arantv.az\/wp-content\/uploads\/2019\/08\/snimok_71564646896-150x150.jpg",150,150,true],"medium":["https:\/\/arantv.az\/wp-content\/uploads\/2019\/08\/snimok_71564646896-300x178.jpg",300,178,true],"large":["https:\/\/arantv.az\/wp-content\/uploads\/2019\/08\/snimok_71564646896.jpg",550,327,false],"1536x1536":["https:\/\/arantv.az\/wp-content\/uploads\/2019\/08\/snimok_71564646896.jpg",550,327,false],"2048x2048":["https:\/\/arantv.az\/wp-content\/uploads\/2019\/08\/snimok_71564646896.jpg",550,327,false],"post-thumbnail":["https:\/\/arantv.az\/wp-content\/uploads\/2019\/08\/snimok_71564646896-240x172.jpg",240,172,true],"advps-thumb-one":["https:\/\/arantv.az\/wp-content\/uploads\/2019\/08\/snimok_71564646896.jpg",550,327,false]},"rttpg_author":{"display_name":"V\u00fcsal Rafiqo\u011flu","author_link":"https:\/\/arantv.az\/?author=2"},"rttpg_comment":0,"rttpg_category":"<a href=\"https:\/\/arantv.az\/?cat=5\" rel=\"category\">Hadis\u0259<\/a>","rttpg_excerpt":"&#8220;Onlar\u0131 problemli ail\u0259 kimi tan\u0131mam\u0131\u015fam. Normal ail\u0259dir. G\u00fcl\u0259ri \u0259r\u0259 verm\u0259k ist\u0259dikl\u0259ri o\u011flan k\u0259nd sakinidir&#8221;. ARANTV.AZ\u00a0\u00a0x\u0259b\u0259r verir ki, bu fikirl\u0259ri &#8220;\u00d6lk\u0259.Az&#8221;-a a\u00e7\u0131qlamas\u0131nda Zaqatala rayon \u018fliabad k\u0259nd icra n\u00fcmay\u0259nd\u0259si H\u0259s\u0259n H\u0259s\u0259nov iki g\u00fcn \u0259vv\u0259l \u00f6z\u00fcn\u00fc asan 17 ya\u015fl\u0131 k\u0259nd sakini G\u00fcl\u0259r \u0130smay\u0131lova bar\u0259d\u0259 dan\u0131\u015fark\u0259n s\u0259sl\u0259ndirib. H.H\u0259s\u0259nov G.\u0130smay\u0131lova il\u0259 ni\u015fanlanmaq ist\u0259y\u0259n \u015f\u0259xs bar\u0259d\u0259 d\u0259 dan\u0131\u015f\u0131b: &#8220;O\u011flan\u0131n 32 ya\u015f\u0131&hellip;","_links":{"self":[{"href":"https:\/\/arantv.az\/index.php?rest_route=\/wp\/v2\/posts\/70491"}],"collection":[{"href":"https:\/\/arantv.az\/index.php?rest_route=\/wp\/v2\/posts"}],"about":[{"href":"https:\/\/arantv.az\/index.php?rest_route=\/wp\/v2\/types\/post"}],"author":[{"embeddable":true,"href":"https:\/\/arantv.az\/index.php?rest_route=\/wp\/v2\/users\/2"}],"replies":[{"embeddable":true,"href":"https:\/\/arantv.az\/index.php?rest_route=%2Fwp%2Fv2%2Fcomments&post=70491"}],"version-history":[{"count":0,"href":"https:\/\/arantv.az\/index.php?rest_route=\/wp\/v2\/posts\/70491\/revisions"}],"wp:featuredmedia":[{"embeddable":true,"href":"https:\/\/arantv.az\/index.php?rest_route=\/wp\/v2\/media\/70492"}],"wp:attachment":[{"href":"https:\/\/arantv.az\/index.php?rest_route=%2Fwp%2Fv2%2Fmedia&parent=70491"}],"wp:term":[{"taxonomy":"category","embeddable":true,"href":"https:\/\/arantv.az\/index.php?rest_route=%2Fwp%2Fv2%2Fcategories&post=70491"},{"taxonomy":"post_tag","embeddable":true,"href":"https:\/\/arantv.az\/index.php?rest_route=%2Fwp%2Fv2%2Ftags&post=70491"}],"curies":[{"name":"wp","href":"https:\/\/api.w.org\/{rel}","templated":true}]}}