{"id":70525,"date":"2019-08-01T11:45:08","date_gmt":"2019-08-01T08:45:08","guid":{"rendered":"http:\/\/arantv.az\/?p=70525"},"modified":"2019-08-01T11:45:08","modified_gmt":"2019-08-01T08:45:08","slug":"d%c9%99hs%c9%99t-intihar-etm%c9%99k-ucun-m%c9%99scidin-minar%c9%99sin%c9%99-qalxdi-v%c9%99","status":"publish","type":"post","link":"https:\/\/arantv.az\/?p=70525","title":{"rendered":"D\u018fH\u015e\u018fT: \u0130NT\u0130HAR etm\u0259k \u00fc\u00e7\u00fcn m\u0259scidin minar\u0259sin\u0259 qalxd\u0131 v\u0259 &#8230;"},"content":{"rendered":"<p>M\u0259scid\u0259 qalxaraq intihar etm\u0259k ist\u0259y\u0259n \u015f\u0259xs hu\u015funu itirib.<\/p>\n<p><b>ARANTV.AZ\u00a0<\/b>bildirir ki, hadis\u0259 T\u00fcrkiy\u0259nin Pamukkale b\u00f6lg\u0259sind\u0259 ba\u015f verib.<\/p>\n<div id=\"AdviadNativeVideo0\" class=\"AdviadNativeVideo\"><\/div>\n<p>\u0130ddiaya g\u00f6r\u0259, psixoloji problemi olan \u015f\u0259xs m\u0259scidin minar\u0259sin\u0259 qalxaraq intihara c\u0259hd edib. Onu g\u00f6r\u0259n \u0259trafdak\u0131 insanlar d\u0259rhal polis\u0259 m\u0259lumat verib. Hadis\u0259 yerin\u0259 c\u0259lb olunan xilasetm\u0259 qruplar\u0131 a\u015fa\u011f\u0131da hava yast\u0131\u011f\u0131 a\u00e7araq ki\u015fini \u00f6l\u00fcmd\u0259n xilas etm\u0259y\u0259 \u00e7al\u0131\u015f\u0131blar.<\/p>\n<p>Polisl\u0259rin onu intihar etm\u0259kd\u0259n \u00e7\u0259kindim\u0259y\u0259 \u00e7al\u0131\u015fd\u0131\u011f\u0131 zamanda is\u0259 ki\u015fi hu\u015funu itirib. \u0130lkin tibbi yard\u0131m g\u00f6st\u0259rildikd\u0259n sonra ki\u015fi x\u0259st\u0259xanaya \u00e7atd\u0131r\u0131l\u0131b.<\/p>\n<p><img class=\"imgbcode\" src=\"https:\/\/sonxeber.az\/uploads\/010820190909468591543_2.jpg\" alt=\"D\u018fH\u015e\u018fT: \u0130NT\u0130HAR etm\u0259k \u00fc\u00e7\u00fcn m\u0259scidin minar\u0259sin\u0259 qalxd\u0131 v\u0259 ...\" \/><\/p>\n<p>Sonxeber.az<\/p>\n","protected":false},"excerpt":{"rendered":"<p>M\u0259scid\u0259 qalxaraq intihar etm\u0259k ist\u0259y\u0259n \u015f\u0259xs hu\u015funu itirib. ARANTV.AZ\u00a0bildirir ki, hadis\u0259 T\u00fcrkiy\u0259nin Pamukkale b\u00f6lg\u0259sind\u0259 ba\u015f verib. \u0130ddiaya g\u00f6r\u0259, psixoloji problemi olan \u015f\u0259xs m\u0259scidin minar\u0259sin\u0259 qalxaraq intihara c\u0259hd edib. Onu g\u00f6r\u0259n \u0259trafdak\u0131 insanlar d\u0259rhal polis\u0259 m\u0259lumat verib. Hadis\u0259 yerin\u0259 c\u0259lb olunan xilasetm\u0259 qruplar\u0131 a\u015fa\u011f\u0131da hava yast\u0131\u011f\u0131 a\u00e7araq ki\u015fini \u00f6l\u00fcmd\u0259n xilas etm\u0259y\u0259 \u00e7al\u0131\u015f\u0131blar. Polisl\u0259rin onu intihar etm\u0259kd\u0259n \u00e7\u0259kindim\u0259y\u0259 \u00e7al\u0131\u015fd\u0131\u011f\u0131 zamanda is\u0259 ki\u015fi hu\u015funu itirib. \u0130lkin tibbi yard\u0131m g\u00f6st\u0259rildikd\u0259n sonra ki\u015fi x\u0259st\u0259xanaya \u00e7atd\u0131r\u0131l\u0131b. Sonxeber.az<\/p>\n","protected":false},"author":2,"featured_media":70526,"comment_status":"closed","ping_status":"closed","sticky":false,"template":"","format":"standard","meta":{"om_disable_all_campaigns":false,"_monsterinsights_skip_tracking":false,"_monsterinsights_sitenote_active":false,"_monsterinsights_sitenote_note":"","_monsterinsights_sitenote_category":0},"categories":[7],"tags":[],"aioseo_notices":[],"gutentor_comment":0,"rttpg_featured_image_url":{"full":["https:\/\/arantv.az\/wp-content\/uploads\/2019\/08\/ttrsu.jpg",549,278,false],"landscape":["https:\/\/arantv.az\/wp-content\/uploads\/2019\/08\/ttrsu.jpg",549,278,false],"portraits":["https:\/\/arantv.az\/wp-content\/uploads\/2019\/08\/ttrsu.jpg",549,278,false],"thumbnail":["https:\/\/arantv.az\/wp-content\/uploads\/2019\/08\/ttrsu-150x150.jpg",150,150,true],"medium":["https:\/\/arantv.az\/wp-content\/uploads\/2019\/08\/ttrsu-300x152.jpg",300,152,true],"large":["https:\/\/arantv.az\/wp-content\/uploads\/2019\/08\/ttrsu.jpg",549,278,false],"1536x1536":["https:\/\/arantv.az\/wp-content\/uploads\/2019\/08\/ttrsu.jpg",549,278,false],"2048x2048":["https:\/\/arantv.az\/wp-content\/uploads\/2019\/08\/ttrsu.jpg",549,278,false],"post-thumbnail":["https:\/\/arantv.az\/wp-content\/uploads\/2019\/08\/ttrsu-240x172.jpg",240,172,true],"advps-thumb-one":["https:\/\/arantv.az\/wp-content\/uploads\/2019\/08\/ttrsu.jpg",549,278,false]},"rttpg_author":{"display_name":"V\u00fcsal Rafiqo\u011flu","author_link":"https:\/\/arantv.az\/?author=2"},"rttpg_comment":0,"rttpg_category":"<a href=\"https:\/\/arantv.az\/?cat=7\" rel=\"category\">D\u00fcnya<\/a>","rttpg_excerpt":"M\u0259scid\u0259 qalxaraq intihar etm\u0259k ist\u0259y\u0259n \u015f\u0259xs hu\u015funu itirib. ARANTV.AZ\u00a0bildirir ki, hadis\u0259 T\u00fcrkiy\u0259nin Pamukkale b\u00f6lg\u0259sind\u0259 ba\u015f verib. \u0130ddiaya g\u00f6r\u0259, psixoloji problemi olan \u015f\u0259xs m\u0259scidin minar\u0259sin\u0259 qalxaraq intihara c\u0259hd edib. Onu g\u00f6r\u0259n \u0259trafdak\u0131 insanlar d\u0259rhal polis\u0259 m\u0259lumat verib. Hadis\u0259 yerin\u0259 c\u0259lb olunan xilasetm\u0259 qruplar\u0131 a\u015fa\u011f\u0131da hava yast\u0131\u011f\u0131 a\u00e7araq ki\u015fini \u00f6l\u00fcmd\u0259n xilas etm\u0259y\u0259 \u00e7al\u0131\u015f\u0131blar. Polisl\u0259rin onu intihar etm\u0259kd\u0259n&hellip;","_links":{"self":[{"href":"https:\/\/arantv.az\/index.php?rest_route=\/wp\/v2\/posts\/70525"}],"collection":[{"href":"https:\/\/arantv.az\/index.php?rest_route=\/wp\/v2\/posts"}],"about":[{"href":"https:\/\/arantv.az\/index.php?rest_route=\/wp\/v2\/types\/post"}],"author":[{"embeddable":true,"href":"https:\/\/arantv.az\/index.php?rest_route=\/wp\/v2\/users\/2"}],"replies":[{"embeddable":true,"href":"https:\/\/arantv.az\/index.php?rest_route=%2Fwp%2Fv2%2Fcomments&post=70525"}],"version-history":[{"count":0,"href":"https:\/\/arantv.az\/index.php?rest_route=\/wp\/v2\/posts\/70525\/revisions"}],"wp:featuredmedia":[{"embeddable":true,"href":"https:\/\/arantv.az\/index.php?rest_route=\/wp\/v2\/media\/70526"}],"wp:attachment":[{"href":"https:\/\/arantv.az\/index.php?rest_route=%2Fwp%2Fv2%2Fmedia&parent=70525"}],"wp:term":[{"taxonomy":"category","embeddable":true,"href":"https:\/\/arantv.az\/index.php?rest_route=%2Fwp%2Fv2%2Fcategories&post=70525"},{"taxonomy":"post_tag","embeddable":true,"href":"https:\/\/arantv.az\/index.php?rest_route=%2Fwp%2Fv2%2Ftags&post=70525"}],"curies":[{"name":"wp","href":"https:\/\/api.w.org\/{rel}","templated":true}]}}