{"id":70558,"date":"2019-08-01T13:05:02","date_gmt":"2019-08-01T10:05:02","guid":{"rendered":"http:\/\/arantv.az\/?p=70558"},"modified":"2019-08-01T13:05:02","modified_gmt":"2019-08-01T10:05:02","slug":"az%c9%99rbaycanciliq-v%c9%99-muasir-dovrun-cagirislari-movzusunda-t%c9%99dbir-kecirilib","status":"publish","type":"post","link":"https:\/\/arantv.az\/?p=70558","title":{"rendered":"&#8220;Az\u0259rbaycan\u00e7\u0131l\u0131q v\u0259 m\u00fcasir d\u00f6vr\u00fcn \u00e7a\u011f\u0131r\u0131\u015flar\u0131&#8221; m\u00f6vzusunda t\u0259dbir ke\u00e7irilib"},"content":{"rendered":"<p><strong>Az\u0259rbaycan Respublikas\u0131n\u0131n Prezidenti yan\u0131nda Qeyri-H\u00f6kum\u0259t T\u0259\u015fkilatlar\u0131na D\u00f6vl\u0259t D\u0259st\u0259yi \u015euras\u0131 Qaxda &#8220;Az\u0259rbaycan\u00e7\u0131l\u0131q v\u0259 m\u00fcasir d\u00f6vr\u00fcn \u00e7a\u011f\u0131r\u0131\u015flar\u0131&#8221; m\u00f6vzusunda t\u0259dbir ke\u00e7irib.<\/strong><\/p>\n<p><a href=\"http:\/\/azertag.az\/\" target=\"_blank\" rel=\"noopener\"><strong>ARANTV.AZ<\/strong> AZ\u018fRTAC<\/a>-a istinad\u0259n bildirir ki, t\u0259dbird\u0259 yerli QHT, media, g\u0259ncl\u0259r v\u0259 rayon ictimaiyy\u0259tinin n\u00fcmay\u0259nd\u0259l\u0259ri i\u015ftirak edibl\u0259r.<\/p>\n<p>Qax Rayon \u0130cra Hakimiyy\u0259tinin ictimai-siyasi v\u0259 humanitar m\u0259s\u0259l\u0259l\u0259r \u015f\u00f6b\u0259sinin ba\u015f m\u0259sl\u0259h\u0259t\u00e7isi Orxan S\u0259m\u0259dov \u00e7\u0131x\u0131\u015f ed\u0259r\u0259k t\u0259dbirin \u0259h\u0259miyy\u0259ti bar\u0259d\u0259 dan\u0131\u015f\u0131b.<\/p>\n<p>\u015eura Katibliyinin icra\u00e7\u0131 direktoru F\u0259ras\u0259t Qurbanov \u00e7\u0131x\u0131\u015f\u0131nda d\u00f6vl\u0259t ba\u015f\u00e7\u0131s\u0131n\u0131n \u00f6lk\u0259nin h\u0259rt\u0259r\u0259fli inki\u015faf\u0131 istiqam\u0259tind\u0259 apard\u0131\u011f\u0131 siyas\u0259td\u0259n, dig\u0259r sah\u0259l\u0259rl\u0259 yana\u015f\u0131 v\u0259t\u0259nda\u015f c\u0259miyy\u0259tinin inki\u015faf\u0131na g\u00f6st\u0259ril\u0259n d\u00f6vl\u0259t d\u0259st\u0259yi, bu istiqam\u0259td\u0259 \u015euran\u0131n g\u00f6rd\u00fcy\u00fc i\u015fl\u0259r v\u0259 t\u0259tbiq olunan yenilikl\u0259r bar\u0259d\u0259 \u0259trafl\u0131 m\u0259lumat verib.<\/p>\n<p>Q\u0259b\u0259l\u0259 Regional QHT-l\u0259rin Resurs v\u0259 T\u0259lim M\u0259rk\u0259zinin direktoru, Ki\u00e7ik v\u0259 Orta Biznesin \u0130nki\u015faf\u0131 Agentliyinin b\u00f6lg\u0259 \u00fczr\u0259 n\u00fcmay\u0259nd\u0259si Qalib N\u0259biyev regionda f\u0259aliyy\u0259t g\u00f6st\u0259r\u0259n QHT-l\u0259r, v\u0259t\u0259np\u0259rv\u0259rliyin t\u0259bli\u011fi istiqam\u0259tind\u0259 h\u0259yata ke\u00e7iril\u0259n layih\u0259l\u0259r, yerl\u0259rd\u0259 QHT f\u0259aliyy\u0259tinin \u0259h\u0259miyy\u0259ti v\u0259 d\u00f6vl\u0259t qurumlar\u0131 il\u0259 \u0259m\u0259kda\u015fl\u0131q m\u0259s\u0259l\u0259l\u0259ri bar\u0259d\u0259 m\u0259ruz\u0259 il\u0259 \u00e7\u0131x\u0131\u015f edib.<\/p>\n<p>T\u0259dbird\u0259 \u015furan\u0131n d\u0259st\u0259yi il\u0259 haz\u0131rlanm\u0131\u015f v\u0259 Zaqatala rayonundan olan \u015f\u0259hidl\u0259r\u0259 h\u0259sr olunan &#8220;Zirv\u0259d\u0259kil\u0259r&#8221; b\u0259dii-s\u0259n\u0259dli film n\u00fcmayi\u015f olunub. Film i\u015ftirak\u00e7\u0131lar t\u0259r\u0259find\u0259n b\u00f6y\u00fck r\u0259\u011fb\u0259tl\u0259 qar\u015f\u0131lan\u0131b v\u0259 bel\u0259 layih\u0259l\u0259r\u0259 verdiyi d\u0259st\u0259y\u0259 g\u00f6r\u0259 \u015euraya t\u0259\u015f\u0259kk\u00fcrl\u0259rini bildiribl\u0259r.<\/p>\n<p>T\u0259dbir i\u015ftirak\u00e7\u0131lar\u0131n f\u0259al v\u0259 maraql\u0131 \u00e7\u0131x\u0131\u015flar\u0131 il\u0259 davam edib.<\/p>\n","protected":false},"excerpt":{"rendered":"<p>Az\u0259rbaycan Respublikas\u0131n\u0131n Prezidenti yan\u0131nda Qeyri-H\u00f6kum\u0259t T\u0259\u015fkilatlar\u0131na D\u00f6vl\u0259t D\u0259st\u0259yi \u015euras\u0131 Qaxda &#8220;Az\u0259rbaycan\u00e7\u0131l\u0131q v\u0259 m\u00fcasir d\u00f6vr\u00fcn \u00e7a\u011f\u0131r\u0131\u015flar\u0131&#8221; m\u00f6vzusunda t\u0259dbir ke\u00e7irib. ARANTV.AZ AZ\u018fRTAC-a istinad\u0259n bildirir ki, t\u0259dbird\u0259 yerli QHT, media, g\u0259ncl\u0259r v\u0259 rayon ictimaiyy\u0259tinin n\u00fcmay\u0259nd\u0259l\u0259ri i\u015ftirak edibl\u0259r. Qax Rayon \u0130cra Hakimiyy\u0259tinin ictimai-siyasi v\u0259 humanitar m\u0259s\u0259l\u0259l\u0259r \u015f\u00f6b\u0259sinin ba\u015f m\u0259sl\u0259h\u0259t\u00e7isi Orxan S\u0259m\u0259dov \u00e7\u0131x\u0131\u015f ed\u0259r\u0259k t\u0259dbirin \u0259h\u0259miyy\u0259ti bar\u0259d\u0259 dan\u0131\u015f\u0131b. \u015eura Katibliyinin icra\u00e7\u0131 direktoru F\u0259ras\u0259t Qurbanov \u00e7\u0131x\u0131\u015f\u0131nda d\u00f6vl\u0259t ba\u015f\u00e7\u0131s\u0131n\u0131n \u00f6lk\u0259nin h\u0259rt\u0259r\u0259fli inki\u015faf\u0131 istiqam\u0259tind\u0259 apard\u0131\u011f\u0131 siyas\u0259td\u0259n, dig\u0259r sah\u0259l\u0259rl\u0259 yana\u015f\u0131 v\u0259t\u0259nda\u015f c\u0259miyy\u0259tinin inki\u015faf\u0131na g\u00f6st\u0259ril\u0259n d\u00f6vl\u0259t d\u0259st\u0259yi, bu istiqam\u0259td\u0259 \u015euran\u0131n g\u00f6rd\u00fcy\u00fc i\u015fl\u0259r v\u0259 t\u0259tbiq olunan yenilikl\u0259r bar\u0259d\u0259 \u0259trafl\u0131 m\u0259lumat verib.&hellip;<\/p>\n","protected":false},"author":2,"featured_media":70559,"comment_status":"closed","ping_status":"closed","sticky":false,"template":"","format":"standard","meta":{"om_disable_all_campaigns":false,"_monsterinsights_skip_tracking":false,"_monsterinsights_sitenote_active":false,"_monsterinsights_sitenote_note":"","_monsterinsights_sitenote_category":0},"categories":[1],"tags":[],"aioseo_notices":[],"gutentor_comment":0,"rttpg_featured_image_url":{"full":["https:\/\/arantv.az\/wp-content\/uploads\/2019\/08\/775094_02.jpg",1000,643,false],"landscape":["https:\/\/arantv.az\/wp-content\/uploads\/2019\/08\/775094_02.jpg",1000,643,false],"portraits":["https:\/\/arantv.az\/wp-content\/uploads\/2019\/08\/775094_02.jpg",1000,643,false],"thumbnail":["https:\/\/arantv.az\/wp-content\/uploads\/2019\/08\/775094_02-150x150.jpg",150,150,true],"medium":["https:\/\/arantv.az\/wp-content\/uploads\/2019\/08\/775094_02-300x193.jpg",300,193,true],"large":["https:\/\/arantv.az\/wp-content\/uploads\/2019\/08\/775094_02.jpg",640,412,false],"1536x1536":["https:\/\/arantv.az\/wp-content\/uploads\/2019\/08\/775094_02.jpg",1000,643,false],"2048x2048":["https:\/\/arantv.az\/wp-content\/uploads\/2019\/08\/775094_02.jpg",1000,643,false],"post-thumbnail":["https:\/\/arantv.az\/wp-content\/uploads\/2019\/08\/775094_02-240x172.jpg",240,172,true],"advps-thumb-one":["https:\/\/arantv.az\/wp-content\/uploads\/2019\/08\/775094_02-1000x620.jpg",1000,620,true]},"rttpg_author":{"display_name":"V\u00fcsal Rafiqo\u011flu","author_link":"https:\/\/arantv.az\/?author=2"},"rttpg_comment":0,"rttpg_category":"<a href=\"https:\/\/arantv.az\/?cat=1\" rel=\"category\">C\u0259miyy\u0259t<\/a>","rttpg_excerpt":"Az\u0259rbaycan Respublikas\u0131n\u0131n Prezidenti yan\u0131nda Qeyri-H\u00f6kum\u0259t T\u0259\u015fkilatlar\u0131na D\u00f6vl\u0259t D\u0259st\u0259yi \u015euras\u0131 Qaxda &#8220;Az\u0259rbaycan\u00e7\u0131l\u0131q v\u0259 m\u00fcasir d\u00f6vr\u00fcn \u00e7a\u011f\u0131r\u0131\u015flar\u0131&#8221; m\u00f6vzusunda t\u0259dbir ke\u00e7irib. ARANTV.AZ AZ\u018fRTAC-a istinad\u0259n bildirir ki, t\u0259dbird\u0259 yerli QHT, media, g\u0259ncl\u0259r v\u0259 rayon ictimaiyy\u0259tinin n\u00fcmay\u0259nd\u0259l\u0259ri i\u015ftirak edibl\u0259r. Qax Rayon \u0130cra Hakimiyy\u0259tinin ictimai-siyasi v\u0259 humanitar m\u0259s\u0259l\u0259l\u0259r \u015f\u00f6b\u0259sinin ba\u015f m\u0259sl\u0259h\u0259t\u00e7isi Orxan S\u0259m\u0259dov \u00e7\u0131x\u0131\u015f ed\u0259r\u0259k t\u0259dbirin \u0259h\u0259miyy\u0259ti bar\u0259d\u0259 dan\u0131\u015f\u0131b. \u015eura Katibliyinin&hellip;","_links":{"self":[{"href":"https:\/\/arantv.az\/index.php?rest_route=\/wp\/v2\/posts\/70558"}],"collection":[{"href":"https:\/\/arantv.az\/index.php?rest_route=\/wp\/v2\/posts"}],"about":[{"href":"https:\/\/arantv.az\/index.php?rest_route=\/wp\/v2\/types\/post"}],"author":[{"embeddable":true,"href":"https:\/\/arantv.az\/index.php?rest_route=\/wp\/v2\/users\/2"}],"replies":[{"embeddable":true,"href":"https:\/\/arantv.az\/index.php?rest_route=%2Fwp%2Fv2%2Fcomments&post=70558"}],"version-history":[{"count":0,"href":"https:\/\/arantv.az\/index.php?rest_route=\/wp\/v2\/posts\/70558\/revisions"}],"wp:featuredmedia":[{"embeddable":true,"href":"https:\/\/arantv.az\/index.php?rest_route=\/wp\/v2\/media\/70559"}],"wp:attachment":[{"href":"https:\/\/arantv.az\/index.php?rest_route=%2Fwp%2Fv2%2Fmedia&parent=70558"}],"wp:term":[{"taxonomy":"category","embeddable":true,"href":"https:\/\/arantv.az\/index.php?rest_route=%2Fwp%2Fv2%2Fcategories&post=70558"},{"taxonomy":"post_tag","embeddable":true,"href":"https:\/\/arantv.az\/index.php?rest_route=%2Fwp%2Fv2%2Ftags&post=70558"}],"curies":[{"name":"wp","href":"https:\/\/api.w.org\/{rel}","templated":true}]}}