{"id":70567,"date":"2019-08-01T13:10:32","date_gmt":"2019-08-01T10:10:32","guid":{"rendered":"http:\/\/arantv.az\/?p=70567"},"modified":"2019-08-01T13:10:32","modified_gmt":"2019-08-01T10:10:32","slug":"12-yasinda-t%c9%99cavuz%c9%99-ugrayan-aytacin-f%c9%99ryadi-m%c9%99ni-xilas-edin","status":"publish","type":"post","link":"https:\/\/arantv.az\/?p=70567","title":{"rendered":"12 ya\u015f\u0131nda t\u0259cav\u00fcz\u0259 u\u011frayan Aytac\u0131n F\u018fRYADI: \u201cM\u0259ni xilas edin!\u201d"},"content":{"rendered":"<div class=\"row m-0 p-0 mt-2\">\n<div class=\"col-12 col-sm-12 col-lg-12 icSehifeBody p-2 m-0\">\n<p><strong>\u0130stanbulda ya\u015fayan jurnalist h\u0259mkar\u0131m El\u00e7in m\u0259ni arayaraq dedi ki, burada bir Az\u0259rbaycan v\u0259t\u0259nda\u015f\u0131 var, dardad\u0131r. Ona yard\u0131m etm\u0259k laz\u0131md\u0131r, b\u0259lk\u0259 s\u0259n yazasan bu bar\u0259d\u0259. Raz\u0131la\u015fd\u0131m, \u0259g\u0259r yazmaqla bir v\u0259t\u0259nda\u015f\u0131m\u0131za yard\u0131m ed\u0259 bil\u0259riks\u0259, h\u0259r zaman haz\u0131r\u0131q.\u00a0<\/strong><\/p>\n<p><strong>ARANTV.AZ\u00a0\u00a0<\/strong>x\u0259b\u0259r verir ki, T\u00fcrkiy\u0259d\u0259 s\u0259n\u0259dsiz ya\u015fayan y\u00fczl\u0259rl\u0259 v\u0259t\u0259nda\u015f\u0131m\u0131zdan biri haqda yazacaqd\u0131m. Amma duyduqlar\u0131m\u0131 yazmaq \u00fc\u00e7\u00fcn iki g\u00fcn d\u00fc\u015f\u00fcnd\u00fcm. Yazacaqlar\u0131m a\u011f\u0131r g\u0259ldi&#8230;<\/p>\n<p>Aytac Abdulayeva 1992-ci ild\u0259 \u00a0Bak\u0131n\u0131n Yasamal rayonunda anadan olub. Atas\u0131 rus, anas\u0131 l\u0259zgidir. Aytac atas\u0131n\u0131 he\u00e7 tan\u0131may\u0131b. Bak\u0131da sosial probleml\u0259rl\u0259 \u00fczl\u0259\u015f\u0259n Aytac\u0131n anas\u0131 q\u0131z\u0131n\u0131 da g\u00f6t\u00fcr\u00fcb \u0130stanbula g\u0259lib. Ana \u0259vv\u0259lc\u0259 evl\u0259rd\u0259 i\u015fl\u0259m\u0259y\u0259 ba\u015flay\u0131b. Aytac\u0131n ba\u015f\u0131na da b\u00fct\u00fcn i\u015fl\u0259r o zaman g\u0259lib. Deyir ki, 12 ya\u015f\u0131nda T\u00fcrkiy\u0259 v\u0259t\u0259nda\u015f\u0131 Mustafa Aksoy t\u0259r\u0259find\u0259n t\u0259cav\u00fcz\u0259 u\u011fray\u0131b:<\/p>\n<p>\u201cAnam i\u015fl\u0259m\u0259y\u0259 ba\u015flad\u0131. M\u0259ni onun i\u015fl\u0259diyi yer\u0259 qoymurdular. Sonra anam m\u0259ni d\u0259 ba\u015fqa birinin evin\u0259 i\u015f\u00e7i olaraq verdi. M\u0259n h\u0259m orda qal\u0131rd\u0131m, h\u0259m d\u0259 i\u015fl\u0259yib az da olsa, m\u0259vacib al\u0131rd\u0131m. Anam da m\u0259ni tez-tez g\u00f6rm\u0259y\u0259 g\u0259lirdi. M\u0259n evind\u0259 \u00e7al\u0131\u015fd\u0131\u011f\u0131m adam\u0131n qohumu t\u0259r\u0259find\u0259n t\u0259cav\u00fcz\u0259 m\u0259ruz qald\u0131m. Bu t\u0259cav\u00fczd\u0259n hamil\u0259 qald\u0131m, \u00f6vlad\u0131m oldu. M\u0259ni o adamla evl\u0259ndirdil\u0259r. 13 ya\u015f\u0131nda ana olmu\u015fdum. Anam m\u0259ni Bak\u0131ya apara bilm\u0259y\u0259c\u0259yini s\u00f6yl\u0259di. Orda qarda\u015f\u0131m vard\u0131, ail\u0259liydi. Anam dedi ki, qarda\u015f\u0131n\u0131n ba\u015f\u0131n\u0131 a\u015fa\u011f\u0131 el\u0259y\u0259c\u0259yik, Bak\u0131ya getm\u0259. M\u0259ni m\u0259cbur\u0259n o adamla evl\u0259ndirdil\u0259r&#8221;.<\/p>\n<p>Aytac 13 ya\u015f\u0131nda r\u0259smi nikah\u0131 olmadan Mustafa Aksoy il\u0259 ya\u015fama\u011fa ba\u015flay\u0131b. Bundan sonra daha 4 u\u015fa\u011f\u0131 d\u00fcnyaya g\u0259lib. 5 u\u015faql\u0131 g\u0259nc ana Aytac h\u0259yat\u0131yla bar\u0131\u015f\u0131b v\u0259 sonra \u00f6vladlar\u0131n\u0131n atas\u0131yla r\u0259smi nikaha daxil olub. \u00a0Amma qara g\u00fcnl\u0259ri d\u0259 bundan sonra ba\u015flay\u0131b. H\u0259r g\u00fcn \u015fidd\u0259t g\u00f6r\u00fcb.<\/p>\n<p>\u201cM\u0259n u\u015faqk\u0259n u\u015faq b\u00f6y\u00fctm\u0259y\u0259 ba\u015flad\u0131m. H\u0259r g\u00fcn d\u00f6y\u00fcld\u00fcm. 16 ya\u015f\u0131mdan sonra anam\u0131n m\u0259cburiyy\u0259ti il\u0259 r\u0259smi nikaha da girmi\u015f\u0259m. M\u0259n sonrak\u0131 u\u015faqlar\u0131 ist\u0259mirdim. H\u0259r d\u0259f\u0259 m\u0259ni d\u00f6y\u0259-d\u00f6y\u0259 hamil\u0259 qoyub. Deyirdi \u201cs\u0259nin i\u015fin n\u0259dir? Qad\u0131nsan, u\u015faq d\u00fcnyaya g\u0259tir v\u0259 onlara bax!\u201d. Ya\u015f\u0131m az idi, he\u00e7 kimi tan\u0131m\u0131rd\u0131m. Hara gedim, kim\u0259 s\u0131\u011f\u0131n\u0131m, bilmirdim. T\u0259hsilim yox idi, T\u00fcrkiy\u0259d\u0259 tan\u0131d\u0131\u011f\u0131m az\u0259rbaycanl\u0131lar da yox idi. Azya\u015fl\u0131 oldu\u011fum \u00fc\u00e7\u00fcn d\u0259 icaz\u0259 olmadan he\u00e7 n\u0259 ed\u0259 bilmiridm. \u00a0D\u0259f\u0259l\u0259rl\u0259 \u00e7\u00f6l\u0259 at\u0131ld\u0131m. 4 il sonra is\u0259 anam r\u0259hm\u0259t\u0259 getdi. Bundan sonra h\u0259r \u015fey daha pis oldu. Anam olanda, \u0259n az\u0131ndan maddi c\u0259h\u0259td\u0259n d\u0259st\u0259k verirdi. Ac qalm\u0131rd\u0131m. \u015eidd\u0259t o h\u0259dd\u0259 \u00e7atd\u0131 ki, qad\u0131n s\u0131\u011f\u0131nma evin\u0259 getdim. Sonra e\u015fitdim ki, qarda\u015f\u0131m\u0131n ke\u00e7mi\u015f h\u0259yat yolda\u015f\u0131n\u0131 evin\u0259 g\u0259tirib v\u0259 o da u\u015faqlar\u0131m\u0131n atas\u0131ndan hamil\u0259dir. Bunu e\u015fidib geri qay\u0131td\u0131m, m\u0259qs\u0259dim \u00a0u\u015faqlar\u0131m\u0131 almaq idi. M\u0259ni d\u00f6y\u0259r\u0259k evd\u0259n qovdu. Art\u0131q 1 ildir ki, k\u00fc\u00e7\u0259l\u0259rd\u0259 qal\u0131ram. H\u0259r g\u00fcn bir yerd\u0259 gec\u0259l\u0259yir\u0259m. El\u0259 a\u011f\u0131r g\u00fcnl\u0259r ke\u00e7irir\u0259m ki, n\u0259 ed\u0259c\u0259yimi art\u0131q bilmir\u0259m. Bir ildir d\u0259 \u00f6vladlar\u0131m\u0131 g\u00f6r\u0259 bilmir\u0259m. R\u0259smi nikah\u0131m olsa da, m\u0259ni ev\u0259 qoymur, \u00e7\u00fcnki evd\u0259 qarda\u015f\u0131m\u0131n ke\u00e7mi\u015f h\u0259yat yolda\u015f\u0131 v\u0259 ondan da bir u\u015fa\u011f\u0131 var&#8221;.<\/p>\n<p>Aytac Abdullayeva d\u00fc\u015fd\u00fcy\u00fc v\u0259ziyy\u0259tl\u0259 ba\u011fl\u0131 r\u0259smi orqanlara da m\u00fcraci\u0259t ed\u0259 bilmir. Deyir ki, bir ildir pasportunun m\u00fcdd\u0259ti ba\u015fa \u00e7at\u0131b. Eyni zamanda, oturma \u00fc\u00e7\u00fcn r\u0259smi icaz\u0259 m\u00fcdd\u0259ti d\u0259 bitib. \u00a0Pasport alma\u011fa maddi g\u00fcc\u00fc yoxdu. \u00c7\u00fcnki bunun \u00fc\u00e7\u00fcn Az\u0259rbaycan\u0131n T\u00fcrkiy\u0259d\u0259ki konsullu\u011funa 55 AB\u015e dollar\u0131 \u00f6d\u0259m\u0259lidir:<\/p>\n<p>&#8220;M\u0259n g\u00fcnl\u0259rl\u0259 ac qalan insanam. R\u0259smi i\u015f\u0259 d\u0259 gir\u0259 bilmir\u0259m. S\u0259n\u0259dim yoxdu ki, i\u015f tap\u0131m. G\u00fcnl\u00fck i\u015f olanda \u00e7al\u0131\u015f\u0131ram. Pasport alsam bel\u0259, m\u0259nim oturma icaz\u0259m \u00fc\u00e7\u00fcn Mustafa Aksoyun r\u0259smi izni laz\u0131md\u0131r. Bunun \u00fc\u00e7\u00fcn onun da s\u0259n\u0259dl\u0259rind\u0259n istifad\u0259 olunmal\u0131d\u0131r. Amma o, m\u0259ni e\u015fitm\u0259k bel\u0259 ist\u0259mir. V\u0259kil tutma\u011fa da maddi imkan\u0131m yoxdur. \u018flim-qolum h\u0259r t\u0259r\u0259fd\u0259n ba\u011flan\u0131b, art\u0131q yolun sonundayam&#8221;.<\/p>\n<p>\u0130ndi Aytac Abdullayevan\u0131n \u00fcmidi Az\u0259rbaycan d\u00f6vl\u0259tin\u0259dir. Onu bu v\u0259ziyy\u0259td\u0259n qurtars\u0131nlar dey\u0259, xahi\u015f edir:<\/p>\n<p>&#8220;M\u0259n 12 ya\u015f\u0131ndan \u0259zab \u00e7\u0259k\u0259n 27 ya\u015fl\u0131 5 u\u015faql\u0131 anayam. B\u00fct\u00fcn m\u0259n\u0259 edil\u0259n z\u00fclml\u0259r\u0259 d\u00f6zd\u00fcm, \u00f6lm\u0259m\u0259k \u00fc\u00e7\u00fcn m\u00fccadil\u0259 etdim. \u00d6vladlar\u0131m \u00fc\u00e7\u00fcn ya\u015fad\u0131m. \u0130ndi onlar\u0131n h\u0259yat\u0131ndan narahatam. Analar\u0131na t\u0259cav\u00fcz ed\u0259n atayla qalmalar\u0131n\u0131 ist\u0259mir\u0259m. S\u0259n\u0259dl\u0259rimin d\u00fcz\u0259lm\u0259sini, r\u0259smi olaraq bo\u015fanmam\u0131 v\u0259 \u00f6vladlar\u0131m\u0131 ist\u0259yir\u0259m. \u00a0Art\u0131q 12 ya\u015f\u0131nda deyil\u0259m. M\u0259n he\u00e7 u\u015faq olmadan b\u00f6y\u00fcm\u00fc\u015f anayam. Xahi\u015f edir\u0259m m\u0259nim s\u0259simi duyun!&#8221;.<\/p>\n<p>Aytac\u0131n son olaraq bir \u00e7a\u011f\u0131r\u0131\u015f\u0131 da var: &#8220;Atalar, analar \u00f6vladlar\u0131n\u0131z\u0131 yaln\u0131z qoymay\u0131n. Onlar\u0131 t\u0259cav\u00fcz\u00e7\u00fcl\u0259rin nikah\u0131na salmay\u0131n. \u00d6vladlar\u0131n\u0131za sahib \u00e7\u0131x\u0131n!&#8221;.<\/p>\n<p>Qeyd ed\u0259k ki, bir ne\u00e7\u0259 g\u00fcn \u00f6nc\u0259 Az\u0259rbaycan\u0131n sabiq prezidenti \u018fb\u00fclf\u0259z El\u00e7ib\u0259yin k\u00fcr\u0259k\u0259ni \u00a0Aqil S\u0259m\u0259db\u0259yli 27 ya\u015fl\u0131 Aytac Aksoyu himay\u0259sin\u0259 g\u00f6t\u00fcrd\u00fcy\u00fcn\u00fc a\u00e7\u0131qlam\u0131\u015fd\u0131.<\/p>\n<p>M\u0259hs\u0259ti \u015e\u0259rif\/modern.az<\/p>\n<\/div>\n<\/div>\n<div class=\"row m-0 pl-2 p-0\">\n<div class=\"col-12 col-sm-12 col-lg-12 m-0 p-0\">\n<div id=\"slide_prev_cyan\" class=\"slider_prev_cyan\"><\/div>\n<div id=\"slide_next_cyan\" class=\"slider_next_cyan\"><\/div>\n<div class=\"lSSlideOuter noPager\">\n<div class=\"lSSlideWrapper usingCss\">\n<ul id=\"photoGallery1\" class=\"lightSlider lsGrab lSSlide\">\n<li class=\"lslide active\" data-thumb=\"\/photos\/unikal\/1564653674_mus11.jpg\"><img title=\"12 ya\u015f\u0131nda t\u0259cav\u00fcz\u0259 u\u011frayan Aytac\u0131n F\u018fRYADI:\u201cM\u0259ni xilas edin!\u201d\" src=\"https:\/\/www.unikal.org\/photos\/unikal\/1564653674_mus11.jpg\" alt=\"12 ya\u015f\u0131nda t\u0259cav\u00fcz\u0259 u\u011frayan Aytac\u0131n F\u018fRYADI:\u201cM\u0259ni xilas edin!\u201d\" \/><\/li>\n<\/ul>\n<\/div>\n<\/div>\n<\/div>\n<\/div>\n<div class=\"row m-0 pl-2 p-0 mt-1\">\n<div class=\"\"><\/div>\n<\/div>\n","protected":false},"excerpt":{"rendered":"<p>\u0130stanbulda ya\u015fayan jurnalist h\u0259mkar\u0131m El\u00e7in m\u0259ni arayaraq dedi ki, burada bir Az\u0259rbaycan v\u0259t\u0259nda\u015f\u0131 var, dardad\u0131r. Ona yard\u0131m etm\u0259k laz\u0131md\u0131r, b\u0259lk\u0259 s\u0259n yazasan bu bar\u0259d\u0259. Raz\u0131la\u015fd\u0131m, \u0259g\u0259r yazmaqla bir v\u0259t\u0259nda\u015f\u0131m\u0131za yard\u0131m ed\u0259 bil\u0259riks\u0259, h\u0259r zaman haz\u0131r\u0131q.\u00a0 ARANTV.AZ\u00a0\u00a0x\u0259b\u0259r verir ki, T\u00fcrkiy\u0259d\u0259 s\u0259n\u0259dsiz ya\u015fayan y\u00fczl\u0259rl\u0259 v\u0259t\u0259nda\u015f\u0131m\u0131zdan biri haqda yazacaqd\u0131m. Amma duyduqlar\u0131m\u0131 yazmaq \u00fc\u00e7\u00fcn iki g\u00fcn d\u00fc\u015f\u00fcnd\u00fcm. Yazacaqlar\u0131m a\u011f\u0131r g\u0259ldi&#8230; Aytac Abdulayeva 1992-ci ild\u0259 \u00a0Bak\u0131n\u0131n Yasamal rayonunda anadan olub. Atas\u0131 rus, anas\u0131 l\u0259zgidir. Aytac atas\u0131n\u0131 he\u00e7 tan\u0131may\u0131b. Bak\u0131da sosial probleml\u0259rl\u0259 \u00fczl\u0259\u015f\u0259n Aytac\u0131n anas\u0131 q\u0131z\u0131n\u0131 da g\u00f6t\u00fcr\u00fcb \u0130stanbula g\u0259lib. Ana \u0259vv\u0259lc\u0259 evl\u0259rd\u0259 i\u015fl\u0259m\u0259y\u0259 ba\u015flay\u0131b. Aytac\u0131n&hellip;<\/p>\n","protected":false},"author":2,"featured_media":70568,"comment_status":"closed","ping_status":"closed","sticky":false,"template":"","format":"standard","meta":{"om_disable_all_campaigns":false,"_monsterinsights_skip_tracking":false,"_monsterinsights_sitenote_active":false,"_monsterinsights_sitenote_note":"","_monsterinsights_sitenote_category":0},"categories":[1],"tags":[],"aioseo_notices":[],"gutentor_comment":0,"rttpg_featured_image_url":{"full":["https:\/\/arantv.az\/wp-content\/uploads\/2019\/08\/1564653674.aytac_.jpg",600,400,false],"landscape":["https:\/\/arantv.az\/wp-content\/uploads\/2019\/08\/1564653674.aytac_.jpg",600,400,false],"portraits":["https:\/\/arantv.az\/wp-content\/uploads\/2019\/08\/1564653674.aytac_.jpg",600,400,false],"thumbnail":["https:\/\/arantv.az\/wp-content\/uploads\/2019\/08\/1564653674.aytac_-150x150.jpg",150,150,true],"medium":["https:\/\/arantv.az\/wp-content\/uploads\/2019\/08\/1564653674.aytac_-300x200.jpg",300,200,true],"large":["https:\/\/arantv.az\/wp-content\/uploads\/2019\/08\/1564653674.aytac_.jpg",600,400,false],"1536x1536":["https:\/\/arantv.az\/wp-content\/uploads\/2019\/08\/1564653674.aytac_.jpg",600,400,false],"2048x2048":["https:\/\/arantv.az\/wp-content\/uploads\/2019\/08\/1564653674.aytac_.jpg",600,400,false],"post-thumbnail":["https:\/\/arantv.az\/wp-content\/uploads\/2019\/08\/1564653674.aytac_-240x172.jpg",240,172,true],"advps-thumb-one":["https:\/\/arantv.az\/wp-content\/uploads\/2019\/08\/1564653674.aytac_.jpg",600,400,false]},"rttpg_author":{"display_name":"V\u00fcsal Rafiqo\u011flu","author_link":"https:\/\/arantv.az\/?author=2"},"rttpg_comment":0,"rttpg_category":"<a href=\"https:\/\/arantv.az\/?cat=1\" rel=\"category\">C\u0259miyy\u0259t<\/a>","rttpg_excerpt":"\u0130stanbulda ya\u015fayan jurnalist h\u0259mkar\u0131m El\u00e7in m\u0259ni arayaraq dedi ki, burada bir Az\u0259rbaycan v\u0259t\u0259nda\u015f\u0131 var, dardad\u0131r. Ona yard\u0131m etm\u0259k laz\u0131md\u0131r, b\u0259lk\u0259 s\u0259n yazasan bu bar\u0259d\u0259. Raz\u0131la\u015fd\u0131m, \u0259g\u0259r yazmaqla bir v\u0259t\u0259nda\u015f\u0131m\u0131za yard\u0131m ed\u0259 bil\u0259riks\u0259, h\u0259r zaman haz\u0131r\u0131q.\u00a0 ARANTV.AZ\u00a0\u00a0x\u0259b\u0259r verir ki, T\u00fcrkiy\u0259d\u0259 s\u0259n\u0259dsiz ya\u015fayan y\u00fczl\u0259rl\u0259 v\u0259t\u0259nda\u015f\u0131m\u0131zdan biri haqda yazacaqd\u0131m. Amma duyduqlar\u0131m\u0131 yazmaq \u00fc\u00e7\u00fcn iki g\u00fcn d\u00fc\u015f\u00fcnd\u00fcm. Yazacaqlar\u0131m a\u011f\u0131r&hellip;","_links":{"self":[{"href":"https:\/\/arantv.az\/index.php?rest_route=\/wp\/v2\/posts\/70567"}],"collection":[{"href":"https:\/\/arantv.az\/index.php?rest_route=\/wp\/v2\/posts"}],"about":[{"href":"https:\/\/arantv.az\/index.php?rest_route=\/wp\/v2\/types\/post"}],"author":[{"embeddable":true,"href":"https:\/\/arantv.az\/index.php?rest_route=\/wp\/v2\/users\/2"}],"replies":[{"embeddable":true,"href":"https:\/\/arantv.az\/index.php?rest_route=%2Fwp%2Fv2%2Fcomments&post=70567"}],"version-history":[{"count":0,"href":"https:\/\/arantv.az\/index.php?rest_route=\/wp\/v2\/posts\/70567\/revisions"}],"wp:featuredmedia":[{"embeddable":true,"href":"https:\/\/arantv.az\/index.php?rest_route=\/wp\/v2\/media\/70568"}],"wp:attachment":[{"href":"https:\/\/arantv.az\/index.php?rest_route=%2Fwp%2Fv2%2Fmedia&parent=70567"}],"wp:term":[{"taxonomy":"category","embeddable":true,"href":"https:\/\/arantv.az\/index.php?rest_route=%2Fwp%2Fv2%2Fcategories&post=70567"},{"taxonomy":"post_tag","embeddable":true,"href":"https:\/\/arantv.az\/index.php?rest_route=%2Fwp%2Fv2%2Ftags&post=70567"}],"curies":[{"name":"wp","href":"https:\/\/api.w.org\/{rel}","templated":true}]}}