{"id":70573,"date":"2019-08-01T13:24:57","date_gmt":"2019-08-01T10:24:57","guid":{"rendered":"http:\/\/arantv.az\/?p=70573"},"modified":"2019-08-01T13:24:57","modified_gmt":"2019-08-01T10:24:57","slug":"prezident-ilham-%c9%99liyevin-t%c9%99s%c9%99bbusu-il%c9%99-reallasdirilan-ugurlu-sosial-islahatlar-v%c9%99t%c9%99ndas-rifahinin-t%c9%99minatinda-ciddi-ir%c9%99lil%c9%99yisl%c9%99r%c9%99-imkan-verib","status":"publish","type":"post","link":"https:\/\/arantv.az\/?p=70573","title":{"rendered":"Prezident \u0130lham \u018fliyevin t\u0259\u015f\u0259bb\u00fcs\u00fc il\u0259 realla\u015fd\u0131r\u0131lan u\u011furlu sosial islahatlar v\u0259t\u0259nda\u015f rifah\u0131n\u0131n t\u0259minat\u0131nda ciddi ir\u0259lil\u0259yi\u015fl\u0259r\u0259 imkan verib"},"content":{"rendered":"<blockquote><p><em><strong>Prezident \u0130lham \u018fliyevin t\u0259\u015f\u0259bb\u00fcs\u00fc il\u0259 2019-cu ilin \u00f6t\u0259n d\u00f6vr\u00fcnd\u0259 realla\u015fd\u0131r\u0131lan h\u0259r iki sosial paketin \u00fcmumi d\u0259y\u0259ri cari il \u00fc\u00e7\u00fcn 2,3 milyard manat, n\u00f6vb\u0259ti il \u00fc\u00e7\u00fcn 3 milyard manatd\u0131r v\u0259 4,2 milyon v\u0259t\u0259nda\u015f\u0131 \u0259hat\u0259 edir. Minimum \u0259m\u0259khaqq\u0131nda dem\u0259k olar ki, iki d\u0259f\u0259 art\u0131m, minimum pensiyada 72 faizlik art\u0131m n\u0259tic\u0259sind\u0259 Az\u0259rbaycanda minimum pensiya MDB m\u0259kan\u0131nda al\u0131c\u0131l\u0131q qabiliyy\u0259ti \u00fczr\u0259 birinci g\u00f6st\u0259rici olacaq. Minimum \u0259m\u0259khaqq\u0131 is\u0259 yen\u0259 d\u0259 al\u0131c\u0131l\u0131q qabiliyy\u0259ti \u00fczr\u0259 MDB m\u0259kan\u0131nda ikinci g\u00f6st\u0259rici olacaq.<\/strong><\/em><\/p><\/blockquote>\n<p><strong>ARANTV.AZ\u00a0<\/strong>\u00a0<a href=\"http:\/\/azertag.az\/\" target=\"_blank\" rel=\"noopener\">AZ\u018fRTAC<\/a>-a istinad\u0259n bildirir ki, bunu Az\u0259rbaycan Respublikas\u0131n\u0131n Prezidenti \u0130lham \u018fliyevin yan\u0131nda sosial-iqtisadi sah\u0259 il\u0259 ba\u011fl\u0131 ke\u00e7iril\u0259n m\u00fc\u015favir\u0259d\u0259 \u018fm\u0259k v\u0259 \u018fhalinin Sosial M\u00fcdafi\u0259si naziri Sahil Babayev vur\u011fulay\u0131b.<\/p>\n<p>Nazir bildirib ki, birinci paket 3 milyon v\u0259t\u0259nda\u015f\u0131 \u0259hat\u0259 etdi v\u0259 \u00fcmumi illik maliyy\u0259 t\u0259l\u0259bi 1,6 milyard manata b\u0259rab\u0259r idi: &#8220;Bu sosial islahat paketi art\u0131q tam \u015f\u0259kild\u0259 icra olundu v\u0259 h\u0259m pensiya\u00e7\u0131lar\u0131m\u0131z\u0131n, h\u0259m d\u0259 i\u015fl\u0259y\u0259n v\u0259t\u0259nda\u015flar\u0131m\u0131z\u0131n \u0259m\u0259khaqlar\u0131 art\u0131r\u0131ld\u0131. \u0130kinci sosial paketl\u0259 ba\u011fl\u0131 haz\u0131rl\u0131q i\u015fl\u0259ri art\u0131q yekunla\u015f\u0131b v\u0259 sentyabr ay\u0131n\u0131n 1-d\u0259n etibar\u0259n minimum \u0259m\u0259khaqq\u0131n\u0131n 250 manata \u00e7atd\u0131r\u0131lmas\u0131, d\u00f6vl\u0259t sektorunda \u00e7al\u0131\u015fanlardan ibar\u0259t \u0259lav\u0259 400 min insan\u0131n kateqoriyalar\u0131ndan as\u0131l\u0131 olaraq 20-50 faiz aral\u0131\u011f\u0131nda \u0259m\u0259khaqlar\u0131n\u0131n art\u0131r\u0131lmas\u0131, eyni zamanda, oktyabr\u0131n 1-d\u0259n etibar\u0259n 750 min pensiya\u00e7\u0131n\u0131n pensiyas\u0131n\u0131n art\u0131r\u0131lmas\u0131 il\u0259 ba\u011fl\u0131 b\u00fct\u00fcn haz\u0131rl\u0131q i\u015fl\u0259ri art\u0131q yekunla\u015fd\u0131r\u0131l\u0131b&#8221;.<\/p>\n<p>S.Babayev, \u0259lav\u0259 olaraq, d\u00f6vl\u0259t ba\u015f\u00e7\u0131s\u0131n\u0131n tap\u015f\u0131r\u0131\u011f\u0131na \u0259sas\u0259n m\u00fcavin\u0259t v\u0259 t\u0259qa\u00fcdl\u0259rin art\u0131r\u0131lmas\u0131 sah\u0259sind\u0259 g\u00f6r\u00fcl\u0259n i\u015fl\u0259ri qeyd edib. Diqq\u0259t\u0259 \u00e7atd\u0131r\u0131b ki, cari ild\u0259 m\u00fcavin\u0259t v\u0259 t\u0259qa\u00fcdl\u0259rin art\u0131m\u0131 \u00fcmumilikd\u0259 1,3 milyon v\u0259t\u0259nda\u015f\u0131 \u0259hat\u0259 edib. Bunlardan 300 mind\u0259n \u00e7oxu m\u0259hz \u0259lilliyi olan \u015f\u0259xsl\u0259r, 500 min\u0259 q\u0259d\u0259ri m\u0259cburi k\u00f6\u00e7k\u00fcn, 100 mind\u0259n \u00e7oxu t\u0259l\u0259b\u0259 v\u0259 g\u0259ncl\u0259rdir: &#8220;\u00dcmumilikd\u0259 baxd\u0131qda bu m\u00fcavin\u0259t v\u0259 t\u0259qa\u00fcdl\u0259r \u0259halinin sosial c\u0259h\u0259td\u0259n \u0259n h\u0259ssas t\u0259b\u0259q\u0259sini \u0259hat\u0259 etdi v\u0259 onlar\u0131n g\u0259lirl\u0259ri \u00e7ox \u0259h\u0259miyy\u0259tli \u015f\u0259kild\u0259 art\u0131r\u0131ld\u0131&#8221;.<\/p>\n<p>Nazir vur\u011fulay\u0131b ki, Prezident \u0130lham \u018fliyevin dig\u0259r bir sosial t\u0259\u015f\u0259bb\u00fcs\u00fc olaraq, \u00f6t\u0259n ilin sonlar\u0131nda qanunvericiliy\u0259 edilmi\u015f d\u0259yi\u015fiklik n\u0259tic\u0259sind\u0259 \u00f6lk\u0259mizd\u0259 ciddi \u015f\u0259kild\u0259 sosial s\u0131\u011forta amnistiyas\u0131 elan edilib. 2006-c\u0131 ild\u0259n 2018-ci il\u0259d\u0259k sosial s\u0131\u011forta sah\u0259sind\u0259 c\u00fczi \u00f6d\u0259ni\u015f etmi\u015f \u015f\u0259xsl\u0259r\u0259 bel\u0259 25 il s\u0131\u011forta staj\u0131 t\u0259tbiq edildi. Bunun n\u0259tic\u0259sind\u0259 yanvar ay\u0131n\u0131n 1-d\u0259n etibar\u0259n avtomatik pensiya t\u0259yinat\u0131na ba\u015flan\u0131ld\u0131: &#8221; Avtomatik pensiya t\u0259yinat\u0131 bu g\u00fcn art\u0131q 13 min insan\u0131 \u0259hat\u0259 edir. Onlar h\u0259r hans\u0131 bir \u00fcnvana getm\u0259d\u0259n, h\u0259r hans\u0131 bir m\u00fcraci\u0259t etm\u0259d\u0259n pensiya t\u0259yinatlar\u0131n\u0131 \u0259n s\u0259m\u0259r\u0259li v\u0259 s\u00fcr\u0259tli \u015f\u0259kild\u0259 \u0259ld\u0259 edibl\u0259r. Bu siyas\u0259tin davam\u0131 olaraq bu sah\u0259d\u0259 \u015f\u0259ffafl\u0131\u011f\u0131n v\u0259 s\u0259m\u0259r\u0259liliyin t\u0259min edilm\u0259si \u00fc\u00e7\u00fcn il \u0259rzind\u0259 pensiyaya \u00e7\u0131xan v\u0259t\u0259nda\u015flar\u0131m\u0131z\u0131n 80 faizi \u0259hat\u0259 olunacaqd\u0131r&#8221;.<\/p>\n<p>Sosial t\u0259minat sisteminin dig\u0259r sah\u0259l\u0259rind\u0259 d\u0259 avtomatla\u015fd\u0131rma t\u0259dbirl\u0259rinin davam etdiril\u0259c\u0259yini bildir\u0259n S.Babayev qeyd edib ki, o c\u00fcml\u0259d\u0259n, m\u00fcavin\u0259t v\u0259 t\u0259qa\u00fcdl\u0259rin t\u0259yinat\u0131n\u0131n avtomatla\u015fd\u0131r\u0131lmas\u0131 t\u0259dbirl\u0259ri ba\u015fa \u00e7atd\u0131qdan sonra cari il \u00fc\u00e7\u00fcn 180 min m\u00fcraci\u0259tin tam \u015f\u0259kild\u0259, proaktiv qaydada, v\u0259t\u0259nda\u015flar\u0131n h\u0259r hans\u0131 bir \u00fcnvana getm\u0259l\u0259rin\u0259 ehtiyac olmadan t\u0259min edilm\u0259si h\u0259yata ke\u00e7iril\u0259c\u0259kdir.<\/p>\n<p>\u00d6z\u00fcn\u00fcm\u0259\u015f\u011fulluq proqram\u0131n\u0131n \u0259hat\u0259 dair\u0259sinin geni\u015fl\u0259ndirilm\u0259si istiqam\u0259tind\u0259 apar\u0131lan i\u015fl\u0259ri diqq\u0259t\u0259 \u00e7atd\u0131ran nazir bildirib ki, Prezident \u0130lham \u018fliyevin tap\u015f\u0131r\u0131\u011f\u0131 il\u0259 \u00f6t\u0259n il proqram \u00e7\u0259r\u00e7iv\u0259sind\u0259 6 min ail\u0259y\u0259 mikro v\u0259 ki\u00e7ik biznes\u0259 ba\u015flamas\u0131 \u00fc\u00e7\u00fcn aktivl\u0259r t\u0259min edilib. D\u00f6vl\u0259t ba\u015f\u00e7\u0131s\u0131n\u0131n g\u00f6st\u0259ri\u015fin\u0259 \u0259sas\u0259n, bu il \u00fc\u00e7\u00fcn \u0130\u015fsizlikd\u0259n S\u0131\u011forta Fondunun b\u00fcdc\u0259sin\u0259 m\u00fcvafiq d\u0259yi\u015fiklik edilib v\u0259 \u0259lav\u0259 v\u0259saitin c\u0259lb olunmas\u0131 n\u0259tic\u0259sind\u0259 10 min ail\u0259nin cari ild\u0259 \u00f6z\u00fcn\u00fcm\u0259\u015f\u011fulluq proqram\u0131 il\u0259 \u0259hat\u0259 edilm\u0259si planla\u015fd\u0131r\u0131l\u0131r: &#8220;M\u00fcraci\u0259tl\u0259r \u00e7oxdur, \u0259halinin bu proqrama \u00e7ox b\u00f6y\u00fck mara\u011f\u0131, \u00e7ox b\u00f6y\u00fck r\u0259\u011fb\u0259ti var. Cari ilin ilk 6 ay\u0131 \u0259rzind\u0259 45 min\u0259 yax\u0131n m\u00fcraci\u0259t g\u0259lib. Bunlar\u0131 n\u0259z\u0259r\u0259 alaraq, \u00f6t\u0259n ild\u0259n n\u00f6vb\u0259d\u0259 qalan insanlara v\u0259 bu il m\u00fcraci\u0259t ed\u0259nl\u0259rin aras\u0131nda is\u0259 \u0259lilliyi olan \u015f\u0259xsl\u0259r\u0259, m\u0259cburi k\u00f6\u00e7k\u00fcnl\u0259r\u0259, \u015f\u0259hid ail\u0259l\u0259rin\u0259 v\u0259 h\u0259ssas kateqoriyadan olan dig\u0259r insanlara \u00fcst\u00fcnl\u00fck verilir&#8221;.<\/p>\n<p>S.Babayev bu ilin \u00f6t\u0259n d\u00f6vr\u00fcnd\u0259 \u00f6z\u00fcn\u00fcm\u0259\u015f\u011fulluq proqram\u0131 \u00fczr\u0259 art\u0131q 4 min n\u0259f\u0259rin t\u0259liml\u0259rd\u0259n ke\u00e7irildiyini, 1100 n\u0259f\u0259r\u0259 is\u0259 aktivl\u0259rin verildiyini deyib. O bildirib ki, \u0259lav\u0259 olaraq BMT-nin \u0130nki\u015faf Proqram\u0131 layih\u0259y\u0259 c\u0259lb olunub, 1000 n\u0259f\u0259r\u0259 yax\u0131n ail\u0259 m\u0259hz BMT-nin \u0130nki\u015faf Proqram\u0131 t\u0259r\u0259find\u0259n aktivl\u0259 t\u0259min edil\u0259c\u0259kdir. D\u00f6vl\u0259t ba\u015f\u00e7\u0131s\u0131n\u0131n g\u00f6st\u0259ri\u015fl\u0259rin\u0259 uy\u011fun olaraq, D\u00fcnya Bank\u0131 il\u0259 m\u00fczakir\u0259l\u0259r yekun m\u0259rh\u0259l\u0259y\u0259 \u00e7at\u0131b: &#8220;Sentyabr ay\u0131nda D\u00fcnya Bank\u0131 layih\u0259 t\u0259klifini Az\u0259rbaycan H\u00f6kum\u0259tin\u0259 t\u0259qdim ed\u0259c\u0259k v\u0259 g\u0259l\u0259n ild\u0259n bu layih\u0259y\u0259 qo\u015fulacaq&#8221;.<\/p>\n<p>Nazir cari ilin may ay\u0131nda Prezident \u0130lham \u018fliyevin v\u0259 birinci xan\u0131m Mehriban \u018fliyevan\u0131n i\u015ftirak\u0131 il\u0259 Bak\u0131n\u0131n Yasamal rayonunda \u018fm\u0259k v\u0259 \u018fhalinin Sosial M\u00fcdafi\u0259si Nazirliyinin tabeliyind\u0259 yarad\u0131lan Dayan\u0131ql\u0131 v\u0259 Operativ Sosial T\u0259minat (DOST) Agentliyinin ilk DOST m\u0259rk\u0259zi bar\u0259d\u0259 d\u0259 m\u0259lumat verib.<\/p>\n<p>Bildirib ki, DOST m\u0259rk\u0259zi a\u00e7\u0131ld\u0131qdan sonra b\u00f6y\u00fck bir r\u0259\u011fb\u0259t qazan\u0131b: &#8220;\u0130ki aydan bir az art\u0131q d\u00f6vrd\u0259 20 min v\u0259t\u0259nda\u015f\u0131m\u0131z bu m\u0259rk\u0259z\u0259 m\u00fcraci\u0259t edib. H\u0259r bir m\u00fcraci\u0259t\u00e7i xidm\u0259t g\u00f6rd\u00fckd\u0259n sonra orada elektron qaydada xidm\u0259tin s\u0259viyy\u0259sini qiym\u0259tl\u0259ndirir. Bu g\u00fcn\u0259 v\u0259t\u0259nda\u015flar\u0131m\u0131z\u0131n tam m\u0259mnunluq s\u0259viyy\u0259si 93 faizi ke\u00e7ibdir, 4 faiz d\u0259 \u0259lav\u0259 olaraq qism\u0259n m\u0259mnun v\u0259t\u0259nda\u015flar\u0131m\u0131zd\u0131r. Biz bu g\u00f6st\u0259ricini daim bu \u015f\u0259kild\u0259 saxlama\u011fa \u00e7al\u0131\u015faca\u011f\u0131q. Bu g\u00fcn art\u0131q 126 xidm\u0259tin h\u0259r biri DOST m\u0259rk\u0259zind\u0259 g\u00f6st\u0259rilir&#8221;.<\/p>\n<p>S.Babayev d\u00f6vl\u0259t ba\u015f\u00e7\u0131s\u0131n\u0131n g\u00f6st\u0259ri\u015fl\u0259rin\u0259 uy\u011fun olaraq, bu ilin sonunad\u0259k n\u00f6vb\u0259ti M\u0259rk\u0259zin a\u00e7\u0131lmas\u0131 istiqam\u0259tind\u0259 ciddi i\u015f apar\u0131ld\u0131\u011f\u0131n\u0131, daha 3 m\u0259rk\u0259zin a\u00e7\u0131lmas\u0131 \u00fc\u00e7\u00fcn i\u015fl\u0259rin g\u00f6r\u00fcld\u00fcy\u00fcn\u00fc vur\u011fulay\u0131b. Bildirib ki, cari ilin sonuna v\u0259 n\u00f6vb\u0259ti ilin birinci r\u00fcb\u00fcn\u0259 bu 3 m\u0259rk\u0259z d\u0259 a\u00e7\u0131lacaq: &#8220;Bel\u0259likl\u0259, biz Bak\u0131n\u0131n 80 faizini \u0259hat\u0259 etmi\u015f olaca\u011f\u0131q. N\u00f6vb\u0259ti m\u0259rh\u0259l\u0259d\u0259 daha bir M\u0259rk\u0259z a\u00e7d\u0131qdan sonra Bak\u0131 \u015f\u0259h\u0259ri tam \u0259hat\u0259 olunacaq. Regionlar\u0131m\u0131zda da DOST m\u0259rk\u0259zl\u0259rinin a\u00e7\u0131lmas\u0131 sah\u0259sind\u0259 i\u015f ba\u015flayacaq&#8221;.<\/p>\n<p>S.Babayev bildirib ki, bu ilin may ay\u0131nda Beyn\u0259lxalq Sosial T\u0259minat Agentliyinin Bak\u0131 \u015f\u0259h\u0259rind\u0259 ke\u00e7iril\u0259n Avropa Forumunda i\u015ftirak etm\u0259k \u00fc\u00e7\u00fcn Az\u0259rbaycana g\u0259lmi\u015f 55 \u00f6lk\u0259nin sosial t\u0259minat agentlikl\u0259rinin r\u0259hb\u0259rl\u0259ri d\u0259 DOST m\u0259rk\u0259zini ziyar\u0259t edibl\u0259r: &#8220;Onlar\u0131n da ilkin qiym\u0259tl\u0259ndirm\u0259si \u00e7ox y\u00fcks\u0259k oldu. \u0130nan\u0131r\u0131q ki, q\u0131sa m\u00fcdd\u0259t \u0259rzind\u0259 bu \u015f\u0259b\u0259k\u0259 geni\u015fl\u0259ndiril\u0259r\u0259k \u00f6lk\u0259 \u0259razisini tam \u015f\u0259kild\u0259 \u0259hat\u0259 ed\u0259c\u0259k&#8221;.<\/p>\n","protected":false},"excerpt":{"rendered":"<p>Prezident \u0130lham \u018fliyevin t\u0259\u015f\u0259bb\u00fcs\u00fc il\u0259 2019-cu ilin \u00f6t\u0259n d\u00f6vr\u00fcnd\u0259 realla\u015fd\u0131r\u0131lan h\u0259r iki sosial paketin \u00fcmumi d\u0259y\u0259ri cari il \u00fc\u00e7\u00fcn 2,3 milyard manat, n\u00f6vb\u0259ti il \u00fc\u00e7\u00fcn 3 milyard manatd\u0131r v\u0259 4,2 milyon v\u0259t\u0259nda\u015f\u0131 \u0259hat\u0259 edir. Minimum \u0259m\u0259khaqq\u0131nda dem\u0259k olar ki, iki d\u0259f\u0259 art\u0131m, minimum pensiyada 72 faizlik art\u0131m n\u0259tic\u0259sind\u0259 Az\u0259rbaycanda minimum pensiya MDB m\u0259kan\u0131nda al\u0131c\u0131l\u0131q qabiliyy\u0259ti \u00fczr\u0259 birinci g\u00f6st\u0259rici olacaq. Minimum \u0259m\u0259khaqq\u0131 is\u0259 yen\u0259 d\u0259 al\u0131c\u0131l\u0131q qabiliyy\u0259ti \u00fczr\u0259 MDB m\u0259kan\u0131nda ikinci g\u00f6st\u0259rici olacaq. ARANTV.AZ\u00a0\u00a0AZ\u018fRTAC-a istinad\u0259n bildirir ki, bunu Az\u0259rbaycan Respublikas\u0131n\u0131n Prezidenti \u0130lham \u018fliyevin yan\u0131nda sosial-iqtisadi sah\u0259 il\u0259 ba\u011fl\u0131 ke\u00e7iril\u0259n m\u00fc\u015favir\u0259d\u0259 \u018fm\u0259k&hellip;<\/p>\n","protected":false},"author":2,"featured_media":70574,"comment_status":"closed","ping_status":"closed","sticky":false,"template":"","format":"standard","meta":{"om_disable_all_campaigns":false,"_monsterinsights_skip_tracking":false,"_monsterinsights_sitenote_active":false,"_monsterinsights_sitenote_note":"","_monsterinsights_sitenote_category":0},"categories":[4],"tags":[],"aioseo_notices":[],"gutentor_comment":0,"rttpg_featured_image_url":{"full":["https:\/\/arantv.az\/wp-content\/uploads\/2019\/08\/775139.jpg",587,440,false],"landscape":["https:\/\/arantv.az\/wp-content\/uploads\/2019\/08\/775139.jpg",587,440,false],"portraits":["https:\/\/arantv.az\/wp-content\/uploads\/2019\/08\/775139.jpg",587,440,false],"thumbnail":["https:\/\/arantv.az\/wp-content\/uploads\/2019\/08\/775139-150x150.jpg",150,150,true],"medium":["https:\/\/arantv.az\/wp-content\/uploads\/2019\/08\/775139-300x225.jpg",300,225,true],"large":["https:\/\/arantv.az\/wp-content\/uploads\/2019\/08\/775139.jpg",587,440,false],"1536x1536":["https:\/\/arantv.az\/wp-content\/uploads\/2019\/08\/775139.jpg",587,440,false],"2048x2048":["https:\/\/arantv.az\/wp-content\/uploads\/2019\/08\/775139.jpg",587,440,false],"post-thumbnail":["https:\/\/arantv.az\/wp-content\/uploads\/2019\/08\/775139-240x172.jpg",240,172,true],"advps-thumb-one":["https:\/\/arantv.az\/wp-content\/uploads\/2019\/08\/775139.jpg",587,440,false]},"rttpg_author":{"display_name":"V\u00fcsal Rafiqo\u011flu","author_link":"https:\/\/arantv.az\/?author=2"},"rttpg_comment":0,"rttpg_category":"<a href=\"https:\/\/arantv.az\/?cat=4\" rel=\"category\">Siyas\u0259t<\/a>","rttpg_excerpt":"Prezident \u0130lham \u018fliyevin t\u0259\u015f\u0259bb\u00fcs\u00fc il\u0259 2019-cu ilin \u00f6t\u0259n d\u00f6vr\u00fcnd\u0259 realla\u015fd\u0131r\u0131lan h\u0259r iki sosial paketin \u00fcmumi d\u0259y\u0259ri cari il \u00fc\u00e7\u00fcn 2,3 milyard manat, n\u00f6vb\u0259ti il \u00fc\u00e7\u00fcn 3 milyard manatd\u0131r v\u0259 4,2 milyon v\u0259t\u0259nda\u015f\u0131 \u0259hat\u0259 edir. Minimum \u0259m\u0259khaqq\u0131nda dem\u0259k olar ki, iki d\u0259f\u0259 art\u0131m, minimum pensiyada 72 faizlik art\u0131m n\u0259tic\u0259sind\u0259 Az\u0259rbaycanda minimum pensiya MDB m\u0259kan\u0131nda al\u0131c\u0131l\u0131q qabiliyy\u0259ti&hellip;","_links":{"self":[{"href":"https:\/\/arantv.az\/index.php?rest_route=\/wp\/v2\/posts\/70573"}],"collection":[{"href":"https:\/\/arantv.az\/index.php?rest_route=\/wp\/v2\/posts"}],"about":[{"href":"https:\/\/arantv.az\/index.php?rest_route=\/wp\/v2\/types\/post"}],"author":[{"embeddable":true,"href":"https:\/\/arantv.az\/index.php?rest_route=\/wp\/v2\/users\/2"}],"replies":[{"embeddable":true,"href":"https:\/\/arantv.az\/index.php?rest_route=%2Fwp%2Fv2%2Fcomments&post=70573"}],"version-history":[{"count":0,"href":"https:\/\/arantv.az\/index.php?rest_route=\/wp\/v2\/posts\/70573\/revisions"}],"wp:featuredmedia":[{"embeddable":true,"href":"https:\/\/arantv.az\/index.php?rest_route=\/wp\/v2\/media\/70574"}],"wp:attachment":[{"href":"https:\/\/arantv.az\/index.php?rest_route=%2Fwp%2Fv2%2Fmedia&parent=70573"}],"wp:term":[{"taxonomy":"category","embeddable":true,"href":"https:\/\/arantv.az\/index.php?rest_route=%2Fwp%2Fv2%2Fcategories&post=70573"},{"taxonomy":"post_tag","embeddable":true,"href":"https:\/\/arantv.az\/index.php?rest_route=%2Fwp%2Fv2%2Ftags&post=70573"}],"curies":[{"name":"wp","href":"https:\/\/api.w.org\/{rel}","templated":true}]}}