{"id":706435,"date":"2024-03-29T21:46:54","date_gmt":"2024-03-29T17:46:54","guid":{"rendered":"https:\/\/arantv.az\/?p=706435"},"modified":"2024-03-29T21:46:54","modified_gmt":"2024-03-29T17:46:54","slug":"iflasa-ugrayan-boyuk-erm%c9%99nistan-ideyasi","status":"publish","type":"post","link":"https:\/\/arantv.az\/?p=706435","title":{"rendered":"\u0130flasa u\u011frayan &#8220;B\u00f6y\u00fck Erm\u0259nistan&#8221; ideyas\u0131"},"content":{"rendered":"<p><em><strong>\u0130\u015f\u011fal\u00e7\u0131 Erm\u0259nistan\u0131n Az\u0259rbaycan torpaqlar\u0131na m\u00fcdaxil\u0259si, 17 min kv.km \u0259razimizi i\u015f\u011fal etm\u0259si eyni zamanda erm\u0259ni tarix\u00e7il\u0259rinin v\u0259 siyas\u0259t\u00e7il\u0259rinin Az\u0259rbaycan v\u0259 T\u00fcrkiy\u0259y\u0259 qar\u015f\u0131 \u0259razi iddialar\u0131 il\u0259 \u00e7\u0131x\u0131\u015f etm\u0259l\u0259ri erm\u0259nil\u0259rin zaman\u0131nda edil\u0259n g\u00fcz\u0259\u015ftl\u0259r\u0259 nankorluqlar\u0131n\u0131n v\u0259 h\u0259r bir \u0259m\u0259ll\u0259rinin k\u00f6k\u00fcnd\u0259 i\u015f\u011fal\u00e7\u0131l\u0131q siyas\u0259tinin dayanmas\u0131n\u0131n bariz n\u00fcmun\u0259sidir. \u018fg\u0259r hal-haz\u0131rda erm\u0259ni i\u015f\u011fal\u00e7\u0131lar\u0131 Az\u0259rbaycan\u0131n \u0259razil\u0259ri il\u0259 ba\u011fl\u0131 he\u00e7 bir fakta s\u00f6yk\u0259nm\u0259y\u0259n s\u0259rs\u0259m iddialar\u0131n\u0131 ortaya qoyurlarsa, niy\u0259 Az\u0259rbaycan \u0259sl h\u0259qiq\u0259tl\u0259ri b\u0259yan etm\u0259sin? &#8220;B\u00f6y\u00fck Erm\u0259nistan&#8221; yaratmaq x\u00fclyas\u0131ndan \u0259l \u00e7\u0259km\u0259y\u0259n v\u0259 yalan\u00e7\u0131 &#8220;erm\u0259ni soyq\u0131r\u0131m\u0131&#8221;n\u0131 s\u00fcbuta yetirm\u0259y\u0259 \u00e7al\u0131\u015fan erm\u0259ni mill\u0259t\u00e7il\u0259ri m\u00fcasir qloballa\u015fan d\u00fcnyada xalqlar\u0131n v\u0259 \u00f6lk\u0259l\u0259rin yax\u0131nla\u015fmas\u0131 yolunda ciddi \u0259ng\u0259l\u0259 \u00e7evrilibl\u0259r.<\/strong><\/em><\/p>\n<p>D\u00fcnyan\u0131n h\u0259r yerin\u0259 s\u0259p\u0259l\u0259nmi\u015f \u00e7oxsayl\u0131 erm\u0259ni t\u0259\u015fkilatlar\u0131n\u0131n geni\u015f maliyy\u0259 imkanlar\u0131, Qriqorian kils\u0259nin istiqam\u0259tverici v\u0259 t\u0259\u015fkilat\u00e7\u0131l\u0131q rolu, ayr\u0131-ayr\u0131 \u00f6lk\u0259l\u0259rin, o c\u00fcml\u0259d\u0259n b\u00f6y\u00fck d\u00f6vl\u0259tl\u0259rin m\u00fcxt\u0259lif strukturlar\u0131nda m\u00fch\u00fcm m\u00f6vqel\u0259r \u0259l\u0259 ke\u00e7irmi\u015f erm\u0259nil\u0259rin d\u00fcnya siyas\u0259tin\u0259 t\u0259sir g\u00f6st\u0259rm\u0259si s\u00fclh v\u0259 \u0259minamanl\u0131q \u00fc\u00e7\u00fcn, insanl\u0131\u011f\u0131n g\u0259l\u0259c\u0259yind\u0259n \u00f6tr\u00fc t\u0259hl\u00fck\u0259li mane\u0259dirl\u0259r. \u0130kili standartlar v\u0259 &#8220;xristian h\u0259 mr\u0259yliyi&#8221;nin beyn\u0259lxalq m\u00fcnasib\u0259tl\u0259rd\u0259 m\u00fch\u00fcm rol oynad\u0131\u011f\u0131 m\u00fcasir d\u00f6vrd\u0259, beyn\u0259lxalq h\u00fcquq normalar\u0131na a\u00e7\u0131qa\u015fkar zidd olaraq Az\u0259rbaycan torpa\u011f\u0131 olan Da\u011fl\u0131q Qaraba\u011f erm\u0259ni separat\u00e7\u0131-terror\u00e7ular\u0131n\u0131n \u0259lind\u0259 qalmaqdad\u0131r. \u00d6zg\u0259 torpaqlar\u0131n\u0131 i\u015f\u011fal etm\u0259k \u00fc\u00e7\u00fcn terroru, soyq\u0131r\u0131mlar\u0131 \u00f6zl\u0259rin\u0259 pe\u015f\u0259 se\u00e7mi\u015f erm\u0259ni mill\u0259t\u00e7il\u0259ri bu b\u0259d niyy\u0259tl\u0259rini guya vaxt\u0131 il\u0259 Aral\u0131q d\u0259nizi &#8211; Qara d\u0259 niz &#8211; X\u0259z\u0259r d\u0259nizi aras\u0131nda geni\u015f torpaqlar\u0131 \u0259hat\u0259 etmi\u015f uydurma &#8220;B\u00f6y\u00fck Erm\u0259nistan&#8221; d\u00f6vl\u0259tini dir\u00e7\u0259ltm\u0259k p\u0259rd\u0259si alt\u0131nda h\u0259yata ke\u00e7irm\u0259k x \u00fclyas\u0131ndad\u0131rlar. Erm\u0259ni mill\u0259t\u00e7il\u0259ri tarixi saxtala\u015fd\u0131rmaqda da yeni m\u0259rh\u0259l\u0259y\u0259 q\u0259d\u0259m qoyaraq, Az\u0259rbaycan tarix elmin\u0259 h\u00fccumlar\u0131n\u0131 daha da geni\u015fl\u0259ndiribl\u0259r. T\u0259briz v\u0259 \u018frd\u0259bil d\u0259 daxil olmaqla tarixi Az\u0259rbaycan\u0131n c\u0259nub torpaqlar\u0131n\u0131-uydurma &#8220;B\u00f6y\u00fck Erm\u0259nistan&#8221;\u0131n t\u0259rkibhiss\u0259si hesab ed\u0259n erm\u0259nil\u0259r indi daha da &#8220;d\u0259rin\u0259&#8221; getm\u0259y\u0259 ba\u015flay\u0131blar. Erm\u0259ni mill\u0259t\u00e7il\u0259ri haz\u0131rda Arazdan c\u0259nubda-qon\u015fu \u0130ran \u0130slam Respublikas\u0131n\u0131n \u0259razisind\u0259 \u00f6z atababa torpaqlar\u0131nda ya\u015fayan v\u0259 \u00f6zl\u0259rini bu g\u00fcn d\u0259 &#8220;t\u00fcrk&#8221; adland\u0131ran az\u0259rbaycanl\u0131 qarda\u015flar\u0131m\u0131z\u0131 \u015e imali Az\u0259rbaycanda ya\u015fayan az\u0259rbaycanl\u0131lardan tamamil\u0259 f\u0259rqli olan bir xalq kimi q\u0259l\u0259m\u0259 verm\u0259y\u0259 ba\u015flam\u0131\u015flar. Tarixd\u0259 he\u00e7 bir zaman \u00fc\u00e7 d\u0259niz &#8211; Aral\u0131q d\u0259nizi, Qara d\u0259niz v\u0259 X\u0259z\u0259r d\u0259nizi aras\u0131ndak\u0131 geni \u015f \u0259razil\u0259ri \u0259hat\u0259 ed\u0259n &#8220;B\u00f6y\u00fck Erm\u0259nistan&#8221; adl\u0131 d\u00f6vl\u0259t olmay\u0131b. Bu uydurmad\u0131r v\u0259 bu uydurman\u0131 elm\u0259 s\u0131r\u0131yark\u0259n erm\u0259ni saxtakarlar\u0131 vaxtil\u0259 F\u0259rat\u0131n yuxar\u0131lar\u0131ndan Van g\u00f6l\u00fcn\u0259 do\u011fru \u0259razil\u0259rd\u0259 m\u00f6vcud olmu\u015f &#8220;Ki\u00e7ik Erm\u0259nistan&#8221; v\u0259 &#8220;B\u00f6y\u00fck Erm\u0259nistan&#8221; adlanan iki co\u011frafi vilay\u0259td\u0259n birinin &#8211; sonuncunun ad\u0131ndan istifad\u0259 edibl\u0259r v\u0259 co\u011frafi termini siyasil\u0259\u015fdirib &#8220;B\u00f6y\u00fck Erm\u0259nistan&#8221; adlanan co\u011frafi vilay\u0259t h\u0259qiq\u0259t\u0259n d\u0259 &#8220;b\u00f6y\u00fck oldu\u011fu \u00fc\u00e7\u00fcn deyil&#8221;, &#8220;Ki\u00e7ik Erm\u0259nistan&#8221; vilay\u0259tin\u0259 nisb\u0259t\u0259n bir q\u0259d\u0259r &#8220;b\u00f6y\u00fck&#8221; oldu\u011fu \u00fc\u00e7\u00fcn bel\u0259 adland\u0131r\u0131ld\u0131. Y\u0259ni bu &#8220;b\u00f6y\u00fck&#8221;, s\u00f6z\u00fcn h\u0259qiqi m\u0259nas\u0131ndak\u0131 &#8220;b\u00f6y\u00fck&#8221; deyildir. \u018fslind\u0259 is\u0259 he\u00e7 bir ilk m\u0259nb\u0259 tarixd\u0259 &#8220;B\u00f6y\u00fck Erm\u0259nistan&#8221; adlanan d\u00f6vl\u0259tin oldu\u011funu t\u0259sdiq etmir. \u0130ndiy\u0259 q\u0259d\u0259r he\u00e7 bir arxeoloji qaz\u0131nt\u0131 zaman\u0131 &#8220;B\u00f6y\u00fck Erm\u0259nistan&#8221; ad\u0131 h\u0259kk olunmu\u015f pul tap\u0131lmay\u0131b.<\/p>\n<p>Erm\u0259nil\u0259rin guya erm\u0259ni h\u00f6kmdar\u0131 oldu\u011f unu iddia etdikl\u0259ri parfiyal\u0131 II Tiqran\u0131n ad\u0131ndan z\u0259rb olunmu\u015f pullarda da onun &#8220;B\u00f6y\u00fck Erm\u0259nistan&#8221; h\u00f6kmdar\u0131 oldu\u011fu t\u0259sdiql\u0259nmir. Bel\u0259likl\u0259, &#8220;B\u00f6y\u00fck Erm\u0259nistan&#8221; tarixi h\u0259qiq\u0259t deyil, yaln\u0131z v\u0259 yaln\u0131z, tarixd\u0259 he\u00e7 bir zaman \u00f6z sabit \u0259razisi olmayan k\u00f6\u00e7\u0259ri erm\u0259nil\u0259r \u00fc\u00e7\u00fcn \u00f6zg\u0259 torpaqlar\u0131n\u0131 i\u015f\u011fal etm\u0259 yi qar\u015f\u0131sna m\u0259qs\u0259d qoymu\u015f ba\u015f\u0131b\u0259la &#8220;milli ideologiyad\u0131r&#8221;, m\u00fcrt\u0259ce dini-ideoloji v\u0259 terror\u00e7ui\u015f\u011fal\u00e7\u0131l\u0131q &#8220;doktrinas\u0131d\u0131r&#8221;. Bu i\u015f\u011fal\u00e7\u0131-terror\u00e7u &#8220;doktrina&#8221; erm\u0259ni mill\u0259t\u00e7il\u0259ri t\u0259r\u0259find\u0259n \u00f6zg\u0259 torpaqlar\u0131na yiy\u0259l\u0259nm\u0259k m\u0259qs\u0259dil\u0259 uydurulmu\u015fdur v\u0259 onun \u0259sas\u0131nda, art\u0131q yuxar\u0131da qeyd etdiyim kimi, guya vaxtil\u0259 &#8220;d\u0259nizd\u0259nd\u0259niz\u0259&#8221; geni\u015f \u0259razil\u0259ri \u0259hat\u0259 etmi\u015f olan uydurma &#8220;B\u00f6y\u00fck Erm\u0259nistan&#8221; d\u00f6vl\u0259tini dir\u00e7\u0259ltm\u0259k ideyas\u0131 durur. Bu &#8220;ideya&#8221;n\u0131n saxtal\u0131\u011f\u0131 ondan ayd\u0131n olur ki, \u00f6zl\u0259rini az qala regionun &#8220;\u0259n q\u0259dim xalq\u0131&#8221;, &#8220;Nuh pey\u011f\u0259mb\u0259rin \u00f6vladlar\u0131&#8221; kimi q\u0259l\u0259m\u0259 ver\u0259n erm\u0259ni mill\u0259t\u00e7il\u0259rinin ulu babalar\u0131 hesab olunan q\u0259bil\u0259l\u0259r, \u00fcmumiyyy\u0259tl\u0259, Asiya qit\u0259sinin yerli \u0259halisi deyill\u0259r, bu regiona k\u00f6\u00e7\u00fcb g\u0259lm\u0259dirl\u0259r. Bu h\u0259qiq\u0259tl\u0259ri vaxtil\u0259 rus tarix\u00e7il\u0259ri d\u0259 q\u0259l\u0259m\u0259 al\u0131blar. M\u0259lumdur ki, rus diplomat\u0131 Qriboyedov \u0130randa s\u0259fir oldu\u011fu d\u00f6vrd\u0259 erm\u0259nil\u0259rin k\u00f6\u00e7\u00fcr\u00fclm\u0259si il\u0259 ba\u011fl\u0131 narahat\u00e7\u0131l\u0131\u011f\u0131n\u0131 ifad\u0259 ed\u0259r\u0259k \u00e7ara m\u0259ktub yaz\u0131b. H\u0259min m\u0259ktubda o, a\u00e7\u0131q \u015f\u0259kild\u0259 bildirir ki, erm\u0259nil\u0259r m\u0259skunla\u015fd\u0131qlar\u0131 yerl\u0259rd\u0259 bir q\u0259d\u0259r ya\u015fad\u0131qdan sonra oran\u0131n onlar\u0131n atababa torpa\u011f\u0131 oldu\u011funu iddia edirl\u0259r. Erm\u0259nil\u0259rin C\u0259nubi Qafqaza g\u0259lm\u0259 olmalar\u0131n\u0131 s\u00fcbut ed\u0259n faktlar \u00e7ar Rusiyas\u0131 d\u00f6vr\u00fcnd\u0259 n\u0259\u015fr olunmu\u015f ensiklo pediyalarda da \u00f6z \u0259ksini tapm\u0131\u015fd\u0131r. Erm\u0259ni siyas\u0259t\u00e7il\u0259rinin v\u0259 onlar\u0131n &#8220;uzaqg\u00f6r\u0259n&#8221; d\u00f6vl\u0259t xadiml\u0259rinin &#8220;B\u00f6y\u00fck Erm\u0259nistan&#8221; pl anlar\u0131n\u0131n son h\u0259lq\u0259si is\u0259 Qaraba\u011f torpaqlar\u0131 il\u0259 ba\u011fl\u0131d\u0131r. \u0130ki \u0259sr\u0259 yax\u0131n bir zamanda apar\u0131lan siyas\u0259tin davam\u0131 kimi, az\u0259rbaycanl\u0131lar\u0131 tarixi torpaqlar\u0131ndan s\u0131x\u0131\u015fd\u0131r\u0131b \u00e7\u0131xarmaq, bu \u0259razil\u0259rd\u0259 mifik &#8220;B\u00f6y\u00fck Erm\u0259nistan&#8221; yaratmaq m\u0259qs\u0259di il\u0259 Az\u0259rbaycan v\u0259 t\u00fcrk xalqlar\u0131 onillikl\u0259r boyu m\u00fcnt\u0259z\u0259m sur\u0259td\u0259 erm\u0259nil\u0259rin ideoloji, h\u0259rbi v\u0259 m\u0259d\u0259ni t\u0259cav\u00fcz\u00fcn\u0259 m\u0259ruz qal\u0131b.<\/p>\n<p>1978-ci ild\u0259 Qaraba\u011fa k\u00f6\u00e7\u00fcb g\u0259lm\u0259l\u0259rinin 150 illiyini qeyd ed\u0259n erm\u0259nil\u0259r, 10 il sonra b\u0259dnam niyy\u0259tl\u0259rini \u00fcz\u0259 \u00e7\u0131xararaq, guya bu \u0259razil\u0259rin q\u0259dim sakinl\u0259ri olmalar\u0131 bar\u0259d\u0259 qondarma d\u0259lil v\u0259 s\u00fcbutlar\u0131 il\u0259 d\u00fcnyaya car \u00e7\u0259km\u0259y\u0259 ba\u015flad\u0131lar. Erm\u0259ni mill\u0259t\u00e7il\u0259ri SSR\u0130 r\u0259hb\u0259rliyinin v\u0259 xarici havadarlar\u0131n\u0131n t\u0259hriki il\u0259 Da\u011fl\u0131q Qaraba\u011f\u0131 g\u00fccl\u0259 Erm\u0259nistana birl\u0259\u015fdirm\u0259k \u00fc\u00e7\u00fcn Az\u0259rbaycana qar\u015f\u0131 a\u00e7\u0131q t\u0259cav\u00fcz\u0259 ba\u015flad\u0131lar v\u0259 az sonra tammiqyasl\u0131 h\u0259rbi \u0259m\u0259liyyatlara ke\u00e7dil\u0259r. Zamanzaman bu m\u00fcnaqi\u015f\u0259 erm\u0259ni din xadiml\u0259ri, erm\u0259ni generallar\u0131, erm\u0259nip\u0259r\u0259st xarici havadarlar, x\u00fcs us\u0259n Rusiyan\u0131n erm\u0259nip\u0259r\u0259st siyasi xadiml\u0259ri, sonunda erm\u0259ni lobbisi t\u0259r\u0259find\u0259n himay\u0259 edilib. \u018fslind\u0259, erm\u0259nil\u0259rin Da\u011fl\u0131q Qaraba\u011f iddias\u0131n\u0131n he\u00e7 bir obyektiv \u0259sas\u0131 yoxdur. \u00c7\u00fcnki m\u0259s\u0259l\u0259d\u0259 h\u0259r \u015fey qondarma, saxt a, subyektiv fakt v\u0259 amill\u0259r \u00fcz\u0259rind\u0259 qurulub. Erm\u0259nil\u0259rin Da\u011fl\u0131q Qaraba\u011fla ba\u011fl\u0131 \u0259razi iddias\u0131, onlar\u0131n tarixi Az\u0259rbaycan torpaqlar\u0131na \u0259vv\u0259lc\u0259 ovuc-ovuc, sonra qar\u0131\u015f-qar\u0131\u015f v\u0259 n\u0259hay\u0259t, qucaqqucaq artan \u0259razi iddialar\u0131n\u0131n \u0259n y\u00fcks\u0259k pill\u0259sidir. H\u0259l\u0259 bu azm\u0131\u015f kimi, minl\u0259rl\u0259 Az\u0259rbaycan abid\u0259l\u0259rini m\u0259hv etmi\u015f erm\u0259nil\u0259r v\u0259 erm\u0259ni kapital\u0131n\u0131n n\u00f6k\u0259rl\u0259ri Az\u0259rbaycanda &#8220;erm\u0259ni xa\u00e7\u0131 axtar\u0131\u015flar\u0131na&#8221; \u00e7\u0131x\u0131blar. B\u00fct\u00fcn d\u00fcnyaya car \u00e7\u0259kirl\u0259r ki, Nax\u00e7\u0131vanda onlar\u0131n tarixi abid\u0259l\u0259ri da\u011f\u0131d\u0131l\u0131r. Dig\u0259r t\u0259r\u0259fd\u0259n A\u011fdamda &#8220;arxeoloji qaz\u0131nt\u0131lar&#8221; apararaq &#8220;paytaxtlar\u0131n\u0131&#8221; tap\u0131rlar.<\/p>\n<p><strong>C\u0259mil\u0259t \u018fliqayeva,<\/strong><br \/>\n<em>Bak\u0131 \u015f\u0259h\u0259ri, X\u0259tai rayonu 165 n\u00f6mr\u0259li tam orta m\u0259kt\u0259bin tarix m\u00fc\u0259llimi,<\/em><br \/>\n<em>YAP X\u0259tai rayon t\u0259\u015fkilat\u0131n\u0131n \u00fczv\u00fc<\/em><\/p>\n","protected":false},"excerpt":{"rendered":"<p>\u0130\u015f\u011fal\u00e7\u0131 Erm\u0259nistan\u0131n Az\u0259rbaycan torpaqlar\u0131na m\u00fcdaxil\u0259si, 17 min kv.km \u0259razimizi i\u015f\u011fal etm\u0259si eyni zamanda erm\u0259ni tarix\u00e7il\u0259rinin v\u0259 siyas\u0259t\u00e7il\u0259rinin Az\u0259rbaycan v\u0259 T\u00fcrkiy\u0259y\u0259 qar\u015f\u0131 \u0259razi iddialar\u0131 il\u0259 \u00e7\u0131x\u0131\u015f etm\u0259l\u0259ri erm\u0259nil\u0259rin zaman\u0131nda edil\u0259n g\u00fcz\u0259\u015ftl\u0259r\u0259 nankorluqlar\u0131n\u0131n v\u0259 h\u0259r bir \u0259m\u0259ll\u0259rinin k\u00f6k\u00fcnd\u0259 i\u015f\u011fal\u00e7\u0131l\u0131q siyas\u0259tinin dayanmas\u0131n\u0131n bariz n\u00fcmun\u0259sidir. \u018fg\u0259r hal-haz\u0131rda erm\u0259ni i\u015f\u011fal\u00e7\u0131lar\u0131 Az\u0259rbaycan\u0131n \u0259razil\u0259ri il\u0259 ba\u011fl\u0131 he\u00e7 bir fakta s\u00f6yk\u0259nm\u0259y\u0259n s\u0259rs\u0259m iddialar\u0131n\u0131 ortaya qoyurlarsa, niy\u0259 Az\u0259rbaycan \u0259sl h\u0259qiq\u0259tl\u0259ri b\u0259yan etm\u0259sin? &#8220;B\u00f6y\u00fck Erm\u0259nistan&#8221; yaratmaq x\u00fclyas\u0131ndan \u0259l \u00e7\u0259km\u0259y\u0259n v\u0259 yalan\u00e7\u0131 &#8220;erm\u0259ni soyq\u0131r\u0131m\u0131&#8221;n\u0131 s\u00fcbuta yetirm\u0259y\u0259 \u00e7al\u0131\u015fan erm\u0259ni mill\u0259t\u00e7il\u0259ri m\u00fcasir qloballa\u015fan d\u00fcnyada xalqlar\u0131n v\u0259 \u00f6lk\u0259l\u0259rin yax\u0131nla\u015fmas\u0131 yolunda ciddi \u0259ng\u0259l\u0259 \u00e7evrilibl\u0259r. D\u00fcnyan\u0131n&hellip;<\/p>\n","protected":false},"author":2,"featured_media":706436,"comment_status":"closed","ping_status":"closed","sticky":false,"template":"","format":"standard","meta":{"om_disable_all_campaigns":false,"_monsterinsights_skip_tracking":false,"_monsterinsights_sitenote_active":false,"_monsterinsights_sitenote_note":"","_monsterinsights_sitenote_category":0},"categories":[19],"tags":[],"aioseo_notices":[],"gutentor_comment":0,"rttpg_featured_image_url":{"full":["https:\/\/arantv.az\/wp-content\/uploads\/2024\/03\/c3008b2c170902022015759446010824623-2.jpg",975,540,false],"landscape":["https:\/\/arantv.az\/wp-content\/uploads\/2024\/03\/c3008b2c170902022015759446010824623-2.jpg",975,540,false],"portraits":["https:\/\/arantv.az\/wp-content\/uploads\/2024\/03\/c3008b2c170902022015759446010824623-2.jpg",975,540,false],"thumbnail":["https:\/\/arantv.az\/wp-content\/uploads\/2024\/03\/c3008b2c170902022015759446010824623-2-500x280.jpg",500,280,true],"medium":["https:\/\/arantv.az\/wp-content\/uploads\/2024\/03\/c3008b2c170902022015759446010824623-2-660x365.jpg",660,365,true],"large":["https:\/\/arantv.az\/wp-content\/uploads\/2024\/03\/c3008b2c170902022015759446010824623-2-840x465.jpg",640,354,true],"1536x1536":["https:\/\/arantv.az\/wp-content\/uploads\/2024\/03\/c3008b2c170902022015759446010824623-2.jpg",975,540,false],"2048x2048":["https:\/\/arantv.az\/wp-content\/uploads\/2024\/03\/c3008b2c170902022015759446010824623-2.jpg",975,540,false],"post-thumbnail":["https:\/\/arantv.az\/wp-content\/uploads\/2024\/03\/c3008b2c170902022015759446010824623-2-240x172.jpg",240,172,true],"advps-thumb-one":["https:\/\/arantv.az\/wp-content\/uploads\/2024\/03\/c3008b2c170902022015759446010824623-2.jpg",975,540,false]},"rttpg_author":{"display_name":"V\u00fcsal Rafiqo\u011flu","author_link":"https:\/\/arantv.az\/?author=2"},"rttpg_comment":0,"rttpg_category":"<a href=\"https:\/\/arantv.az\/?cat=19\" rel=\"category\">G\u00fcnd\u0259m<\/a>","rttpg_excerpt":"\u0130\u015f\u011fal\u00e7\u0131 Erm\u0259nistan\u0131n Az\u0259rbaycan torpaqlar\u0131na m\u00fcdaxil\u0259si, 17 min kv.km \u0259razimizi i\u015f\u011fal etm\u0259si eyni zamanda erm\u0259ni tarix\u00e7il\u0259rinin v\u0259 siyas\u0259t\u00e7il\u0259rinin Az\u0259rbaycan v\u0259 T\u00fcrkiy\u0259y\u0259 qar\u015f\u0131 \u0259razi iddialar\u0131 il\u0259 \u00e7\u0131x\u0131\u015f etm\u0259l\u0259ri erm\u0259nil\u0259rin zaman\u0131nda edil\u0259n g\u00fcz\u0259\u015ftl\u0259r\u0259 nankorluqlar\u0131n\u0131n v\u0259 h\u0259r bir \u0259m\u0259ll\u0259rinin k\u00f6k\u00fcnd\u0259 i\u015f\u011fal\u00e7\u0131l\u0131q siyas\u0259tinin dayanmas\u0131n\u0131n bariz n\u00fcmun\u0259sidir. \u018fg\u0259r hal-haz\u0131rda erm\u0259ni i\u015f\u011fal\u00e7\u0131lar\u0131 Az\u0259rbaycan\u0131n \u0259razil\u0259ri il\u0259 ba\u011fl\u0131 he\u00e7 bir fakta s\u00f6yk\u0259nm\u0259y\u0259n s\u0259rs\u0259m iddialar\u0131n\u0131&hellip;","_links":{"self":[{"href":"https:\/\/arantv.az\/index.php?rest_route=\/wp\/v2\/posts\/706435"}],"collection":[{"href":"https:\/\/arantv.az\/index.php?rest_route=\/wp\/v2\/posts"}],"about":[{"href":"https:\/\/arantv.az\/index.php?rest_route=\/wp\/v2\/types\/post"}],"author":[{"embeddable":true,"href":"https:\/\/arantv.az\/index.php?rest_route=\/wp\/v2\/users\/2"}],"replies":[{"embeddable":true,"href":"https:\/\/arantv.az\/index.php?rest_route=%2Fwp%2Fv2%2Fcomments&post=706435"}],"version-history":[{"count":0,"href":"https:\/\/arantv.az\/index.php?rest_route=\/wp\/v2\/posts\/706435\/revisions"}],"wp:featuredmedia":[{"embeddable":true,"href":"https:\/\/arantv.az\/index.php?rest_route=\/wp\/v2\/media\/706436"}],"wp:attachment":[{"href":"https:\/\/arantv.az\/index.php?rest_route=%2Fwp%2Fv2%2Fmedia&parent=706435"}],"wp:term":[{"taxonomy":"category","embeddable":true,"href":"https:\/\/arantv.az\/index.php?rest_route=%2Fwp%2Fv2%2Fcategories&post=706435"},{"taxonomy":"post_tag","embeddable":true,"href":"https:\/\/arantv.az\/index.php?rest_route=%2Fwp%2Fv2%2Ftags&post=706435"}],"curies":[{"name":"wp","href":"https:\/\/api.w.org\/{rel}","templated":true}]}}