{"id":708542,"date":"2024-04-04T11:26:46","date_gmt":"2024-04-04T07:26:46","guid":{"rendered":"https:\/\/arantv.az\/?p=708542"},"modified":"2024-04-04T11:26:46","modified_gmt":"2024-04-04T07:26:46","slug":"movlud-cavusoglu-heyd%c9%99r-%c9%99liyevin-m%c9%99zarini-ziyar%c9%99t-edib","status":"publish","type":"post","link":"https:\/\/arantv.az\/?p=708542","title":{"rendered":"M\u00f6vlud \u00c7avu\u015fo\u011flu Heyd\u0259r \u018fliyevin m\u0259zar\u0131n\u0131 ziyar\u0259t edib"},"content":{"rendered":"<p>M\u00f6vlud \u00c7avu\u015fo\u011flu ulu \u00f6nd\u0259r Heyd\u0259r \u018fliyevin m\u0259zar\u0131n\u0131 ziyar\u0259t edib<\/p>\n<div class=\"AdviadNativeVideo\"><\/div>\n<p>Az\u0259rbaycanda s\u0259f\u0259rd\u0259 olan T\u00fcrkiy\u0259 B\u00f6y\u00fck Mill\u0259t M\u0259clisinin NATO Parlament Assambleyas\u0131ndak\u0131 N\u00fcmay\u0259nd\u0259 Hey\u0259tinin r\u0259hb\u0259ri M\u00f6vlud \u00c7avu\u015fo\u011flu bu g\u00fcn F\u0259xri xiyabana g\u0259l\u0259r\u0259k \u00fcmummilli lider, m\u00fcasir m\u00fcst\u0259qil Az\u0259rbaycan d\u00f6vl\u0259tinin memar\u0131 v\u0259 qurucusu Heyd\u0259r \u018fliyevin xatir\u0259sini ehtiramla yad edib.<\/p>\n<p>\u201cReport\u201d x\u0259b\u0259r verir ki, o, ulu \u00f6nd\u0259r Heyd\u0259r \u018fliyevin m\u0259zar\u0131 \u00f6n\u00fcn\u0259 \u0259klil qoyub.<\/p>\n<p>Daha sonra g\u00f6rk\u0259mli oftalmoloq alim akademik Z\u0259rif\u0259 \u018fliyevan\u0131n xatir\u0259si ehtiramla an\u0131l\u0131b, m\u0259zar\u0131 \u00fcz\u0259rin\u0259 t\u0259r g\u00fcll\u0259r d\u00fcz\u00fcl\u00fcb.<\/p>\n<p>Qeyd ed\u0259k ki, s\u0259f\u0259r aprelin 5-d\u0259 ba\u015fa \u00e7atacaq.<\/p>\n","protected":false},"excerpt":{"rendered":"<p>M\u00f6vlud \u00c7avu\u015fo\u011flu ulu \u00f6nd\u0259r Heyd\u0259r \u018fliyevin m\u0259zar\u0131n\u0131 ziyar\u0259t edib Az\u0259rbaycanda s\u0259f\u0259rd\u0259 olan T\u00fcrkiy\u0259 B\u00f6y\u00fck Mill\u0259t M\u0259clisinin NATO Parlament Assambleyas\u0131ndak\u0131 N\u00fcmay\u0259nd\u0259 Hey\u0259tinin r\u0259hb\u0259ri M\u00f6vlud \u00c7avu\u015fo\u011flu bu g\u00fcn F\u0259xri xiyabana g\u0259l\u0259r\u0259k \u00fcmummilli lider, m\u00fcasir m\u00fcst\u0259qil Az\u0259rbaycan d\u00f6vl\u0259tinin memar\u0131 v\u0259 qurucusu Heyd\u0259r \u018fliyevin xatir\u0259sini ehtiramla yad edib. \u201cReport\u201d x\u0259b\u0259r verir ki, o, ulu \u00f6nd\u0259r Heyd\u0259r \u018fliyevin m\u0259zar\u0131 \u00f6n\u00fcn\u0259 \u0259klil qoyub. Daha sonra g\u00f6rk\u0259mli oftalmoloq alim akademik Z\u0259rif\u0259 \u018fliyevan\u0131n xatir\u0259si ehtiramla an\u0131l\u0131b, m\u0259zar\u0131 \u00fcz\u0259rin\u0259 t\u0259r g\u00fcll\u0259r d\u00fcz\u00fcl\u00fcb. Qeyd ed\u0259k ki, s\u0259f\u0259r aprelin 5-d\u0259 ba\u015fa \u00e7atacaq.<\/p>\n","protected":false},"author":2,"featured_media":708543,"comment_status":"closed","ping_status":"closed","sticky":false,"template":"","format":"standard","meta":{"om_disable_all_campaigns":false,"_monsterinsights_skip_tracking":false,"_monsterinsights_sitenote_active":false,"_monsterinsights_sitenote_note":"","_monsterinsights_sitenote_category":0},"categories":[4],"tags":[],"aioseo_notices":[],"gutentor_comment":0,"rttpg_featured_image_url":{"full":["https:\/\/arantv.az\/wp-content\/uploads\/2024\/04\/bd9275ef42c89e2d2c2e3ca386b69ede.jpg",800,483,false],"landscape":["https:\/\/arantv.az\/wp-content\/uploads\/2024\/04\/bd9275ef42c89e2d2c2e3ca386b69ede.jpg",800,483,false],"portraits":["https:\/\/arantv.az\/wp-content\/uploads\/2024\/04\/bd9275ef42c89e2d2c2e3ca386b69ede.jpg",800,483,false],"thumbnail":["https:\/\/arantv.az\/wp-content\/uploads\/2024\/04\/bd9275ef42c89e2d2c2e3ca386b69ede-500x280.jpg",500,280,true],"medium":["https:\/\/arantv.az\/wp-content\/uploads\/2024\/04\/bd9275ef42c89e2d2c2e3ca386b69ede-605x365.jpg",605,365,true],"large":["https:\/\/arantv.az\/wp-content\/uploads\/2024\/04\/bd9275ef42c89e2d2c2e3ca386b69ede.jpg",640,386,false],"1536x1536":["https:\/\/arantv.az\/wp-content\/uploads\/2024\/04\/bd9275ef42c89e2d2c2e3ca386b69ede.jpg",800,483,false],"2048x2048":["https:\/\/arantv.az\/wp-content\/uploads\/2024\/04\/bd9275ef42c89e2d2c2e3ca386b69ede.jpg",800,483,false],"post-thumbnail":["https:\/\/arantv.az\/wp-content\/uploads\/2024\/04\/bd9275ef42c89e2d2c2e3ca386b69ede-240x172.jpg",240,172,true],"advps-thumb-one":["https:\/\/arantv.az\/wp-content\/uploads\/2024\/04\/bd9275ef42c89e2d2c2e3ca386b69ede.jpg",800,483,false]},"rttpg_author":{"display_name":"V\u00fcsal Rafiqo\u011flu","author_link":"https:\/\/arantv.az\/?author=2"},"rttpg_comment":0,"rttpg_category":"<a href=\"https:\/\/arantv.az\/?cat=4\" rel=\"category\">Siyas\u0259t<\/a>","rttpg_excerpt":"M\u00f6vlud \u00c7avu\u015fo\u011flu ulu \u00f6nd\u0259r Heyd\u0259r \u018fliyevin m\u0259zar\u0131n\u0131 ziyar\u0259t edib Az\u0259rbaycanda s\u0259f\u0259rd\u0259 olan T\u00fcrkiy\u0259 B\u00f6y\u00fck Mill\u0259t M\u0259clisinin NATO Parlament Assambleyas\u0131ndak\u0131 N\u00fcmay\u0259nd\u0259 Hey\u0259tinin r\u0259hb\u0259ri M\u00f6vlud \u00c7avu\u015fo\u011flu bu g\u00fcn F\u0259xri xiyabana g\u0259l\u0259r\u0259k \u00fcmummilli lider, m\u00fcasir m\u00fcst\u0259qil Az\u0259rbaycan d\u00f6vl\u0259tinin memar\u0131 v\u0259 qurucusu Heyd\u0259r \u018fliyevin xatir\u0259sini ehtiramla yad edib. \u201cReport\u201d x\u0259b\u0259r verir ki, o, ulu \u00f6nd\u0259r Heyd\u0259r \u018fliyevin m\u0259zar\u0131 \u00f6n\u00fcn\u0259&hellip;","_links":{"self":[{"href":"https:\/\/arantv.az\/index.php?rest_route=\/wp\/v2\/posts\/708542"}],"collection":[{"href":"https:\/\/arantv.az\/index.php?rest_route=\/wp\/v2\/posts"}],"about":[{"href":"https:\/\/arantv.az\/index.php?rest_route=\/wp\/v2\/types\/post"}],"author":[{"embeddable":true,"href":"https:\/\/arantv.az\/index.php?rest_route=\/wp\/v2\/users\/2"}],"replies":[{"embeddable":true,"href":"https:\/\/arantv.az\/index.php?rest_route=%2Fwp%2Fv2%2Fcomments&post=708542"}],"version-history":[{"count":0,"href":"https:\/\/arantv.az\/index.php?rest_route=\/wp\/v2\/posts\/708542\/revisions"}],"wp:featuredmedia":[{"embeddable":true,"href":"https:\/\/arantv.az\/index.php?rest_route=\/wp\/v2\/media\/708543"}],"wp:attachment":[{"href":"https:\/\/arantv.az\/index.php?rest_route=%2Fwp%2Fv2%2Fmedia&parent=708542"}],"wp:term":[{"taxonomy":"category","embeddable":true,"href":"https:\/\/arantv.az\/index.php?rest_route=%2Fwp%2Fv2%2Fcategories&post=708542"},{"taxonomy":"post_tag","embeddable":true,"href":"https:\/\/arantv.az\/index.php?rest_route=%2Fwp%2Fv2%2Ftags&post=708542"}],"curies":[{"name":"wp","href":"https:\/\/api.w.org\/{rel}","templated":true}]}}