{"id":708547,"date":"2024-04-04T11:40:32","date_gmt":"2024-04-04T07:40:32","guid":{"rendered":"https:\/\/arantv.az\/?p=708547"},"modified":"2024-04-04T11:40:32","modified_gmt":"2024-04-04T07:40:32","slug":"movlud-cavusoglu-f%c9%99xri-v%c9%99-s%c9%99hidl%c9%99r-xiyabanlarini-ziyar%c9%99t-edib-yenil%c9%99nib","status":"publish","type":"post","link":"https:\/\/arantv.az\/?p=708547","title":{"rendered":"M\u00f6vlud \u00c7avu\u015fo\u011flu F\u0259xri v\u0259 \u015e\u0259hidl\u0259r xiyabanlar\u0131n\u0131 ziyar\u0259t edib &#8211; YEN\u0130L\u018fN\u0130B"},"content":{"rendered":"<p>T\u00fcrkiy\u0259 B\u00f6y\u00fck Mill\u0259t M\u0259clisinin NATO Parlament Assambleyas\u0131ndak\u0131 N\u00fcmay\u0259nd\u0259 Hey\u0259tinin r\u0259hb\u0259ri M\u00f6vlud \u00c7avu\u015fo\u011flu \u015e\u0259hidl\u0259r xiyaban\u0131n\u0131 ziyar\u0259t edib.<\/p>\n<p>\u201cReport\u201dun x\u0259b\u0259rin\u0259 g\u00f6r\u0259, qonaq Az\u0259rbaycan\u0131n suverenliyi v\u0259 \u0259razi b\u00fct\u00f6vl\u00fcy\u00fc u\u011frunda canlar\u0131ndan ke\u00e7mi\u015f \u015f\u0259hidl\u0259rin xatir\u0259sini ehtiramla yad edib, m\u0259zarlar\u0131 \u00fcz\u0259rin\u0259 t\u0259r g\u00fcll\u0259r d\u00fcz\u00fcb.<\/p>\n<div class=\"AdviadNativeVideo\"><\/div>\n<p>O, \u201c\u018fb\u0259di m\u0259\u015f\u0259l\u201d abid\u0259si \u00f6n\u00fcn\u0259 \u0259klil qoyub.<\/p>\n<p>M.\u00c7avu\u015fo\u011flu T\u00fcrk \u015e\u0259hidliyini d\u0259 ziyar\u0259t edib v\u0259 oradak\u0131 xatir\u0259 d\u0259ft\u0259rin\u0259 \u00fcr\u0259k s\u00f6zl\u0259rini yaz\u0131b.<\/p>\n<p><strong>11:15<\/strong><\/p>\n<p>M\u00f6vlud \u00c7avu\u015fo\u011flu ulu \u00f6nd\u0259r Heyd\u0259r \u018fliyevin m\u0259zar\u0131n\u0131 ziyar\u0259t edib<\/p>\n<p>Az\u0259rbaycanda s\u0259f\u0259rd\u0259 olan T\u00fcrkiy\u0259 B\u00f6y\u00fck Mill\u0259t M\u0259clisinin NATO Parlament Assambleyas\u0131ndak\u0131 N\u00fcmay\u0259nd\u0259 Hey\u0259tinin r\u0259hb\u0259ri M\u00f6vlud \u00c7avu\u015fo\u011flu bu g\u00fcn F\u0259xri xiyabana g\u0259l\u0259r\u0259k \u00fcmummilli lider, m\u00fcasir m\u00fcst\u0259qil Az\u0259rbaycan d\u00f6vl\u0259tinin memar\u0131 v\u0259 qurucusu Heyd\u0259r \u018fliyevin xatir\u0259sini ehtiramla yad edib.<\/p>\n<p>\u201cReport\u201d x\u0259b\u0259r verir ki, o, ulu \u00f6nd\u0259r Heyd\u0259r \u018fliyevin m\u0259zar\u0131 \u00f6n\u00fcn\u0259 \u0259klil qoyub.<\/p>\n<p>Daha sonra g\u00f6rk\u0259mli oftalmoloq alim akademik Z\u0259rif\u0259 \u018fliyevan\u0131n xatir\u0259si ehtiramla an\u0131l\u0131b, m\u0259zar\u0131 \u00fcz\u0259rin\u0259 t\u0259r g\u00fcll\u0259r d\u00fcz\u00fcl\u00fcb.<\/p>\n<p>Qeyd ed\u0259k ki, s\u0259f\u0259r aprelin 5-d\u0259 ba\u015fa \u00e7atacaq.<\/p>\n","protected":false},"excerpt":{"rendered":"<p>T\u00fcrkiy\u0259 B\u00f6y\u00fck Mill\u0259t M\u0259clisinin NATO Parlament Assambleyas\u0131ndak\u0131 N\u00fcmay\u0259nd\u0259 Hey\u0259tinin r\u0259hb\u0259ri M\u00f6vlud \u00c7avu\u015fo\u011flu \u015e\u0259hidl\u0259r xiyaban\u0131n\u0131 ziyar\u0259t edib. \u201cReport\u201dun x\u0259b\u0259rin\u0259 g\u00f6r\u0259, qonaq Az\u0259rbaycan\u0131n suverenliyi v\u0259 \u0259razi b\u00fct\u00f6vl\u00fcy\u00fc u\u011frunda canlar\u0131ndan ke\u00e7mi\u015f \u015f\u0259hidl\u0259rin xatir\u0259sini ehtiramla yad edib, m\u0259zarlar\u0131 \u00fcz\u0259rin\u0259 t\u0259r g\u00fcll\u0259r d\u00fcz\u00fcb. O, \u201c\u018fb\u0259di m\u0259\u015f\u0259l\u201d abid\u0259si \u00f6n\u00fcn\u0259 \u0259klil qoyub. M.\u00c7avu\u015fo\u011flu T\u00fcrk \u015e\u0259hidliyini d\u0259 ziyar\u0259t edib v\u0259 oradak\u0131 xatir\u0259 d\u0259ft\u0259rin\u0259 \u00fcr\u0259k s\u00f6zl\u0259rini yaz\u0131b. 11:15 M\u00f6vlud \u00c7avu\u015fo\u011flu ulu \u00f6nd\u0259r Heyd\u0259r \u018fliyevin m\u0259zar\u0131n\u0131 ziyar\u0259t edib Az\u0259rbaycanda s\u0259f\u0259rd\u0259 olan T\u00fcrkiy\u0259 B\u00f6y\u00fck Mill\u0259t M\u0259clisinin NATO Parlament Assambleyas\u0131ndak\u0131 N\u00fcmay\u0259nd\u0259 Hey\u0259tinin r\u0259hb\u0259ri M\u00f6vlud \u00c7avu\u015fo\u011flu bu g\u00fcn F\u0259xri xiyabana g\u0259l\u0259r\u0259k \u00fcmummilli lider,&hellip;<\/p>\n","protected":false},"author":2,"featured_media":708548,"comment_status":"closed","ping_status":"closed","sticky":false,"template":"","format":"standard","meta":{"om_disable_all_campaigns":false,"_monsterinsights_skip_tracking":false,"_monsterinsights_sitenote_active":false,"_monsterinsights_sitenote_note":"","_monsterinsights_sitenote_category":0},"categories":[4],"tags":[],"aioseo_notices":[],"gutentor_comment":0,"rttpg_featured_image_url":{"full":["https:\/\/arantv.az\/wp-content\/uploads\/2024\/04\/1257012f-c8b2-3fe5-b2c6-2c81dfb70618_850.jpg",620,413,false],"landscape":["https:\/\/arantv.az\/wp-content\/uploads\/2024\/04\/1257012f-c8b2-3fe5-b2c6-2c81dfb70618_850.jpg",620,413,false],"portraits":["https:\/\/arantv.az\/wp-content\/uploads\/2024\/04\/1257012f-c8b2-3fe5-b2c6-2c81dfb70618_850.jpg",620,413,false],"thumbnail":["https:\/\/arantv.az\/wp-content\/uploads\/2024\/04\/1257012f-c8b2-3fe5-b2c6-2c81dfb70618_850-500x280.jpg",500,280,true],"medium":["https:\/\/arantv.az\/wp-content\/uploads\/2024\/04\/1257012f-c8b2-3fe5-b2c6-2c81dfb70618_850-548x365.jpg",548,365,true],"large":["https:\/\/arantv.az\/wp-content\/uploads\/2024\/04\/1257012f-c8b2-3fe5-b2c6-2c81dfb70618_850.jpg",620,413,false],"1536x1536":["https:\/\/arantv.az\/wp-content\/uploads\/2024\/04\/1257012f-c8b2-3fe5-b2c6-2c81dfb70618_850.jpg",620,413,false],"2048x2048":["https:\/\/arantv.az\/wp-content\/uploads\/2024\/04\/1257012f-c8b2-3fe5-b2c6-2c81dfb70618_850.jpg",620,413,false],"post-thumbnail":["https:\/\/arantv.az\/wp-content\/uploads\/2024\/04\/1257012f-c8b2-3fe5-b2c6-2c81dfb70618_850-240x172.jpg",240,172,true],"advps-thumb-one":["https:\/\/arantv.az\/wp-content\/uploads\/2024\/04\/1257012f-c8b2-3fe5-b2c6-2c81dfb70618_850.jpg",620,413,false]},"rttpg_author":{"display_name":"V\u00fcsal Rafiqo\u011flu","author_link":"https:\/\/arantv.az\/?author=2"},"rttpg_comment":0,"rttpg_category":"<a href=\"https:\/\/arantv.az\/?cat=4\" rel=\"category\">Siyas\u0259t<\/a>","rttpg_excerpt":"T\u00fcrkiy\u0259 B\u00f6y\u00fck Mill\u0259t M\u0259clisinin NATO Parlament Assambleyas\u0131ndak\u0131 N\u00fcmay\u0259nd\u0259 Hey\u0259tinin r\u0259hb\u0259ri M\u00f6vlud \u00c7avu\u015fo\u011flu \u015e\u0259hidl\u0259r xiyaban\u0131n\u0131 ziyar\u0259t edib. \u201cReport\u201dun x\u0259b\u0259rin\u0259 g\u00f6r\u0259, qonaq Az\u0259rbaycan\u0131n suverenliyi v\u0259 \u0259razi b\u00fct\u00f6vl\u00fcy\u00fc u\u011frunda canlar\u0131ndan ke\u00e7mi\u015f \u015f\u0259hidl\u0259rin xatir\u0259sini ehtiramla yad edib, m\u0259zarlar\u0131 \u00fcz\u0259rin\u0259 t\u0259r g\u00fcll\u0259r d\u00fcz\u00fcb. O, \u201c\u018fb\u0259di m\u0259\u015f\u0259l\u201d abid\u0259si \u00f6n\u00fcn\u0259 \u0259klil qoyub. M.\u00c7avu\u015fo\u011flu T\u00fcrk \u015e\u0259hidliyini d\u0259 ziyar\u0259t edib v\u0259 oradak\u0131 xatir\u0259 d\u0259ft\u0259rin\u0259&hellip;","_links":{"self":[{"href":"https:\/\/arantv.az\/index.php?rest_route=\/wp\/v2\/posts\/708547"}],"collection":[{"href":"https:\/\/arantv.az\/index.php?rest_route=\/wp\/v2\/posts"}],"about":[{"href":"https:\/\/arantv.az\/index.php?rest_route=\/wp\/v2\/types\/post"}],"author":[{"embeddable":true,"href":"https:\/\/arantv.az\/index.php?rest_route=\/wp\/v2\/users\/2"}],"replies":[{"embeddable":true,"href":"https:\/\/arantv.az\/index.php?rest_route=%2Fwp%2Fv2%2Fcomments&post=708547"}],"version-history":[{"count":0,"href":"https:\/\/arantv.az\/index.php?rest_route=\/wp\/v2\/posts\/708547\/revisions"}],"wp:featuredmedia":[{"embeddable":true,"href":"https:\/\/arantv.az\/index.php?rest_route=\/wp\/v2\/media\/708548"}],"wp:attachment":[{"href":"https:\/\/arantv.az\/index.php?rest_route=%2Fwp%2Fv2%2Fmedia&parent=708547"}],"wp:term":[{"taxonomy":"category","embeddable":true,"href":"https:\/\/arantv.az\/index.php?rest_route=%2Fwp%2Fv2%2Fcategories&post=708547"},{"taxonomy":"post_tag","embeddable":true,"href":"https:\/\/arantv.az\/index.php?rest_route=%2Fwp%2Fv2%2Ftags&post=708547"}],"curies":[{"name":"wp","href":"https:\/\/api.w.org\/{rel}","templated":true}]}}