{"id":709117,"date":"2024-04-05T16:09:53","date_gmt":"2024-04-05T12:09:53","guid":{"rendered":"https:\/\/arantv.az\/?p=709117"},"modified":"2024-04-05T16:09:53","modified_gmt":"2024-04-05T12:09:53","slug":"avropada-mikrorayonlari-il%c9%99-bakiya-oxsayan-s%c9%99h%c9%99rd%c9%99-t%c9%99tbiq-edilmis-urbanistik-h%c9%99ll%c9%99r-video","status":"publish","type":"post","link":"https:\/\/arantv.az\/?p=709117","title":{"rendered":"Avropada mikrorayonlar\u0131 il\u0259 Bak\u0131ya ox\u015fayan \u015f\u0259h\u0259rd\u0259 t\u0259tbiq edilmi\u015f urbanistik h\u0259ll\u0259r &#8211; V\u0130DEO"},"content":{"rendered":"<article class=\"news\">\n<div class=\"news-inner\">\n<p>Bloqer Anar \u018fliyev Bratislavadan s\u00fcjet haz\u0131rlay\u0131b. O, videoda \u015f\u0259h\u0259rin Bak\u0131ya b\u0259nz\u0259y\u0259n mikrorayonlar\u0131n\u0131 m\u00fcqayis\u0259 edib.<\/p>\n<div class=\"AdviadNativeVideo\"><\/div>\n<p>Anar \u018fliyev qeyd edib ki, Bratislava bu g\u00fcn s\u00fcr\u0259tl\u0259 Avropan\u0131n m\u00fcasir urbanistik h\u0259ll\u0259rini t\u0259tbiq edir.<\/p>\n<p>Onun s\u00f6zl\u0259rin\u0259 g\u00f6r\u0259, orada metro yoxdur, \u015f\u0259h\u0259rd\u0259 tramvay \u015f\u0259b\u0259k\u0259sini\u00a0qoruyub saxlay\u0131b\u0131lar. K\u00fc\u00e7\u0259l\u0259rd\u0259 s\u00fcr\u0259tli m\u00fcasir avtobuslar v\u0259 trolleybuslara rast g\u0259linir.<\/p>\n<p>Bloqerin yeni s\u00fcjetini t\u0259qdim edirik:<\/p>\n<div><iframe loading=\"lazy\" title=\"YouTube video player\" src=\"https:\/\/www.youtube.com\/embed\/PiUcqCl_akk?si=_7USw4pygXq1YdTO\" width=\"560\" height=\"315\" frameborder=\"0\" allowfullscreen=\"allowfullscreen\" data-mce-fragment=\"1\"><\/iframe><\/div>\n<\/div>\n<\/article>\n","protected":false},"excerpt":{"rendered":"<p>Bloqer Anar \u018fliyev Bratislavadan s\u00fcjet haz\u0131rlay\u0131b. O, videoda \u015f\u0259h\u0259rin Bak\u0131ya b\u0259nz\u0259y\u0259n mikrorayonlar\u0131n\u0131 m\u00fcqayis\u0259 edib. Anar \u018fliyev qeyd edib ki, Bratislava bu g\u00fcn s\u00fcr\u0259tl\u0259 Avropan\u0131n m\u00fcasir urbanistik h\u0259ll\u0259rini t\u0259tbiq edir. Onun s\u00f6zl\u0259rin\u0259 g\u00f6r\u0259, orada metro yoxdur, \u015f\u0259h\u0259rd\u0259 tramvay \u015f\u0259b\u0259k\u0259sini\u00a0qoruyub saxlay\u0131b\u0131lar. K\u00fc\u00e7\u0259l\u0259rd\u0259 s\u00fcr\u0259tli m\u00fcasir avtobuslar v\u0259 trolleybuslara rast g\u0259linir. Bloqerin yeni s\u00fcjetini t\u0259qdim edirik:<\/p>\n","protected":false},"author":2,"featured_media":709118,"comment_status":"closed","ping_status":"closed","sticky":false,"template":"","format":"standard","meta":{"om_disable_all_campaigns":false,"_monsterinsights_skip_tracking":false,"_monsterinsights_sitenote_active":false,"_monsterinsights_sitenote_note":"","_monsterinsights_sitenote_category":0},"categories":[1],"tags":[],"aioseo_notices":[],"gutentor_comment":0,"rttpg_featured_image_url":{"full":["https:\/\/arantv.az\/wp-content\/uploads\/2024\/04\/FotoJet-3-4.jpg",620,413,false],"landscape":["https:\/\/arantv.az\/wp-content\/uploads\/2024\/04\/FotoJet-3-4.jpg",620,413,false],"portraits":["https:\/\/arantv.az\/wp-content\/uploads\/2024\/04\/FotoJet-3-4.jpg",620,413,false],"thumbnail":["https:\/\/arantv.az\/wp-content\/uploads\/2024\/04\/FotoJet-3-4-500x280.jpg",500,280,true],"medium":["https:\/\/arantv.az\/wp-content\/uploads\/2024\/04\/FotoJet-3-4-548x365.jpg",548,365,true],"large":["https:\/\/arantv.az\/wp-content\/uploads\/2024\/04\/FotoJet-3-4.jpg",620,413,false],"1536x1536":["https:\/\/arantv.az\/wp-content\/uploads\/2024\/04\/FotoJet-3-4.jpg",620,413,false],"2048x2048":["https:\/\/arantv.az\/wp-content\/uploads\/2024\/04\/FotoJet-3-4.jpg",620,413,false],"post-thumbnail":["https:\/\/arantv.az\/wp-content\/uploads\/2024\/04\/FotoJet-3-4-240x172.jpg",240,172,true],"advps-thumb-one":["https:\/\/arantv.az\/wp-content\/uploads\/2024\/04\/FotoJet-3-4.jpg",620,413,false]},"rttpg_author":{"display_name":"V\u00fcsal Rafiqo\u011flu","author_link":"https:\/\/arantv.az\/?author=2"},"rttpg_comment":0,"rttpg_category":"<a href=\"https:\/\/arantv.az\/?cat=1\" rel=\"category\">C\u0259miyy\u0259t<\/a>","rttpg_excerpt":"Bloqer Anar \u018fliyev Bratislavadan s\u00fcjet haz\u0131rlay\u0131b. O, videoda \u015f\u0259h\u0259rin Bak\u0131ya b\u0259nz\u0259y\u0259n mikrorayonlar\u0131n\u0131 m\u00fcqayis\u0259 edib. Anar \u018fliyev qeyd edib ki, Bratislava bu g\u00fcn s\u00fcr\u0259tl\u0259 Avropan\u0131n m\u00fcasir urbanistik h\u0259ll\u0259rini t\u0259tbiq edir. Onun s\u00f6zl\u0259rin\u0259 g\u00f6r\u0259, orada metro yoxdur, \u015f\u0259h\u0259rd\u0259 tramvay \u015f\u0259b\u0259k\u0259sini\u00a0qoruyub saxlay\u0131b\u0131lar. K\u00fc\u00e7\u0259l\u0259rd\u0259 s\u00fcr\u0259tli m\u00fcasir avtobuslar v\u0259 trolleybuslara rast g\u0259linir. Bloqerin yeni s\u00fcjetini t\u0259qdim edirik:","_links":{"self":[{"href":"https:\/\/arantv.az\/index.php?rest_route=\/wp\/v2\/posts\/709117"}],"collection":[{"href":"https:\/\/arantv.az\/index.php?rest_route=\/wp\/v2\/posts"}],"about":[{"href":"https:\/\/arantv.az\/index.php?rest_route=\/wp\/v2\/types\/post"}],"author":[{"embeddable":true,"href":"https:\/\/arantv.az\/index.php?rest_route=\/wp\/v2\/users\/2"}],"replies":[{"embeddable":true,"href":"https:\/\/arantv.az\/index.php?rest_route=%2Fwp%2Fv2%2Fcomments&post=709117"}],"version-history":[{"count":0,"href":"https:\/\/arantv.az\/index.php?rest_route=\/wp\/v2\/posts\/709117\/revisions"}],"wp:featuredmedia":[{"embeddable":true,"href":"https:\/\/arantv.az\/index.php?rest_route=\/wp\/v2\/media\/709118"}],"wp:attachment":[{"href":"https:\/\/arantv.az\/index.php?rest_route=%2Fwp%2Fv2%2Fmedia&parent=709117"}],"wp:term":[{"taxonomy":"category","embeddable":true,"href":"https:\/\/arantv.az\/index.php?rest_route=%2Fwp%2Fv2%2Fcategories&post=709117"},{"taxonomy":"post_tag","embeddable":true,"href":"https:\/\/arantv.az\/index.php?rest_route=%2Fwp%2Fv2%2Ftags&post=709117"}],"curies":[{"name":"wp","href":"https:\/\/api.w.org\/{rel}","templated":true}]}}