{"id":710221,"date":"2024-04-08T21:46:32","date_gmt":"2024-04-08T17:46:32","guid":{"rendered":"https:\/\/arantv.az\/?p=710221"},"modified":"2024-04-08T21:46:32","modified_gmt":"2024-04-08T17:46:32","slug":"mudafi%c9%99-naziri-ramazan-bayrami-munasib%c9%99til%c9%99-az%c9%99rbaycan-ordusunun-s%c9%99xsi-hey%c9%99tin%c9%99-t%c9%99brik-edib","status":"publish","type":"post","link":"https:\/\/arantv.az\/?p=710221","title":{"rendered":"M\u00fcdafi\u0259 naziri Ramazan bayram\u0131 m\u00fcnasib\u0259til\u0259 Az\u0259rbaycan Ordusunun \u015f\u0259xsi hey\u0259tin\u0259 t\u0259brik edib"},"content":{"rendered":"<p>C\u0259nab zabitl\u0259r, yolda\u015f gizirl\u0259r, mi\u00e7manlar, kursantlar, \u00e7avu\u015flar, \u0259sg\u0259rl\u0259r, matroslar\u00a0 v\u0259 m\u00fclki\u00a0 i\u015f\u00e7il\u0259r!<br \/>\nD\u00fcnya m\u00fcs\u0259lmanlar\u0131n\u0131n m\u0259n\u0259vi birlik, h\u0259mr\u0259ylik, b\u0259rab\u0259rlik r\u0259mzi olan Ramazan bayram\u0131 m\u00fcnasib\u0259til\u0259 Sizi\u00a0 \u00fcr\u0259kd\u0259n t\u0259brik edir, m\u00fcq\u0259dd\u0259s v\u0259 \u015f\u0259r\u0259fli xidm\u0259tl\u0259rinizd\u0259 u\u011furlar arzulay\u0131ram.<br \/>\n\u0130slami d\u0259y\u0259rl\u0259rin qorundu\u011fu \u00f6lk\u0259mizd\u0259 h\u0259r il d\u00f6vl\u0259t s\u0259viyy\u0259sind\u0259 \u00fcmumxalq bayram\u0131 kimi qeyd olunan Ramazan bayram\u0131 insanlar aras\u0131nda b\u0259rab\u0259rliyi, birliyi daha da\u00a0 g\u00fccl\u0259ndirir, c\u0259miyy\u0259timizd\u0259 milli-m\u0259n\u0259vi d\u0259y\u0259rl\u0259r\u0259 m\u00f6hk\u0259m ba\u011fl\u0131l\u0131\u011f\u0131n, humanizmin, xeyirxahl\u0131q v\u0259 m\u0259rh\u0259m\u0259t duy\u011fular\u0131n\u0131n t\u0259nt\u0259n\u0259sini \u00f6z\u00fcnd\u0259 t\u0259c\u0259ss\u00fcm etdirir.<br \/>\n\u00dcmummilli Lider Heyd\u0259r \u018fliyev m\u00fcst\u0259qil Az\u0259rbaycana r\u0259hb\u0259rliyi d\u00f6vr\u00fcnd\u0259 d\u00f6vl\u0259t quruculu\u011fu siyas\u0259tind\u0259 az\u0259rbaycan\u00e7\u0131l\u0131q m\u0259fkur\u0259sini, milli-m\u0259n\u0259vi d\u0259y\u0259rl\u0259rimizi y\u00fcks\u0259k tutaraq ad\u0259t v\u0259 \u0259n\u0259n\u0259l\u0259rimizin qorunub saxlanmas\u0131n\u0131 reall\u0131\u011fa \u00e7evirdi. Ulu \u00d6nd\u0259rin siyasi kursunun layiqli davam\u00e7\u0131s\u0131 Prezident c\u0259nab \u0130lham \u018fliyevin apard\u0131\u011f\u0131 u\u011furlu xarici v\u0259 daxili siyas\u0259t n\u0259tic\u0259sind\u0259 d\u00f6vl\u0259t\u00e7iliyimizin iqtisadi dayaqlar\u0131 m\u00f6hk\u0259ml\u0259nib, Az\u0259rbaycan demokratik d\u00f6vl\u0259t quruculu\u011fu prosesind\u0259 b\u00f6y\u00fck nailiyy\u0259tl\u0259r qazan\u0131b. D\u00f6vl\u0259timizin\u00a0 inki\u015faf\u0131nda prioritet istiqam\u0259tl\u0259rd\u0259n hesab edil\u0259n ordumuzun h\u0259rbi q\u00fcdr\u0259tinin g\u00fcnd\u0259n-g\u00fcn\u0259 art\u0131r\u0131lmas\u0131 m\u0259qs\u0259dil\u0259 at\u0131lan add\u0131mlar \u00f6lk\u0259d\u0259 h\u0259yata ke\u00e7iril\u0259n islahatlar\u0131n \u0259sas t\u0259rkib hiss\u0259l\u0259rind\u0259ndir. M\u00f6ht\u0259r\u0259m Prezidentimiz c\u0259nab \u0130lham \u018fliyevin r\u0259hb\u0259rliyi alt\u0131nda d\u00f6vl\u0259t v\u0259 ordu quruculu\u011fu istiqam\u0259tind\u0259 g\u00f6r\u00fcl\u0259n m\u00fch\u00fcm i\u015fl\u0259r say\u0259sind\u0259 Az\u0259rbaycan\u0131n d\u00fcnyada n\u00fcfuzu daha da art\u0131b. Bu g\u00fcn Az\u0259rbaycan C\u0259nubi Qafqaz\u0131n lider d\u00f6vl\u0259tin\u0259, s\u00fclh\u00fcn, sabitliyin t\u0259minat\u00e7\u0131s\u0131na \u00e7evrilib.<br \/>\nRespublikam\u0131z\u0131n m\u00fcdafi\u0259 q\u00fcdr\u0259tinin art\u0131r\u0131lmas\u0131 istiqam\u0259tind\u0259 qazan\u0131lan b\u00f6y\u00fck nailiyy\u0259tl\u0259r, eyni zamanda, orduda apar\u0131lan geni\u015fmiqyasl\u0131 islahatlar, sosial infrastrukturun g\u00fccl\u0259ndirilm\u0259si, h\u0259rbi qulluq\u00e7ular\u0131n xidm\u0259ti \u015f\u0259raitinin yax\u015f\u0131la\u015fd\u0131r\u0131lmas\u0131, ke\u00e7iril\u0259n t\u0259liml\u0259r, d\u00fc\u015fm\u0259nin t\u0259xribatlar\u0131na qar\u015f\u0131 apar\u0131lan u\u011furlu irimiqyasl\u0131 \u0259ks-h\u00fccum \u0259m\u0259liyyatlar\u0131 \u015f\u0259xsi hey\u0259tin q\u0259l\u0259b\u0259 \u0259zmini daha da m\u00f6hk\u0259ml\u0259ndir\u0259r\u0259k,\u00a0 2020-ci il Az\u0259rbaycan Ordusunun tarixin\u0259 Z\u0259f\u0259r ili kimi yaz\u0131ld\u0131.<br \/>\nAli Ba\u015f Komandan c\u0259nab \u0130lham \u018fliyev v\u0259 Birinci vitse-prezident Mehriban xan\u0131m \u018fliyevan\u0131n diqq\u0259t v\u0259 qay\u011f\u0131s\u0131 say\u0259sind\u0259 h\u0259rbi qulluq\u00e7ular\u0131n sosial-m\u0259i\u015f\u0259t \u015f\u0259raitinin yax\u015f\u0131la\u015fd\u0131r\u0131lmas\u0131, qay\u011f\u0131 v\u0259 probleml\u0259rinin h\u0259lli istiqam\u0259tind\u0259 g\u00f6r\u00fcl\u0259n i\u015fl\u0259r davam etdirilir. M\u00f6ht\u0259r\u0259m Prezident, c\u0259nab Ali Ba\u015f Komandan\u0131n 28 dekabr 2011-ci il tarixli \u201cAz\u0259rbaycan Respublikas\u0131 Silahl\u0131 Q\u00fcvv\u0259l\u0259rinin h\u0259rbi qulluq\u00e7ular\u0131n\u0131n sosial m\u00fcdafi\u0259sinin g\u00fccl\u0259ndirilm\u0259si t\u0259dbirl\u0259ri bar\u0259d\u0259\u201d F\u0259rman\u0131n\u0131n icras\u0131n\u0131n t\u0259min edilm\u0259si m\u0259qs\u0259dil\u0259 20 t\u0259qvim ili v\u0259 daha \u00e7ox q\u00fcsursuz xidm\u0259t etmi\u015f h\u0259rbi qulluq\u00e7ulara daimi m\u0259nzill\u0259rin verilm\u0259si \u015f\u0259xsi hey\u0259td\u0259 b\u00f6y\u00fck ruh y\u00fcks\u0259kliyi yaratm\u0131\u015fd\u0131r.<br \/>\nM\u00fcz\u0259ff\u0259r Ali Ba\u015f Komandan\u0131n s\u0259rk\u0259rd\u0259liyi il\u0259 Az\u0259rbaycan Ordusunun V\u0259t\u0259n m\u00fcharib\u0259sind\u0259 qazand\u0131\u011f\u0131 parlaq q\u0259l\u0259b\u0259 v\u0259 h\u0259yata ke\u00e7irdiyi u\u011furlu d\u00f6y\u00fc\u015f \u0259m\u0259liyyatlar\u0131 n\u0259tic\u0259sind\u0259 d\u00fc\u015fm\u0259n i\u015f\u011fal\u0131nda qalm\u0131\u015f tarixi torpaqlar\u0131m\u0131z azad olundu. Ali Ba\u015f Komandan\u0131n m\u00fcdrik v\u0259 uzaqg\u00f6r\u0259n siyas\u0259ti, ordumuzun g\u00fcc\u00fc say\u0259sind\u0259 Az\u0259rbaycan\u0131n \u0259razi b\u00fct\u00f6vl\u00fcy\u00fc, suverenliyi tam t\u0259min edildi.<br \/>\n\u00d6t\u0259n il Xank\u0259ndi \u015f\u0259h\u0259rind\u0259 ke\u00e7iril\u0259n 8 Noyabr \u2013 Z\u0259f\u0259r G\u00fcn\u00fcn\u0259 h\u0259sr olunmu\u015f Z\u0259f\u0259r Parad\u0131 M\u00fcz\u0259ff\u0259r Ali Ba\u015f Komandan\u0131n r\u0259hb\u0259rliyi il\u0259 g\u00fcnd\u0259n-g\u00fcn\u0259 q\u00fcdr\u0259tl\u0259n\u0259n Az\u0259rbaycan Ordusunun yenilm\u0259zliyini bir daha t\u0259sdiq etdi.<br \/>\nD\u00f6vl\u0259t m\u00fcst\u0259qilliyimizin \u0259sas atributlar\u0131ndan biri say\u0131lan \u00fc\u00e7r\u0259ngli bayra\u011f\u0131m\u0131z\u0131n \u0259z\u0259m\u0259tl\u0259 dal\u011faland\u0131\u011f\u0131 i\u015f\u011faldan azad edilmi\u015f \u0259razil\u0259rimizd\u0259 r\u0259\u015fad\u0259tli Az\u0259rbaycan Ordusu \u00f6z m\u00f6vqel\u0259rini daha da m\u00f6hk\u0259ml\u0259ndirm\u0259kl\u0259, b\u0259rpa-quruculuq i\u015fl\u0259rinin \u0259n y\u00fcks\u0259k s\u0259viyy\u0259d\u0259 h\u0259yata ke\u00e7irilm\u0259sin\u0259, B\u00f6y\u00fck Qay\u0131d\u0131\u015fa layiqli t\u00f6hf\u0259l\u0259rini verm\u0259kd\u0259dir.<br \/>\n\u018fmin\u0259m ki, Az\u0259rbaycan Respublikas\u0131n\u0131n Konstitusiyas\u0131na, H\u0259rbi Anda v\u0259 Nizamnam\u0259l\u0259r\u0259\u00a0 daim sadiq qalaraq, d\u00f6y\u00fc\u015f v\u0259 m\u0259n\u0259vi-psixoloji haz\u0131rl\u0131\u011f\u0131n\u0131z\u0131 g\u00fccl\u0259ndir\u0259c\u0259k, xidm\u0259tinizd\u0259 yeni u\u011furlar \u0259ld\u0259 etm\u0259k \u00fc\u00e7\u00fcn s\u0259y v\u0259 bacar\u0131qlar\u0131n\u0131z\u0131 daha da art\u0131racaqs\u0131n\u0131z.<br \/>\nH\u0259rbi anda s\u0259daq\u0259t\u0259, \u00e7\u0259tin v\u0259 \u015f\u0259r\u0259fli h\u0259rbi xidm\u0259td\u0259 f\u0259dakarl\u0131\u011fa g\u00f6r\u0259 h\u0259r biriniz\u0259 minn\u0259tdarl\u0131\u011f\u0131m\u0131 bildirir\u0259m.<br \/>\nAz\u0259rbaycan\u0131n suverenliyi, m\u00fcst\u0259qilliyi v\u0259 \u0259razi b\u00f6t\u00f6vl\u00fcy\u00fc u\u011frunda \u015f\u0259hid olan V\u0259t\u0259n \u00f6vladlar\u0131n\u0131n xatir\u0259sini h\u0259r zaman oldu\u011fu kimi Ramazan bayram\u0131 \u0259r\u0259f\u0259sind\u0259 d\u0259 d\u0259rin h\u00f6rm\u0259t v\u0259 ehtiramla yad edirik. \u015e\u0259hidl\u0259rimizin ail\u0259 \u00fczvl\u0259ri v\u0259 sa\u011flaml\u0131\u011f\u0131n\u0131 itir\u0259n d\u00f6y\u00fc\u015f\u00e7\u00fcl\u0259rimiz, m\u00fcharib\u0259 veteranlar\u0131 daima d\u00f6vl\u0259timiz t\u0259r\u0259find\u0259n diqq\u0259t m\u0259rk\u0259zind\u0259 saxlan\u0131l\u0131r. Ali Ba\u015f Komandan c\u0259nab \u0130lham \u018fliyev v\u0259 Birinci vitse-prezident Mehriban xan\u0131m \u018fliyevan\u0131n diqq\u0259t v\u0259 qay\u011f\u0131s\u0131 say\u0259sind\u0259 onlar\u0131n sosial-m\u0259i\u015f\u0259t \u015f\u0259raitinin yax\u015f\u0131la\u015fd\u0131r\u0131lmas\u0131, qay\u011f\u0131 v\u0259 probleml\u0259rinin h\u0259lli istiqam\u0259tind\u0259 m\u00fch\u00fcm add\u0131mlar at\u0131l\u0131r. \u015e\u0259hid h\u0259rbi qulluq\u00e7ular\u0131m\u0131z\u0131n valideynl\u0259rini, ail\u0259l\u0259rini, V\u0259t\u0259n u\u011frunda sa\u011flaml\u0131\u011f\u0131n\u0131 itir\u0259n silahda\u015flar\u0131m\u0131z\u0131, \u0259ziz veteranlar\u0131 bayram m\u00fcnasib\u0259til\u0259 t\u0259brik edir, onlara \u0259n xo\u015f arzular\u0131m\u0131 \u00e7atd\u0131r\u0131ram.<br \/>\nArzu edir\u0259m ki, bu m\u00fcq\u0259dd\u0259s Ramazan bayram\u0131 g\u0259li\u015fi il\u0259 ail\u0259l\u0259riniz\u0259 firavanl\u0131q, xo\u015fb\u0259xtlik, s\u00fcfr\u0259l\u0259riniz\u0259 bol ruzi-b\u0259r\u0259k\u0259t g\u0259tirsin.<br \/>\nBir daha h\u0259r birinizi Ramazan bayram\u0131 m\u00fcnasib\u0259til\u0259 \u00fcr\u0259kd\u0259n t\u0259brik edir,\u00a0 Siz\u0259 m\u00f6hk\u0259m cansa\u011fl\u0131\u011f\u0131, uzun \u00f6m\u00fcr, V\u0259t\u0259n\u0259, m\u00fcst\u0259qil Az\u0259rbaycan d\u00f6vl\u0259tin\u0259 \u015f\u0259r\u0259fli xidm\u0259tinizd\u0259 yeni\u00a0 u\u011furlar arzulay\u0131ram.<\/p>\n<p>Ramazan bayram\u0131n\u0131z m\u00fcbar\u0259k olsun!<\/p>\n<p><em><strong>Zakir H\u0259s\u0259nov,<br \/>\nAz\u0259rbaycan Respublikas\u0131n\u0131n m\u00fcdafi\u0259 naziri<br \/>\ngeneral-polkovnik<\/strong><\/em><\/p>\n","protected":false},"excerpt":{"rendered":"<p>C\u0259nab zabitl\u0259r, yolda\u015f gizirl\u0259r, mi\u00e7manlar, kursantlar, \u00e7avu\u015flar, \u0259sg\u0259rl\u0259r, matroslar\u00a0 v\u0259 m\u00fclki\u00a0 i\u015f\u00e7il\u0259r! D\u00fcnya m\u00fcs\u0259lmanlar\u0131n\u0131n m\u0259n\u0259vi birlik, h\u0259mr\u0259ylik, b\u0259rab\u0259rlik r\u0259mzi olan Ramazan bayram\u0131 m\u00fcnasib\u0259til\u0259 Sizi\u00a0 \u00fcr\u0259kd\u0259n t\u0259brik edir, m\u00fcq\u0259dd\u0259s v\u0259 \u015f\u0259r\u0259fli xidm\u0259tl\u0259rinizd\u0259 u\u011furlar arzulay\u0131ram. \u0130slami d\u0259y\u0259rl\u0259rin qorundu\u011fu \u00f6lk\u0259mizd\u0259 h\u0259r il d\u00f6vl\u0259t s\u0259viyy\u0259sind\u0259 \u00fcmumxalq bayram\u0131 kimi qeyd olunan Ramazan bayram\u0131 insanlar aras\u0131nda b\u0259rab\u0259rliyi, birliyi daha da\u00a0 g\u00fccl\u0259ndirir, c\u0259miyy\u0259timizd\u0259 milli-m\u0259n\u0259vi d\u0259y\u0259rl\u0259r\u0259 m\u00f6hk\u0259m ba\u011fl\u0131l\u0131\u011f\u0131n, humanizmin, xeyirxahl\u0131q v\u0259 m\u0259rh\u0259m\u0259t duy\u011fular\u0131n\u0131n t\u0259nt\u0259n\u0259sini \u00f6z\u00fcnd\u0259 t\u0259c\u0259ss\u00fcm etdirir. \u00dcmummilli Lider Heyd\u0259r \u018fliyev m\u00fcst\u0259qil Az\u0259rbaycana r\u0259hb\u0259rliyi d\u00f6vr\u00fcnd\u0259 d\u00f6vl\u0259t quruculu\u011fu siyas\u0259tind\u0259 az\u0259rbaycan\u00e7\u0131l\u0131q m\u0259fkur\u0259sini, milli-m\u0259n\u0259vi d\u0259y\u0259rl\u0259rimizi y\u00fcks\u0259k tutaraq ad\u0259t v\u0259 \u0259n\u0259n\u0259l\u0259rimizin qorunub&hellip;<\/p>\n","protected":false},"author":2,"featured_media":710222,"comment_status":"closed","ping_status":"closed","sticky":false,"template":"","format":"standard","meta":{"om_disable_all_campaigns":false,"_monsterinsights_skip_tracking":false,"_monsterinsights_sitenote_active":false,"_monsterinsights_sitenote_note":"","_monsterinsights_sitenote_category":0},"categories":[10],"tags":[],"aioseo_notices":[],"gutentor_comment":0,"rttpg_featured_image_url":{"full":["https:\/\/arantv.az\/wp-content\/uploads\/2024\/04\/4996dcc4171258632664416613410742420.jpg",975,540,false],"landscape":["https:\/\/arantv.az\/wp-content\/uploads\/2024\/04\/4996dcc4171258632664416613410742420.jpg",975,540,false],"portraits":["https:\/\/arantv.az\/wp-content\/uploads\/2024\/04\/4996dcc4171258632664416613410742420.jpg",975,540,false],"thumbnail":["https:\/\/arantv.az\/wp-content\/uploads\/2024\/04\/4996dcc4171258632664416613410742420-500x280.jpg",500,280,true],"medium":["https:\/\/arantv.az\/wp-content\/uploads\/2024\/04\/4996dcc4171258632664416613410742420-660x365.jpg",660,365,true],"large":["https:\/\/arantv.az\/wp-content\/uploads\/2024\/04\/4996dcc4171258632664416613410742420-840x465.jpg",640,354,true],"1536x1536":["https:\/\/arantv.az\/wp-content\/uploads\/2024\/04\/4996dcc4171258632664416613410742420.jpg",975,540,false],"2048x2048":["https:\/\/arantv.az\/wp-content\/uploads\/2024\/04\/4996dcc4171258632664416613410742420.jpg",975,540,false],"post-thumbnail":["https:\/\/arantv.az\/wp-content\/uploads\/2024\/04\/4996dcc4171258632664416613410742420-240x172.jpg",240,172,true],"advps-thumb-one":["https:\/\/arantv.az\/wp-content\/uploads\/2024\/04\/4996dcc4171258632664416613410742420.jpg",975,540,false]},"rttpg_author":{"display_name":"V\u00fcsal Rafiqo\u011flu","author_link":"https:\/\/arantv.az\/?author=2"},"rttpg_comment":0,"rttpg_category":"<a href=\"https:\/\/arantv.az\/?cat=10\" rel=\"category\">C\u0259bh\u0259d\u0259n X\u0259b\u0259r<\/a>","rttpg_excerpt":"C\u0259nab zabitl\u0259r, yolda\u015f gizirl\u0259r, mi\u00e7manlar, kursantlar, \u00e7avu\u015flar, \u0259sg\u0259rl\u0259r, matroslar\u00a0 v\u0259 m\u00fclki\u00a0 i\u015f\u00e7il\u0259r! D\u00fcnya m\u00fcs\u0259lmanlar\u0131n\u0131n m\u0259n\u0259vi birlik, h\u0259mr\u0259ylik, b\u0259rab\u0259rlik r\u0259mzi olan Ramazan bayram\u0131 m\u00fcnasib\u0259til\u0259 Sizi\u00a0 \u00fcr\u0259kd\u0259n t\u0259brik edir, m\u00fcq\u0259dd\u0259s v\u0259 \u015f\u0259r\u0259fli xidm\u0259tl\u0259rinizd\u0259 u\u011furlar arzulay\u0131ram. \u0130slami d\u0259y\u0259rl\u0259rin qorundu\u011fu \u00f6lk\u0259mizd\u0259 h\u0259r il d\u00f6vl\u0259t s\u0259viyy\u0259sind\u0259 \u00fcmumxalq bayram\u0131 kimi qeyd olunan Ramazan bayram\u0131 insanlar aras\u0131nda b\u0259rab\u0259rliyi, birliyi daha da\u00a0 g\u00fccl\u0259ndirir,&hellip;","_links":{"self":[{"href":"https:\/\/arantv.az\/index.php?rest_route=\/wp\/v2\/posts\/710221"}],"collection":[{"href":"https:\/\/arantv.az\/index.php?rest_route=\/wp\/v2\/posts"}],"about":[{"href":"https:\/\/arantv.az\/index.php?rest_route=\/wp\/v2\/types\/post"}],"author":[{"embeddable":true,"href":"https:\/\/arantv.az\/index.php?rest_route=\/wp\/v2\/users\/2"}],"replies":[{"embeddable":true,"href":"https:\/\/arantv.az\/index.php?rest_route=%2Fwp%2Fv2%2Fcomments&post=710221"}],"version-history":[{"count":0,"href":"https:\/\/arantv.az\/index.php?rest_route=\/wp\/v2\/posts\/710221\/revisions"}],"wp:featuredmedia":[{"embeddable":true,"href":"https:\/\/arantv.az\/index.php?rest_route=\/wp\/v2\/media\/710222"}],"wp:attachment":[{"href":"https:\/\/arantv.az\/index.php?rest_route=%2Fwp%2Fv2%2Fmedia&parent=710221"}],"wp:term":[{"taxonomy":"category","embeddable":true,"href":"https:\/\/arantv.az\/index.php?rest_route=%2Fwp%2Fv2%2Fcategories&post=710221"},{"taxonomy":"post_tag","embeddable":true,"href":"https:\/\/arantv.az\/index.php?rest_route=%2Fwp%2Fv2%2Ftags&post=710221"}],"curies":[{"name":"wp","href":"https:\/\/api.w.org\/{rel}","templated":true}]}}