{"id":710788,"date":"2024-04-12T09:22:37","date_gmt":"2024-04-12T05:22:37","guid":{"rendered":"https:\/\/arantv.az\/?p=710788"},"modified":"2024-04-12T09:22:37","modified_gmt":"2024-04-12T05:22:37","slug":"erm%c9%99nistan-qazaxin-k%c9%99ndl%c9%99rini-n%c9%99-vaxt-qaytaracaq-video","status":"publish","type":"post","link":"https:\/\/arantv.az\/?p=710788","title":{"rendered":"Erm\u0259nistan Qazax\u0131n k\u0259ndl\u0259rini n\u0259 vaxt qaytaracaq? &#8211; V\u0130DEO"},"content":{"rendered":"<article class=\"news\">\n<div class=\"news-inner\">\n<p>Qazax\u0131n i\u015f\u011fal alt\u0131nda qalan k\u0259ndl\u0259ri il\u0259 ba\u011fl\u0131 Erm\u0259nistan t\u0259r\u0259finin qeyri-m\u00fc\u0259yy\u0259nliyi davam edir.<\/p>\n<p>\u00d6lk\u0259 m\u00fcxalif\u0259ti bir yana, h\u00f6kum\u0259tin \u00f6z\u00fcnd\u0259 d\u0259 bu bar\u0259d\u0259 yekdil fikir yoxdur. Bununla yana\u015f\u0131, Erm\u0259nistan T\u0259hl\u00fck\u0259sizlik \u015euras\u0131n\u0131n katibi Armen Qriqoryan anklavlarla ba\u011fl\u0131 m\u00fczakir\u0259l\u0259rin getm\u0259diyini deyib.<\/p>\n<p>\u00dcmumiyy\u0259tl\u0259, A.Qriqoryan k\u0259ndl\u0259rl\u0259 ba\u011fl\u0131 v\u0259ziyy\u0259ti q\u0259lizl\u0259\u015fdir\u0259c\u0259k m\u00f6vqe s\u0259rgil\u0259yir. Parlamentin s\u0259dri Alen Simonyan bildirib ki, bu k\u0259ndl\u0259r Az\u0259rbaycana m\u0259xsusdur v\u0259 m\u00fctl\u0259q t\u0259hvil verilm\u0259lidir. Onun s\u00f6zl\u0259rin\u0259 g\u00f6r\u0259, Erm\u0259nistan x\u0259rit\u0259sind\u0259 el\u0259 k\u0259ndl\u0259r yoxdur.<\/p>\n<p>Ba\u015f nazir Nikol Pa\u015finyan is\u0259 \u00fcmumiyy\u0259tl\u0259, Az\u0259rbaycana qaytar\u0131lmal\u0131 olan s\u0259kkiz deyil, d\u00f6rd k\u0259ndin ad\u0131n\u0131 \u00e7\u0259kir. Erm\u0259ni ba\u015f nazir qeyd edib ki, anklavda olmayan d\u00f6rd k\u0259nd\u0259 dair he\u00e7 bir iddialar\u0131 yoxdur v\u0259 qaytarma\u011fa haz\u0131rd\u0131rlar. O, anklavda olmayan d\u00f6rd k\u0259ndd\u0259n dan\u0131\u015f\u0131r, ancaq Qazax\u0131n dig\u0259r \u00fc\u00e7 v\u0259 Nax\u00e7\u0131van\u0131n K\u0259rki k\u0259ndi bar\u0259d\u0259 he\u00e7 n\u0259 demir. Ancaq r\u0259smi Bak\u0131n\u0131n m\u00f6vqeyi konkretdir.<\/p>\n<p>Bu k\u0259ndl\u0259r verilm\u0259d\u0259n s\u0259rh\u0259dl\u0259rin delimitasiyas\u0131 bar\u0259d\u0259 he\u00e7 bir raz\u0131l\u0131q \u0259ld\u0259 etm\u0259k m\u00fcmk\u00fcn olmayacaq. Dem\u0259li, h\u0259m d\u0259 s\u00fclh m\u00fcqavil\u0259si il\u0259 ba\u011fl\u0131 m\u0259s\u0259l\u0259 \u00f6z h\u0259llini tapa bilm\u0259y\u0259c\u0259k. K\u0259ndl\u0259r m\u0259s\u0259l\u0259si haz\u0131rda Erm\u0259nistan\u0131n daxili siyas\u0259tind\u0259 \u0259sas m\u00fczakir\u0259 m\u00f6vzusudur. \u018flin\u0259 h\u0259r f\u00fcrs\u0259t d\u00fc\u015fd\u00fckc\u0259 b\u00f6lg\u0259ni qar\u0131\u015fd\u0131rma\u011fa \u00e7al\u0131\u015fan Fransa da m\u0259s\u0259l\u0259 il\u0259 ba\u011fl\u0131 sakit qalmaq ist\u0259mir. Bir ne\u00e7\u0259 g\u00fcn \u0259vv\u0259l Fransan\u0131n bu \u00f6lk\u0259d\u0259ki s\u0259firi Olivye Dekottini bir qrup fransal\u0131 deputatla birg\u0259 Az\u0259rbaycan-Erm\u0259nistan s\u0259rh\u0259din\u0259 ba\u015f \u00e7\u0259k\u0259r\u0259k t\u0259xribat\u00e7\u0131 a\u00e7\u0131qlamalar verib. S\u0259firin bu add\u0131m\u0131 s\u0259rh\u0259dl\u0259rin delimitasiyas\u0131 prosesini ciddi t\u0259hl\u00fck\u0259 alt\u0131na qoyur. R\u0259smi Parisin b\u00f6lg\u0259d\u0259 s\u00fclh ist\u0259m\u0259diyi ayd\u0131nd\u0131r.<\/p>\n<p>Lakin Emmanuel Makronun C\u0259nubi Qafqazda n\u0259 axtard\u0131\u011f\u0131n\u0131 s\u0259fir v\u0259 deputatlar\u0131n s\u0259rh\u0259dd\u0259ki Zod q\u0131z\u0131l m\u0259d\u0259nin\u0259 s\u0259f\u0259rind\u0259n anlamaq m\u00fcmk\u00fcnd\u00fcr. \u018fslind\u0259, bu t\u0259\u0259ss\u00fcbke\u015fliyin arxas\u0131nda dayanan \u0259sas s\u0259b\u0259b m\u0259hz q\u0131z\u0131l v\u0259 s\u0259rv\u0259t h\u0259risliyidir.<\/p>\n<p>Lakin Erm\u0259nistan v\u0259 onun havadarlar\u0131 anlamal\u0131d\u0131rlar ki, Az\u0259rbaycan\u0131n s\u0259brinin d\u0259 bir h\u0259ddi var. K\u0259ndl\u0259r s\u00fclh dan\u0131\u015f\u0131qlar\u0131 \u00e7\u0259r\u00e7iv\u0259sind\u0259 qaytar\u0131lmazsa, beyn\u0259lxalq h\u00fcququn qazand\u0131rd\u0131\u011f\u0131 imkanlardan istifad\u0259 etm\u0259k laz\u0131m g\u0259l\u0259c\u0259k. \u00c7\u00fcnki bir qar\u0131\u015f torpa\u011f\u0131m\u0131z\u0131n bel\u0259 tapdaq alt\u0131nda qalmas\u0131na imkan verm\u0259y\u0259c\u0259yimizi art\u0131q b\u00fct\u00fcn d\u00fcnya bilir.<\/p>\n<p>Daha \u0259trafl\u0131 Baku TV-nin s\u00fcjetind\u0259:<\/p>\n<div><iframe loading=\"lazy\" title=\"YouTube video player\" src=\"https:\/\/www.youtube.com\/embed\/do1uhcKu4_M?si=7ZyJ9D6DRlwzA1Jw\" width=\"560\" height=\"315\" frameborder=\"0\" allowfullscreen=\"allowfullscreen\" data-mce-fragment=\"1\"><\/iframe><\/div>\n<\/div>\n<\/article>\n<section class=\"related-news\">\n<div class=\"l-center\"><\/div>\n<\/section>\n","protected":false},"excerpt":{"rendered":"<p>Qazax\u0131n i\u015f\u011fal alt\u0131nda qalan k\u0259ndl\u0259ri il\u0259 ba\u011fl\u0131 Erm\u0259nistan t\u0259r\u0259finin qeyri-m\u00fc\u0259yy\u0259nliyi davam edir. \u00d6lk\u0259 m\u00fcxalif\u0259ti bir yana, h\u00f6kum\u0259tin \u00f6z\u00fcnd\u0259 d\u0259 bu bar\u0259d\u0259 yekdil fikir yoxdur. Bununla yana\u015f\u0131, Erm\u0259nistan T\u0259hl\u00fck\u0259sizlik \u015euras\u0131n\u0131n katibi Armen Qriqoryan anklavlarla ba\u011fl\u0131 m\u00fczakir\u0259l\u0259rin getm\u0259diyini deyib. \u00dcmumiyy\u0259tl\u0259, A.Qriqoryan k\u0259ndl\u0259rl\u0259 ba\u011fl\u0131 v\u0259ziyy\u0259ti q\u0259lizl\u0259\u015fdir\u0259c\u0259k m\u00f6vqe s\u0259rgil\u0259yir. Parlamentin s\u0259dri Alen Simonyan bildirib ki, bu k\u0259ndl\u0259r Az\u0259rbaycana m\u0259xsusdur v\u0259 m\u00fctl\u0259q t\u0259hvil verilm\u0259lidir. Onun s\u00f6zl\u0259rin\u0259 g\u00f6r\u0259, Erm\u0259nistan x\u0259rit\u0259sind\u0259 el\u0259 k\u0259ndl\u0259r yoxdur. Ba\u015f nazir Nikol Pa\u015finyan is\u0259 \u00fcmumiyy\u0259tl\u0259, Az\u0259rbaycana qaytar\u0131lmal\u0131 olan s\u0259kkiz deyil, d\u00f6rd k\u0259ndin ad\u0131n\u0131 \u00e7\u0259kir. Erm\u0259ni ba\u015f nazir qeyd edib ki, anklavda olmayan&hellip;<\/p>\n","protected":false},"author":2,"featured_media":710789,"comment_status":"closed","ping_status":"closed","sticky":false,"template":"","format":"standard","meta":{"om_disable_all_campaigns":false,"_monsterinsights_skip_tracking":false,"_monsterinsights_sitenote_active":false,"_monsterinsights_sitenote_note":"","_monsterinsights_sitenote_category":0},"categories":[19],"tags":[],"aioseo_notices":[],"gutentor_comment":0,"rttpg_featured_image_url":{"full":["https:\/\/arantv.az\/wp-content\/uploads\/2024\/04\/FotoJet-23-2.jpg",620,413,false],"landscape":["https:\/\/arantv.az\/wp-content\/uploads\/2024\/04\/FotoJet-23-2.jpg",620,413,false],"portraits":["https:\/\/arantv.az\/wp-content\/uploads\/2024\/04\/FotoJet-23-2.jpg",620,413,false],"thumbnail":["https:\/\/arantv.az\/wp-content\/uploads\/2024\/04\/FotoJet-23-2-500x280.jpg",500,280,true],"medium":["https:\/\/arantv.az\/wp-content\/uploads\/2024\/04\/FotoJet-23-2-548x365.jpg",548,365,true],"large":["https:\/\/arantv.az\/wp-content\/uploads\/2024\/04\/FotoJet-23-2.jpg",620,413,false],"1536x1536":["https:\/\/arantv.az\/wp-content\/uploads\/2024\/04\/FotoJet-23-2.jpg",620,413,false],"2048x2048":["https:\/\/arantv.az\/wp-content\/uploads\/2024\/04\/FotoJet-23-2.jpg",620,413,false],"post-thumbnail":["https:\/\/arantv.az\/wp-content\/uploads\/2024\/04\/FotoJet-23-2-240x172.jpg",240,172,true],"advps-thumb-one":["https:\/\/arantv.az\/wp-content\/uploads\/2024\/04\/FotoJet-23-2.jpg",620,413,false]},"rttpg_author":{"display_name":"V\u00fcsal Rafiqo\u011flu","author_link":"https:\/\/arantv.az\/?author=2"},"rttpg_comment":0,"rttpg_category":"<a href=\"https:\/\/arantv.az\/?cat=19\" rel=\"category\">G\u00fcnd\u0259m<\/a>","rttpg_excerpt":"Qazax\u0131n i\u015f\u011fal alt\u0131nda qalan k\u0259ndl\u0259ri il\u0259 ba\u011fl\u0131 Erm\u0259nistan t\u0259r\u0259finin qeyri-m\u00fc\u0259yy\u0259nliyi davam edir. \u00d6lk\u0259 m\u00fcxalif\u0259ti bir yana, h\u00f6kum\u0259tin \u00f6z\u00fcnd\u0259 d\u0259 bu bar\u0259d\u0259 yekdil fikir yoxdur. Bununla yana\u015f\u0131, Erm\u0259nistan T\u0259hl\u00fck\u0259sizlik \u015euras\u0131n\u0131n katibi Armen Qriqoryan anklavlarla ba\u011fl\u0131 m\u00fczakir\u0259l\u0259rin getm\u0259diyini deyib. \u00dcmumiyy\u0259tl\u0259, A.Qriqoryan k\u0259ndl\u0259rl\u0259 ba\u011fl\u0131 v\u0259ziyy\u0259ti q\u0259lizl\u0259\u015fdir\u0259c\u0259k m\u00f6vqe s\u0259rgil\u0259yir. Parlamentin s\u0259dri Alen Simonyan bildirib ki, bu k\u0259ndl\u0259r Az\u0259rbaycana m\u0259xsusdur&hellip;","_links":{"self":[{"href":"https:\/\/arantv.az\/index.php?rest_route=\/wp\/v2\/posts\/710788"}],"collection":[{"href":"https:\/\/arantv.az\/index.php?rest_route=\/wp\/v2\/posts"}],"about":[{"href":"https:\/\/arantv.az\/index.php?rest_route=\/wp\/v2\/types\/post"}],"author":[{"embeddable":true,"href":"https:\/\/arantv.az\/index.php?rest_route=\/wp\/v2\/users\/2"}],"replies":[{"embeddable":true,"href":"https:\/\/arantv.az\/index.php?rest_route=%2Fwp%2Fv2%2Fcomments&post=710788"}],"version-history":[{"count":0,"href":"https:\/\/arantv.az\/index.php?rest_route=\/wp\/v2\/posts\/710788\/revisions"}],"wp:featuredmedia":[{"embeddable":true,"href":"https:\/\/arantv.az\/index.php?rest_route=\/wp\/v2\/media\/710789"}],"wp:attachment":[{"href":"https:\/\/arantv.az\/index.php?rest_route=%2Fwp%2Fv2%2Fmedia&parent=710788"}],"wp:term":[{"taxonomy":"category","embeddable":true,"href":"https:\/\/arantv.az\/index.php?rest_route=%2Fwp%2Fv2%2Fcategories&post=710788"},{"taxonomy":"post_tag","embeddable":true,"href":"https:\/\/arantv.az\/index.php?rest_route=%2Fwp%2Fv2%2Ftags&post=710788"}],"curies":[{"name":"wp","href":"https:\/\/api.w.org\/{rel}","templated":true}]}}