{"id":710855,"date":"2024-04-12T11:24:45","date_gmt":"2024-04-12T07:24:45","guid":{"rendered":"https:\/\/arantv.az\/?p=710855"},"modified":"2024-04-12T11:24:45","modified_gmt":"2024-04-12T07:24:45","slug":"xocav%c9%99nd-%c9%99m%c9%99liyyatinda-sag-qalan-yegan%c9%99-k%c9%99sfiyyatci-m%c9%99n%c9%99-boyuk-isg%c9%99nc%c9%99l%c9%99r-verilirdi","status":"publish","type":"post","link":"https:\/\/arantv.az\/?p=710855","title":{"rendered":"\u201cXocav\u0259nd \u0259m\u0259liyyat\u0131\u201dnda sa\u011f qalan yegan\u0259 k\u0259\u015ffiyyat\u00e7\u0131: \u201cM\u0259n\u0259 b\u00f6y\u00fck i\u015fg\u0259nc\u0259l\u0259r verilirdi\u201d"},"content":{"rendered":"<p>\u201cBir\u00a0il 11 ay \u0259sirlikd\u0259 oldu\u011fum zaman a\u011f\u0131r yaral\u0131 olma\u011f\u0131ma baxmayaraq, erm\u0259nil\u0259r t\u0259r\u0259find\u0259n m\u0259n\u0259 b\u00f6y\u00fck i\u015fg\u0259nc\u0259l\u0259r verilirdi\u201d.<\/p>\n<p>Bunu\u00a0\u201dReport\u201dun \u0259m\u0259kda\u015f\u0131na a\u00e7\u0131qlamas\u0131nda \u201cXocav\u0259nd \u0259m\u0259liyyat\u0131\u201dnda sa\u011f qalan yegan\u0259 k\u0259\u015ffiyyat\u00e7\u0131 Aqil \u018fhm\u0259dov deyib.<\/p>\n<p>\u201c1997-ci ilin aprelind\u0259 t\u0259xmin\u0259n bu saatlarda yeddi qarda\u015f\u0131m \u015f\u0259hid olub. M\u0259n is\u0259 a\u011f\u0131r yaralanm\u0131\u015fd\u0131m. Hu\u015fsuz v\u0259ziyy\u0259td\u0259 d\u00fc\u015fm\u0259n t\u0259r\u0259find\u0259n \u0259sir g\u00f6t\u00fcr\u00fclm\u00fc\u015fd\u00fcm. Bir\u00a0il 11 ay m\u00fcdd\u0259tind\u0259 \u0259sirlikd\u0259 saxlan\u0131ld\u0131m. Alt\u0131\u00a0ay sonra ulu \u00f6nd\u0259r Heyd\u0259r \u018fliyevin s\u0259yi il\u0259 \u015f\u0259hid qarda\u015flar\u0131m\u0131n n\u0259\u015fi d\u00fc\u015fm\u0259nd\u0259n geri al\u0131nd\u0131. 1999-cu ilin mart\u0131nda Heyd\u0259r \u018fliyevin t\u0259kidi il\u0259 \u0259sirlikd\u0259n azad olundum\u201d, &#8211; dey\u0259 o bildirib.<\/p>\n<p>Aqil \u018fhm\u0259dov \u0259lav\u0259 edib ki, art\u0131q bir ne\u00e7\u0259 d\u0259f\u0259dir buran\u0131 ziyar\u0259t edir:<\/p>\n<p>\u201cH\u0259r ziyar\u0259timd\u0259 m\u0259nd\u0259 eyni hissl\u0259r olur\u201d.<\/p>\n","protected":false},"excerpt":{"rendered":"<p>\u201cBir\u00a0il 11 ay \u0259sirlikd\u0259 oldu\u011fum zaman a\u011f\u0131r yaral\u0131 olma\u011f\u0131ma baxmayaraq, erm\u0259nil\u0259r t\u0259r\u0259find\u0259n m\u0259n\u0259 b\u00f6y\u00fck i\u015fg\u0259nc\u0259l\u0259r verilirdi\u201d. Bunu\u00a0\u201dReport\u201dun \u0259m\u0259kda\u015f\u0131na a\u00e7\u0131qlamas\u0131nda \u201cXocav\u0259nd \u0259m\u0259liyyat\u0131\u201dnda sa\u011f qalan yegan\u0259 k\u0259\u015ffiyyat\u00e7\u0131 Aqil \u018fhm\u0259dov deyib. \u201c1997-ci ilin aprelind\u0259 t\u0259xmin\u0259n bu saatlarda yeddi qarda\u015f\u0131m \u015f\u0259hid olub. M\u0259n is\u0259 a\u011f\u0131r yaralanm\u0131\u015fd\u0131m. Hu\u015fsuz v\u0259ziyy\u0259td\u0259 d\u00fc\u015fm\u0259n t\u0259r\u0259find\u0259n \u0259sir g\u00f6t\u00fcr\u00fclm\u00fc\u015fd\u00fcm. Bir\u00a0il 11 ay m\u00fcdd\u0259tind\u0259 \u0259sirlikd\u0259 saxlan\u0131ld\u0131m. Alt\u0131\u00a0ay sonra ulu \u00f6nd\u0259r Heyd\u0259r \u018fliyevin s\u0259yi il\u0259 \u015f\u0259hid qarda\u015flar\u0131m\u0131n n\u0259\u015fi d\u00fc\u015fm\u0259nd\u0259n geri al\u0131nd\u0131. 1999-cu ilin mart\u0131nda Heyd\u0259r \u018fliyevin t\u0259kidi il\u0259 \u0259sirlikd\u0259n azad olundum\u201d, &#8211; dey\u0259 o bildirib. Aqil \u018fhm\u0259dov \u0259lav\u0259 edib ki, art\u0131q bir ne\u00e7\u0259&hellip;<\/p>\n","protected":false},"author":2,"featured_media":710856,"comment_status":"closed","ping_status":"closed","sticky":false,"template":"","format":"standard","meta":{"om_disable_all_campaigns":false,"_monsterinsights_skip_tracking":false,"_monsterinsights_sitenote_active":false,"_monsterinsights_sitenote_note":"","_monsterinsights_sitenote_category":0},"categories":[10],"tags":[],"aioseo_notices":[],"gutentor_comment":0,"rttpg_featured_image_url":{"full":["https:\/\/arantv.az\/wp-content\/uploads\/2024\/04\/85bcce6b-cfcc-3791-ac32-37c613d68d58_850.jpg",620,413,false],"landscape":["https:\/\/arantv.az\/wp-content\/uploads\/2024\/04\/85bcce6b-cfcc-3791-ac32-37c613d68d58_850.jpg",620,413,false],"portraits":["https:\/\/arantv.az\/wp-content\/uploads\/2024\/04\/85bcce6b-cfcc-3791-ac32-37c613d68d58_850.jpg",620,413,false],"thumbnail":["https:\/\/arantv.az\/wp-content\/uploads\/2024\/04\/85bcce6b-cfcc-3791-ac32-37c613d68d58_850-500x280.jpg",500,280,true],"medium":["https:\/\/arantv.az\/wp-content\/uploads\/2024\/04\/85bcce6b-cfcc-3791-ac32-37c613d68d58_850-548x365.jpg",548,365,true],"large":["https:\/\/arantv.az\/wp-content\/uploads\/2024\/04\/85bcce6b-cfcc-3791-ac32-37c613d68d58_850.jpg",620,413,false],"1536x1536":["https:\/\/arantv.az\/wp-content\/uploads\/2024\/04\/85bcce6b-cfcc-3791-ac32-37c613d68d58_850.jpg",620,413,false],"2048x2048":["https:\/\/arantv.az\/wp-content\/uploads\/2024\/04\/85bcce6b-cfcc-3791-ac32-37c613d68d58_850.jpg",620,413,false],"post-thumbnail":["https:\/\/arantv.az\/wp-content\/uploads\/2024\/04\/85bcce6b-cfcc-3791-ac32-37c613d68d58_850-240x172.jpg",240,172,true],"advps-thumb-one":["https:\/\/arantv.az\/wp-content\/uploads\/2024\/04\/85bcce6b-cfcc-3791-ac32-37c613d68d58_850.jpg",620,413,false]},"rttpg_author":{"display_name":"V\u00fcsal Rafiqo\u011flu","author_link":"https:\/\/arantv.az\/?author=2"},"rttpg_comment":0,"rttpg_category":"<a href=\"https:\/\/arantv.az\/?cat=10\" rel=\"category\">C\u0259bh\u0259d\u0259n X\u0259b\u0259r<\/a>","rttpg_excerpt":"\u201cBir\u00a0il 11 ay \u0259sirlikd\u0259 oldu\u011fum zaman a\u011f\u0131r yaral\u0131 olma\u011f\u0131ma baxmayaraq, erm\u0259nil\u0259r t\u0259r\u0259find\u0259n m\u0259n\u0259 b\u00f6y\u00fck i\u015fg\u0259nc\u0259l\u0259r verilirdi\u201d. Bunu\u00a0\u201dReport\u201dun \u0259m\u0259kda\u015f\u0131na a\u00e7\u0131qlamas\u0131nda \u201cXocav\u0259nd \u0259m\u0259liyyat\u0131\u201dnda sa\u011f qalan yegan\u0259 k\u0259\u015ffiyyat\u00e7\u0131 Aqil \u018fhm\u0259dov deyib. \u201c1997-ci ilin aprelind\u0259 t\u0259xmin\u0259n bu saatlarda yeddi qarda\u015f\u0131m \u015f\u0259hid olub. M\u0259n is\u0259 a\u011f\u0131r yaralanm\u0131\u015fd\u0131m. Hu\u015fsuz v\u0259ziyy\u0259td\u0259 d\u00fc\u015fm\u0259n t\u0259r\u0259find\u0259n \u0259sir g\u00f6t\u00fcr\u00fclm\u00fc\u015fd\u00fcm. Bir\u00a0il 11 ay m\u00fcdd\u0259tind\u0259 \u0259sirlikd\u0259 saxlan\u0131ld\u0131m. Alt\u0131\u00a0ay&hellip;","_links":{"self":[{"href":"https:\/\/arantv.az\/index.php?rest_route=\/wp\/v2\/posts\/710855"}],"collection":[{"href":"https:\/\/arantv.az\/index.php?rest_route=\/wp\/v2\/posts"}],"about":[{"href":"https:\/\/arantv.az\/index.php?rest_route=\/wp\/v2\/types\/post"}],"author":[{"embeddable":true,"href":"https:\/\/arantv.az\/index.php?rest_route=\/wp\/v2\/users\/2"}],"replies":[{"embeddable":true,"href":"https:\/\/arantv.az\/index.php?rest_route=%2Fwp%2Fv2%2Fcomments&post=710855"}],"version-history":[{"count":0,"href":"https:\/\/arantv.az\/index.php?rest_route=\/wp\/v2\/posts\/710855\/revisions"}],"wp:featuredmedia":[{"embeddable":true,"href":"https:\/\/arantv.az\/index.php?rest_route=\/wp\/v2\/media\/710856"}],"wp:attachment":[{"href":"https:\/\/arantv.az\/index.php?rest_route=%2Fwp%2Fv2%2Fmedia&parent=710855"}],"wp:term":[{"taxonomy":"category","embeddable":true,"href":"https:\/\/arantv.az\/index.php?rest_route=%2Fwp%2Fv2%2Fcategories&post=710855"},{"taxonomy":"post_tag","embeddable":true,"href":"https:\/\/arantv.az\/index.php?rest_route=%2Fwp%2Fv2%2Ftags&post=710855"}],"curies":[{"name":"wp","href":"https:\/\/api.w.org\/{rel}","templated":true}]}}