{"id":710863,"date":"2024-04-12T11:54:55","date_gmt":"2024-04-12T07:54:55","guid":{"rendered":"https:\/\/arantv.az\/?p=710863"},"modified":"2024-04-12T11:54:55","modified_gmt":"2024-04-12T07:54:55","slug":"s%c9%99hid-k%c9%99sfiyyatcinin-anasi-onlar-olmasaydi-v%c9%99t%c9%99nimiz-%c9%99ld%c9%99n-ged%c9%99rdi","status":"publish","type":"post","link":"https:\/\/arantv.az\/?p=710863","title":{"rendered":"\u015e\u0259hid k\u0259\u015ffiyyat\u00e7\u0131n\u0131n anas\u0131: \u201cOnlar olmasayd\u0131, V\u0259t\u0259nimiz \u0259ld\u0259n ged\u0259rdi\u201d"},"content":{"rendered":"<p>\u201c\u015e\u0259hidl\u0259rimiz olmasayd\u0131, V\u0259t\u0259nimiz \u0259ld\u0259n ged\u0259rdi\u201d.<\/p>\n<p>Bunu \u201cReport\u201dun Xocav\u0259nd rayonuna ezam olunmu\u015f \u0259m\u0259kda\u015f\u0131na a\u00e7\u0131qlamas\u0131nda \u201cXocav\u0259nd \u0259m\u0259liyyat\u0131\u201dnda \u015f\u0259hid olan Anar Rzayevin anas\u0131 Siyaf\u0259t Rzayeva deyib.<\/p>\n<p>O, Ali Ba\u015f Komandan, Prezident \u0130lham \u018fliyevin q\u0259tiyy\u0259ti, Az\u0259rbaycan Ordusunun \u015f\u00fcca\u0259ti, \u015f\u0259hidl\u0259rin v\u0259 qazil\u0259rin can\u0131, qan\u0131 bahas\u0131na 44 g\u00fcnl\u00fck V\u0259t\u0259n m\u00fcharib\u0259sind\u0259 tarixi q\u0259l\u0259b\u0259 qazan\u0131ld\u0131\u011f\u0131n\u0131 bildirib:<\/p>\n<p>\u201cM\u0259hz h\u0259min q\u0259l\u0259b\u0259nin say\u0259sind\u0259 \u00f6vladlar\u0131m\u0131z\u0131n \u015f\u0259hidliy\u0259 ucald\u0131\u011f\u0131 yerl\u0259ri ziyar\u0259t edirik. \u015e\u0259hidl\u0259rin ham\u0131s\u0131 bizim \u00f6vladlar\u0131m\u0131zd\u0131r. Biz \u00f6vladlar\u0131m\u0131z\u0131 he\u00e7 bir \u015f\u0259hidd\u0259n se\u00e7m\u0259mi\u015fik. \u015e\u0259hidl\u0259rimiz olmasayd\u0131, b\u0259lk\u0259 d\u0259, V\u0259t\u0259nimiz \u0259ld\u0259n ged\u0259rdi\u201d.<\/p>\n<p>S.Rzayeva qeyd edib ki, m\u00fcharib\u0259 vaxt\u0131 o\u011flu universitetd\u0259 oxuyurdu: \u201cM\u0259n\u0259 dedi ki, ana v\u0259 bac\u0131lar\u0131m\u0131z erm\u0259ni \u0259lind\u0259dir, bizim burada qalma\u011f\u0131m\u0131z\u0131n m\u0259nas\u0131 yoxdur. Allah onlar\u0131n h\u0259r birin\u0259 r\u0259hm\u0259t el\u0259sin\u201d.<\/p>\n<p>\u201cXocav\u0259nd \u0259m\u0259liyyat\u0131\u201dnda \u015f\u0259hid olan Nizami \u018fl\u0259kb\u0259rovun bac\u0131s\u0131 M\u0259tan\u0259t \u018fs\u0259dova is\u0259 deyib ki, qarda\u015f\u0131n\u0131n qism\u0259tind\u0259 \u015f\u0259hidlik zirv\u0259sin\u0259 ucalmaq varm\u0131\u015f: \u201cO deyirdi ki, torpaqlar\u0131m\u0131z d\u00fc\u015fm\u0259nin tapda\u011f\u0131 alt\u0131ndad\u0131r, onu azad etm\u0259liyik. Qarda\u015f\u0131m dostlar\u0131 il\u0259 birlikd\u0259 q\u0259hr\u0259manl\u0131q g\u00f6st\u0259r\u0259r\u0259k \u015f\u0259hid olub\u201d.<\/p>\n<p>\u015e\u0259hid Dinar Mustafayevin bac\u0131s\u0131 \u015e\u0259f\u0259q Mustafayeva art\u0131q d\u00f6rd\u00fcnc\u00fc d\u0259f\u0259dir qarda\u015f\u0131n\u0131n \u015f\u0259hid oldu\u011fu yeri ziyar\u0259t edir: \u201cBiz qarda\u015f\u0131m\u0131n \u015f\u0259hid olmas\u0131 x\u0259b\u0259rini iki ay sonra \u00f6yr\u0259ndik. Bu m\u00fcdd\u0259t \u0259rzind\u0259 ondan x\u0259b\u0259r tuta bilmirdik. Qarda\u015f\u0131m d\u00fcnyan\u0131n ac\u0131 v\u0259 \u015firinliyini dadmam\u0131\u015f, 20 ya\u015f\u0131nda \u015f\u0259hid olub. Bu g\u00fcn biz\u0259 t\u0259s\u0259lli qarda\u015f\u0131m\u0131n \u015f\u0259hid oldu\u011fu yeri ziyar\u0259t etm\u0259kdir. D\u00f6vl\u0259timiz t\u0259r\u0259find\u0259n ona m\u0259nzil d\u0259 verilib. B\u00fct\u00fcn bunlar biz\u0259 t\u0259s\u0259llidir\u201d.<\/p>\n<p>Qeyd ed\u0259k ki, Xocav\u0259nd \u0259m\u0259liyyat\u0131 7 aprel 1997-ci ild\u0259 ke\u00e7irilib.<\/p>\n","protected":false},"excerpt":{"rendered":"<p>\u201c\u015e\u0259hidl\u0259rimiz olmasayd\u0131, V\u0259t\u0259nimiz \u0259ld\u0259n ged\u0259rdi\u201d. Bunu \u201cReport\u201dun Xocav\u0259nd rayonuna ezam olunmu\u015f \u0259m\u0259kda\u015f\u0131na a\u00e7\u0131qlamas\u0131nda \u201cXocav\u0259nd \u0259m\u0259liyyat\u0131\u201dnda \u015f\u0259hid olan Anar Rzayevin anas\u0131 Siyaf\u0259t Rzayeva deyib. O, Ali Ba\u015f Komandan, Prezident \u0130lham \u018fliyevin q\u0259tiyy\u0259ti, Az\u0259rbaycan Ordusunun \u015f\u00fcca\u0259ti, \u015f\u0259hidl\u0259rin v\u0259 qazil\u0259rin can\u0131, qan\u0131 bahas\u0131na 44 g\u00fcnl\u00fck V\u0259t\u0259n m\u00fcharib\u0259sind\u0259 tarixi q\u0259l\u0259b\u0259 qazan\u0131ld\u0131\u011f\u0131n\u0131 bildirib: \u201cM\u0259hz h\u0259min q\u0259l\u0259b\u0259nin say\u0259sind\u0259 \u00f6vladlar\u0131m\u0131z\u0131n \u015f\u0259hidliy\u0259 ucald\u0131\u011f\u0131 yerl\u0259ri ziyar\u0259t edirik. \u015e\u0259hidl\u0259rin ham\u0131s\u0131 bizim \u00f6vladlar\u0131m\u0131zd\u0131r. Biz \u00f6vladlar\u0131m\u0131z\u0131 he\u00e7 bir \u015f\u0259hidd\u0259n se\u00e7m\u0259mi\u015fik. \u015e\u0259hidl\u0259rimiz olmasayd\u0131, b\u0259lk\u0259 d\u0259, V\u0259t\u0259nimiz \u0259ld\u0259n ged\u0259rdi\u201d. S.Rzayeva qeyd edib ki, m\u00fcharib\u0259 vaxt\u0131 o\u011flu universitetd\u0259 oxuyurdu: \u201cM\u0259n\u0259 dedi ki, ana v\u0259 bac\u0131lar\u0131m\u0131z&hellip;<\/p>\n","protected":false},"author":2,"featured_media":710864,"comment_status":"closed","ping_status":"closed","sticky":false,"template":"","format":"standard","meta":{"om_disable_all_campaigns":false,"_monsterinsights_skip_tracking":false,"_monsterinsights_sitenote_active":false,"_monsterinsights_sitenote_note":"","_monsterinsights_sitenote_category":0},"categories":[1],"tags":[],"aioseo_notices":[],"gutentor_comment":0,"rttpg_featured_image_url":{"full":["https:\/\/arantv.az\/wp-content\/uploads\/2024\/04\/86942128-03d0-314d-a117-97a74ddfa105_850.jpg",620,413,false],"landscape":["https:\/\/arantv.az\/wp-content\/uploads\/2024\/04\/86942128-03d0-314d-a117-97a74ddfa105_850.jpg",620,413,false],"portraits":["https:\/\/arantv.az\/wp-content\/uploads\/2024\/04\/86942128-03d0-314d-a117-97a74ddfa105_850.jpg",620,413,false],"thumbnail":["https:\/\/arantv.az\/wp-content\/uploads\/2024\/04\/86942128-03d0-314d-a117-97a74ddfa105_850-500x280.jpg",500,280,true],"medium":["https:\/\/arantv.az\/wp-content\/uploads\/2024\/04\/86942128-03d0-314d-a117-97a74ddfa105_850-548x365.jpg",548,365,true],"large":["https:\/\/arantv.az\/wp-content\/uploads\/2024\/04\/86942128-03d0-314d-a117-97a74ddfa105_850.jpg",620,413,false],"1536x1536":["https:\/\/arantv.az\/wp-content\/uploads\/2024\/04\/86942128-03d0-314d-a117-97a74ddfa105_850.jpg",620,413,false],"2048x2048":["https:\/\/arantv.az\/wp-content\/uploads\/2024\/04\/86942128-03d0-314d-a117-97a74ddfa105_850.jpg",620,413,false],"post-thumbnail":["https:\/\/arantv.az\/wp-content\/uploads\/2024\/04\/86942128-03d0-314d-a117-97a74ddfa105_850-240x172.jpg",240,172,true],"advps-thumb-one":["https:\/\/arantv.az\/wp-content\/uploads\/2024\/04\/86942128-03d0-314d-a117-97a74ddfa105_850.jpg",620,413,false]},"rttpg_author":{"display_name":"V\u00fcsal Rafiqo\u011flu","author_link":"https:\/\/arantv.az\/?author=2"},"rttpg_comment":0,"rttpg_category":"<a href=\"https:\/\/arantv.az\/?cat=1\" rel=\"category\">C\u0259miyy\u0259t<\/a>","rttpg_excerpt":"\u201c\u015e\u0259hidl\u0259rimiz olmasayd\u0131, V\u0259t\u0259nimiz \u0259ld\u0259n ged\u0259rdi\u201d. Bunu \u201cReport\u201dun Xocav\u0259nd rayonuna ezam olunmu\u015f \u0259m\u0259kda\u015f\u0131na a\u00e7\u0131qlamas\u0131nda \u201cXocav\u0259nd \u0259m\u0259liyyat\u0131\u201dnda \u015f\u0259hid olan Anar Rzayevin anas\u0131 Siyaf\u0259t Rzayeva deyib. O, Ali Ba\u015f Komandan, Prezident \u0130lham \u018fliyevin q\u0259tiyy\u0259ti, Az\u0259rbaycan Ordusunun \u015f\u00fcca\u0259ti, \u015f\u0259hidl\u0259rin v\u0259 qazil\u0259rin can\u0131, qan\u0131 bahas\u0131na 44 g\u00fcnl\u00fck V\u0259t\u0259n m\u00fcharib\u0259sind\u0259 tarixi q\u0259l\u0259b\u0259 qazan\u0131ld\u0131\u011f\u0131n\u0131 bildirib: \u201cM\u0259hz h\u0259min q\u0259l\u0259b\u0259nin say\u0259sind\u0259 \u00f6vladlar\u0131m\u0131z\u0131n \u015f\u0259hidliy\u0259 ucald\u0131\u011f\u0131&hellip;","_links":{"self":[{"href":"https:\/\/arantv.az\/index.php?rest_route=\/wp\/v2\/posts\/710863"}],"collection":[{"href":"https:\/\/arantv.az\/index.php?rest_route=\/wp\/v2\/posts"}],"about":[{"href":"https:\/\/arantv.az\/index.php?rest_route=\/wp\/v2\/types\/post"}],"author":[{"embeddable":true,"href":"https:\/\/arantv.az\/index.php?rest_route=\/wp\/v2\/users\/2"}],"replies":[{"embeddable":true,"href":"https:\/\/arantv.az\/index.php?rest_route=%2Fwp%2Fv2%2Fcomments&post=710863"}],"version-history":[{"count":0,"href":"https:\/\/arantv.az\/index.php?rest_route=\/wp\/v2\/posts\/710863\/revisions"}],"wp:featuredmedia":[{"embeddable":true,"href":"https:\/\/arantv.az\/index.php?rest_route=\/wp\/v2\/media\/710864"}],"wp:attachment":[{"href":"https:\/\/arantv.az\/index.php?rest_route=%2Fwp%2Fv2%2Fmedia&parent=710863"}],"wp:term":[{"taxonomy":"category","embeddable":true,"href":"https:\/\/arantv.az\/index.php?rest_route=%2Fwp%2Fv2%2Fcategories&post=710863"},{"taxonomy":"post_tag","embeddable":true,"href":"https:\/\/arantv.az\/index.php?rest_route=%2Fwp%2Fv2%2Ftags&post=710863"}],"curies":[{"name":"wp","href":"https:\/\/api.w.org\/{rel}","templated":true}]}}