{"id":710866,"date":"2024-04-12T11:55:24","date_gmt":"2024-04-12T07:55:24","guid":{"rendered":"https:\/\/arantv.az\/?p=710866"},"modified":"2024-04-12T11:55:24","modified_gmt":"2024-04-12T07:55:24","slug":"minskd%c9%99-mdb-olk%c9%99l%c9%99rinin-xarici-isl%c9%99r-nazirl%c9%99ri-surasinin-iclasi-baslayib","status":"publish","type":"post","link":"https:\/\/arantv.az\/?p=710866","title":{"rendered":"Minskd\u0259 MDB \u00f6lk\u0259l\u0259rinin Xarici \u0130\u015fl\u0259r Nazirl\u0259ri \u015euras\u0131n\u0131n iclas\u0131 ba\u015flay\u0131b"},"content":{"rendered":"<p>Minskd\u0259 M\u00fcst\u0259qil D\u00f6vl\u0259tl\u0259r Birliyi \u00f6lk\u0259l\u0259rinin Xarici \u0130\u015fl\u0259r Nazirl\u0259ri \u015euras\u0131n\u0131n iclas\u0131 ba\u015flay\u0131b.<\/p>\n<p>Bu bar\u0259d\u0259 Az\u0259rbaycan\u0131n Belarusdak\u0131 s\u0259firliyi m\u0259lumat yay\u0131b.<\/p>\n<p>M\u0259lumata g\u00f6r\u0259, iclas zaman\u0131 g\u00fcnd\u0259md\u0259 dayanan m\u0259s\u0259l\u0259l\u0259rin m\u00fczakir\u0259si il\u0259 yana\u015f\u0131 \u201cCrocus\u201dda t\u00f6r\u0259dil\u0259n terror akt\u0131 il\u0259 ba\u011fl\u0131 birg\u0259 b\u0259yanat\u0131n verilm\u0259si planla\u015fd\u0131r\u0131l\u0131r.<\/p>\n","protected":false},"excerpt":{"rendered":"<p>Minskd\u0259 M\u00fcst\u0259qil D\u00f6vl\u0259tl\u0259r Birliyi \u00f6lk\u0259l\u0259rinin Xarici \u0130\u015fl\u0259r Nazirl\u0259ri \u015euras\u0131n\u0131n iclas\u0131 ba\u015flay\u0131b. Bu bar\u0259d\u0259 Az\u0259rbaycan\u0131n Belarusdak\u0131 s\u0259firliyi m\u0259lumat yay\u0131b. M\u0259lumata g\u00f6r\u0259, iclas zaman\u0131 g\u00fcnd\u0259md\u0259 dayanan m\u0259s\u0259l\u0259l\u0259rin m\u00fczakir\u0259si il\u0259 yana\u015f\u0131 \u201cCrocus\u201dda t\u00f6r\u0259dil\u0259n terror akt\u0131 il\u0259 ba\u011fl\u0131 birg\u0259 b\u0259yanat\u0131n verilm\u0259si planla\u015fd\u0131r\u0131l\u0131r.<\/p>\n","protected":false},"author":2,"featured_media":710867,"comment_status":"closed","ping_status":"closed","sticky":false,"template":"","format":"standard","meta":{"om_disable_all_campaigns":false,"_monsterinsights_skip_tracking":false,"_monsterinsights_sitenote_active":false,"_monsterinsights_sitenote_note":"","_monsterinsights_sitenote_category":0},"categories":[4],"tags":[],"aioseo_notices":[],"gutentor_comment":0,"rttpg_featured_image_url":{"full":["https:\/\/arantv.az\/wp-content\/uploads\/2024\/04\/FotoJet-2024-04-12T114052.839.jpg",620,413,false],"landscape":["https:\/\/arantv.az\/wp-content\/uploads\/2024\/04\/FotoJet-2024-04-12T114052.839.jpg",620,413,false],"portraits":["https:\/\/arantv.az\/wp-content\/uploads\/2024\/04\/FotoJet-2024-04-12T114052.839.jpg",620,413,false],"thumbnail":["https:\/\/arantv.az\/wp-content\/uploads\/2024\/04\/FotoJet-2024-04-12T114052.839-500x280.jpg",500,280,true],"medium":["https:\/\/arantv.az\/wp-content\/uploads\/2024\/04\/FotoJet-2024-04-12T114052.839-548x365.jpg",548,365,true],"large":["https:\/\/arantv.az\/wp-content\/uploads\/2024\/04\/FotoJet-2024-04-12T114052.839.jpg",620,413,false],"1536x1536":["https:\/\/arantv.az\/wp-content\/uploads\/2024\/04\/FotoJet-2024-04-12T114052.839.jpg",620,413,false],"2048x2048":["https:\/\/arantv.az\/wp-content\/uploads\/2024\/04\/FotoJet-2024-04-12T114052.839.jpg",620,413,false],"post-thumbnail":["https:\/\/arantv.az\/wp-content\/uploads\/2024\/04\/FotoJet-2024-04-12T114052.839-240x172.jpg",240,172,true],"advps-thumb-one":["https:\/\/arantv.az\/wp-content\/uploads\/2024\/04\/FotoJet-2024-04-12T114052.839.jpg",620,413,false]},"rttpg_author":{"display_name":"V\u00fcsal Rafiqo\u011flu","author_link":"https:\/\/arantv.az\/?author=2"},"rttpg_comment":0,"rttpg_category":"<a href=\"https:\/\/arantv.az\/?cat=4\" rel=\"category\">Siyas\u0259t<\/a>","rttpg_excerpt":"Minskd\u0259 M\u00fcst\u0259qil D\u00f6vl\u0259tl\u0259r Birliyi \u00f6lk\u0259l\u0259rinin Xarici \u0130\u015fl\u0259r Nazirl\u0259ri \u015euras\u0131n\u0131n iclas\u0131 ba\u015flay\u0131b. Bu bar\u0259d\u0259 Az\u0259rbaycan\u0131n Belarusdak\u0131 s\u0259firliyi m\u0259lumat yay\u0131b. M\u0259lumata g\u00f6r\u0259, iclas zaman\u0131 g\u00fcnd\u0259md\u0259 dayanan m\u0259s\u0259l\u0259l\u0259rin m\u00fczakir\u0259si il\u0259 yana\u015f\u0131 \u201cCrocus\u201dda t\u00f6r\u0259dil\u0259n terror akt\u0131 il\u0259 ba\u011fl\u0131 birg\u0259 b\u0259yanat\u0131n verilm\u0259si planla\u015fd\u0131r\u0131l\u0131r.","_links":{"self":[{"href":"https:\/\/arantv.az\/index.php?rest_route=\/wp\/v2\/posts\/710866"}],"collection":[{"href":"https:\/\/arantv.az\/index.php?rest_route=\/wp\/v2\/posts"}],"about":[{"href":"https:\/\/arantv.az\/index.php?rest_route=\/wp\/v2\/types\/post"}],"author":[{"embeddable":true,"href":"https:\/\/arantv.az\/index.php?rest_route=\/wp\/v2\/users\/2"}],"replies":[{"embeddable":true,"href":"https:\/\/arantv.az\/index.php?rest_route=%2Fwp%2Fv2%2Fcomments&post=710866"}],"version-history":[{"count":0,"href":"https:\/\/arantv.az\/index.php?rest_route=\/wp\/v2\/posts\/710866\/revisions"}],"wp:featuredmedia":[{"embeddable":true,"href":"https:\/\/arantv.az\/index.php?rest_route=\/wp\/v2\/media\/710867"}],"wp:attachment":[{"href":"https:\/\/arantv.az\/index.php?rest_route=%2Fwp%2Fv2%2Fmedia&parent=710866"}],"wp:term":[{"taxonomy":"category","embeddable":true,"href":"https:\/\/arantv.az\/index.php?rest_route=%2Fwp%2Fv2%2Fcategories&post=710866"},{"taxonomy":"post_tag","embeddable":true,"href":"https:\/\/arantv.az\/index.php?rest_route=%2Fwp%2Fv2%2Ftags&post=710866"}],"curies":[{"name":"wp","href":"https:\/\/api.w.org\/{rel}","templated":true}]}}