{"id":711252,"date":"2024-04-15T12:08:01","date_gmt":"2024-04-15T08:08:01","guid":{"rendered":"https:\/\/arantv.az\/?p=711252"},"modified":"2024-04-15T12:08:01","modified_gmt":"2024-04-15T08:08:01","slug":"15-aprel-beyn%c9%99lxalq-m%c9%99d%c9%99niyy%c9%99t-gunudur","status":"publish","type":"post","link":"https:\/\/arantv.az\/?p=711252","title":{"rendered":"15 aprel- Beyn\u0259lxalq M\u0259d\u0259niyy\u0259t G\u00fcn\u00fcd\u00fcr"},"content":{"rendered":"<p>H\u0259r il aprelin 15-i Beyn\u0259lxalq M\u0259d\u0259niyy\u0259t G\u00fcn\u00fc kimi qeyd olunur. Bu tarix 1935-ci il aprelin 15-d\u0259 Va\u015finqtonda \u201cB\u0259dii, elmi m\u00fc\u0259ssis\u0259 v\u0259 tarixi abid\u0259l\u0259rin m\u00fchafiz\u0259si v\u0259 qorunmas\u0131 haqq\u0131nda\u201d imzalanm\u0131\u015f m\u00fcqavil\u0259 il\u0259 \u0259laq\u0259dard\u0131r. Bu g\u00fcn beyn\u0259lxalq h\u00fcquq t\u0259cr\u00fcb\u0259sind\u0259 Rerix pakt\u0131 kimi d\u0259 tan\u0131n\u0131r. O vaxtdan etibar\u0259n d\u00fcnyan\u0131n bir \u00e7ox \u00f6lk\u0259sind\u0259 15 aprel &#8211; Beyn\u0259lxalq M\u0259d\u0259niyy\u0259t G\u00fcn\u00fc kimi qeyd olunur.<\/p>\n<p>2008-ci ilin dekabr\u0131nda Rusiya, \u0130taliya, \u0130spaniya, Argentina, Meksika, Kuba, Latviya v\u0259 Litvan\u0131n ictimai t\u0259\u015fkilatlar\u0131n\u0131n t\u0259\u015f\u0259bb\u00fcs\u00fc il\u0259 15 aprelin d\u00fcnya bayra\u011f\u0131 alt\u0131nda \u00dcmumd\u00fcnya M\u0259d\u0259niyy\u0259t G\u00fcn\u00fc kimi t\u0259sdiqi \u00fc\u00e7\u00fcn beyn\u0259lxalq h\u0259r\u0259kat yarad\u0131l\u0131b.<\/p>\n<p>\u00dcmumd\u00fcnya M\u0259d\u0259niyy\u0259t G\u00fcn\u00fcn\u00fcn qeyd olunmas\u0131n\u0131 ilk d\u0259f\u0259 1931-ci ild\u0259 Bel\u00e7ikan\u0131n Br\u00fcgge \u015f\u0259h\u0259rind\u0259 ke\u00e7iril\u0259n konfransda r\u0259ssam Nikolay Rerix t\u0259klif edib.<\/p>\n","protected":false},"excerpt":{"rendered":"<p>H\u0259r il aprelin 15-i Beyn\u0259lxalq M\u0259d\u0259niyy\u0259t G\u00fcn\u00fc kimi qeyd olunur. Bu tarix 1935-ci il aprelin 15-d\u0259 Va\u015finqtonda \u201cB\u0259dii, elmi m\u00fc\u0259ssis\u0259 v\u0259 tarixi abid\u0259l\u0259rin m\u00fchafiz\u0259si v\u0259 qorunmas\u0131 haqq\u0131nda\u201d imzalanm\u0131\u015f m\u00fcqavil\u0259 il\u0259 \u0259laq\u0259dard\u0131r. Bu g\u00fcn beyn\u0259lxalq h\u00fcquq t\u0259cr\u00fcb\u0259sind\u0259 Rerix pakt\u0131 kimi d\u0259 tan\u0131n\u0131r. O vaxtdan etibar\u0259n d\u00fcnyan\u0131n bir \u00e7ox \u00f6lk\u0259sind\u0259 15 aprel &#8211; Beyn\u0259lxalq M\u0259d\u0259niyy\u0259t G\u00fcn\u00fc kimi qeyd olunur. 2008-ci ilin dekabr\u0131nda Rusiya, \u0130taliya, \u0130spaniya, Argentina, Meksika, Kuba, Latviya v\u0259 Litvan\u0131n ictimai t\u0259\u015fkilatlar\u0131n\u0131n t\u0259\u015f\u0259bb\u00fcs\u00fc il\u0259 15 aprelin d\u00fcnya bayra\u011f\u0131 alt\u0131nda \u00dcmumd\u00fcnya M\u0259d\u0259niyy\u0259t G\u00fcn\u00fc kimi t\u0259sdiqi \u00fc\u00e7\u00fcn beyn\u0259lxalq h\u0259r\u0259kat yarad\u0131l\u0131b. \u00dcmumd\u00fcnya M\u0259d\u0259niyy\u0259t G\u00fcn\u00fcn\u00fcn&hellip;<\/p>\n","protected":false},"author":2,"featured_media":711253,"comment_status":"closed","ping_status":"closed","sticky":false,"template":"","format":"standard","meta":{"om_disable_all_campaigns":false,"_monsterinsights_skip_tracking":false,"_monsterinsights_sitenote_active":false,"_monsterinsights_sitenote_note":"","_monsterinsights_sitenote_category":0},"categories":[1],"tags":[],"aioseo_notices":[],"gutentor_comment":0,"rttpg_featured_image_url":{"full":["https:\/\/arantv.az\/wp-content\/uploads\/2024\/04\/438162779_442726974816781_9022655354807309927_n.jpg",1200,1200,false],"landscape":["https:\/\/arantv.az\/wp-content\/uploads\/2024\/04\/438162779_442726974816781_9022655354807309927_n.jpg",1200,1200,false],"portraits":["https:\/\/arantv.az\/wp-content\/uploads\/2024\/04\/438162779_442726974816781_9022655354807309927_n.jpg",1200,1200,false],"thumbnail":["https:\/\/arantv.az\/wp-content\/uploads\/2024\/04\/438162779_442726974816781_9022655354807309927_n-500x280.jpg",500,280,true],"medium":["https:\/\/arantv.az\/wp-content\/uploads\/2024\/04\/438162779_442726974816781_9022655354807309927_n-365x365.jpg",365,365,true],"large":["https:\/\/arantv.az\/wp-content\/uploads\/2024\/04\/438162779_442726974816781_9022655354807309927_n-840x840.jpg",640,640,true],"1536x1536":["https:\/\/arantv.az\/wp-content\/uploads\/2024\/04\/438162779_442726974816781_9022655354807309927_n.jpg",1200,1200,false],"2048x2048":["https:\/\/arantv.az\/wp-content\/uploads\/2024\/04\/438162779_442726974816781_9022655354807309927_n.jpg",1200,1200,false],"post-thumbnail":["https:\/\/arantv.az\/wp-content\/uploads\/2024\/04\/438162779_442726974816781_9022655354807309927_n-240x172.jpg",240,172,true],"advps-thumb-one":["https:\/\/arantv.az\/wp-content\/uploads\/2024\/04\/438162779_442726974816781_9022655354807309927_n-1200x620.jpg",1200,620,true]},"rttpg_author":{"display_name":"V\u00fcsal Rafiqo\u011flu","author_link":"https:\/\/arantv.az\/?author=2"},"rttpg_comment":0,"rttpg_category":"<a href=\"https:\/\/arantv.az\/?cat=1\" rel=\"category\">C\u0259miyy\u0259t<\/a>","rttpg_excerpt":"H\u0259r il aprelin 15-i Beyn\u0259lxalq M\u0259d\u0259niyy\u0259t G\u00fcn\u00fc kimi qeyd olunur. Bu tarix 1935-ci il aprelin 15-d\u0259 Va\u015finqtonda \u201cB\u0259dii, elmi m\u00fc\u0259ssis\u0259 v\u0259 tarixi abid\u0259l\u0259rin m\u00fchafiz\u0259si v\u0259 qorunmas\u0131 haqq\u0131nda\u201d imzalanm\u0131\u015f m\u00fcqavil\u0259 il\u0259 \u0259laq\u0259dard\u0131r. Bu g\u00fcn beyn\u0259lxalq h\u00fcquq t\u0259cr\u00fcb\u0259sind\u0259 Rerix pakt\u0131 kimi d\u0259 tan\u0131n\u0131r. O vaxtdan etibar\u0259n d\u00fcnyan\u0131n bir \u00e7ox \u00f6lk\u0259sind\u0259 15 aprel &#8211; Beyn\u0259lxalq M\u0259d\u0259niyy\u0259t G\u00fcn\u00fc kimi&hellip;","_links":{"self":[{"href":"https:\/\/arantv.az\/index.php?rest_route=\/wp\/v2\/posts\/711252"}],"collection":[{"href":"https:\/\/arantv.az\/index.php?rest_route=\/wp\/v2\/posts"}],"about":[{"href":"https:\/\/arantv.az\/index.php?rest_route=\/wp\/v2\/types\/post"}],"author":[{"embeddable":true,"href":"https:\/\/arantv.az\/index.php?rest_route=\/wp\/v2\/users\/2"}],"replies":[{"embeddable":true,"href":"https:\/\/arantv.az\/index.php?rest_route=%2Fwp%2Fv2%2Fcomments&post=711252"}],"version-history":[{"count":0,"href":"https:\/\/arantv.az\/index.php?rest_route=\/wp\/v2\/posts\/711252\/revisions"}],"wp:featuredmedia":[{"embeddable":true,"href":"https:\/\/arantv.az\/index.php?rest_route=\/wp\/v2\/media\/711253"}],"wp:attachment":[{"href":"https:\/\/arantv.az\/index.php?rest_route=%2Fwp%2Fv2%2Fmedia&parent=711252"}],"wp:term":[{"taxonomy":"category","embeddable":true,"href":"https:\/\/arantv.az\/index.php?rest_route=%2Fwp%2Fv2%2Fcategories&post=711252"},{"taxonomy":"post_tag","embeddable":true,"href":"https:\/\/arantv.az\/index.php?rest_route=%2Fwp%2Fv2%2Ftags&post=711252"}],"curies":[{"name":"wp","href":"https:\/\/api.w.org\/{rel}","templated":true}]}}