{"id":711515,"date":"2024-04-15T17:51:47","date_gmt":"2024-04-15T13:51:47","guid":{"rendered":"https:\/\/arantv.az\/?p=711515"},"modified":"2024-04-15T17:51:47","modified_gmt":"2024-04-15T13:51:47","slug":"bakida-cingiz-aytmatovun-abid%c9%99si-qoyulub","status":"publish","type":"post","link":"https:\/\/arantv.az\/?p=711515","title":{"rendered":"Bak\u0131da \u00c7ingiz Aytmatovun abid\u0259si qoyulub"},"content":{"rendered":"<p>G\u00f6rk\u0259mli q\u0131r\u011f\u0131z yaz\u0131\u00e7\u0131s\u0131 \u00c7ingiz Aytmatovun Bak\u0131da\u00a0abid\u0259si qura\u015fd\u0131r\u0131l\u0131b.<\/p>\n<p>APA x\u0259b\u0259r verir, abid\u0259 Bin\u0259q\u0259di rayonu S\u00fcleyman Sani Axundov k\u00fc\u00e7\u0259si v\u0259 Bin\u0259q\u0259di \u015fosesinin k\u0259si\u015fm\u0259sind\u0259ki parka g\u0259tirilib.<\/p>\n<p>Abid\u0259nin a\u00e7\u0131l\u0131\u015f m\u0259rasimind\u0259 Q\u0131r\u011f\u0131z\u0131stan Prezidenti Sad\u0131r Japarovun da i\u015ftirak\u0131 g\u00f6zl\u0259nilir.<\/p>\n<p>Qeyd ed\u0259k ki, heyk\u0259lin m\u00fc\u0259llifi Xalq r\u0259ssam\u0131 heyk\u0259ltara\u015f Natiq \u018fliyevdir.<\/p>\n","protected":false},"excerpt":{"rendered":"<p>G\u00f6rk\u0259mli q\u0131r\u011f\u0131z yaz\u0131\u00e7\u0131s\u0131 \u00c7ingiz Aytmatovun Bak\u0131da\u00a0abid\u0259si qura\u015fd\u0131r\u0131l\u0131b. APA x\u0259b\u0259r verir, abid\u0259 Bin\u0259q\u0259di rayonu S\u00fcleyman Sani Axundov k\u00fc\u00e7\u0259si v\u0259 Bin\u0259q\u0259di \u015fosesinin k\u0259si\u015fm\u0259sind\u0259ki parka g\u0259tirilib. Abid\u0259nin a\u00e7\u0131l\u0131\u015f m\u0259rasimind\u0259 Q\u0131r\u011f\u0131z\u0131stan Prezidenti Sad\u0131r Japarovun da i\u015ftirak\u0131 g\u00f6zl\u0259nilir. Qeyd ed\u0259k ki, heyk\u0259lin m\u00fc\u0259llifi Xalq r\u0259ssam\u0131 heyk\u0259ltara\u015f Natiq \u018fliyevdir.<\/p>\n","protected":false},"author":2,"featured_media":711516,"comment_status":"closed","ping_status":"closed","sticky":false,"template":"","format":"standard","meta":{"om_disable_all_campaigns":false,"_monsterinsights_skip_tracking":false,"_monsterinsights_sitenote_active":false,"_monsterinsights_sitenote_note":"","_monsterinsights_sitenote_category":0},"categories":[1],"tags":[],"aioseo_notices":[],"gutentor_comment":0,"rttpg_featured_image_url":{"full":["https:\/\/arantv.az\/wp-content\/uploads\/2024\/04\/FotoJet-2024-04-15T172742.612.jpg",620,413,false],"landscape":["https:\/\/arantv.az\/wp-content\/uploads\/2024\/04\/FotoJet-2024-04-15T172742.612.jpg",620,413,false],"portraits":["https:\/\/arantv.az\/wp-content\/uploads\/2024\/04\/FotoJet-2024-04-15T172742.612.jpg",620,413,false],"thumbnail":["https:\/\/arantv.az\/wp-content\/uploads\/2024\/04\/FotoJet-2024-04-15T172742.612-500x280.jpg",500,280,true],"medium":["https:\/\/arantv.az\/wp-content\/uploads\/2024\/04\/FotoJet-2024-04-15T172742.612-548x365.jpg",548,365,true],"large":["https:\/\/arantv.az\/wp-content\/uploads\/2024\/04\/FotoJet-2024-04-15T172742.612.jpg",620,413,false],"1536x1536":["https:\/\/arantv.az\/wp-content\/uploads\/2024\/04\/FotoJet-2024-04-15T172742.612.jpg",620,413,false],"2048x2048":["https:\/\/arantv.az\/wp-content\/uploads\/2024\/04\/FotoJet-2024-04-15T172742.612.jpg",620,413,false],"post-thumbnail":["https:\/\/arantv.az\/wp-content\/uploads\/2024\/04\/FotoJet-2024-04-15T172742.612-240x172.jpg",240,172,true],"advps-thumb-one":["https:\/\/arantv.az\/wp-content\/uploads\/2024\/04\/FotoJet-2024-04-15T172742.612.jpg",620,413,false]},"rttpg_author":{"display_name":"V\u00fcsal Rafiqo\u011flu","author_link":"https:\/\/arantv.az\/?author=2"},"rttpg_comment":0,"rttpg_category":"<a href=\"https:\/\/arantv.az\/?cat=1\" rel=\"category\">C\u0259miyy\u0259t<\/a>","rttpg_excerpt":"G\u00f6rk\u0259mli q\u0131r\u011f\u0131z yaz\u0131\u00e7\u0131s\u0131 \u00c7ingiz Aytmatovun Bak\u0131da\u00a0abid\u0259si qura\u015fd\u0131r\u0131l\u0131b. APA x\u0259b\u0259r verir, abid\u0259 Bin\u0259q\u0259di rayonu S\u00fcleyman Sani Axundov k\u00fc\u00e7\u0259si v\u0259 Bin\u0259q\u0259di \u015fosesinin k\u0259si\u015fm\u0259sind\u0259ki parka g\u0259tirilib. Abid\u0259nin a\u00e7\u0131l\u0131\u015f m\u0259rasimind\u0259 Q\u0131r\u011f\u0131z\u0131stan Prezidenti Sad\u0131r Japarovun da i\u015ftirak\u0131 g\u00f6zl\u0259nilir. Qeyd ed\u0259k ki, heyk\u0259lin m\u00fc\u0259llifi Xalq r\u0259ssam\u0131 heyk\u0259ltara\u015f Natiq \u018fliyevdir.","_links":{"self":[{"href":"https:\/\/arantv.az\/index.php?rest_route=\/wp\/v2\/posts\/711515"}],"collection":[{"href":"https:\/\/arantv.az\/index.php?rest_route=\/wp\/v2\/posts"}],"about":[{"href":"https:\/\/arantv.az\/index.php?rest_route=\/wp\/v2\/types\/post"}],"author":[{"embeddable":true,"href":"https:\/\/arantv.az\/index.php?rest_route=\/wp\/v2\/users\/2"}],"replies":[{"embeddable":true,"href":"https:\/\/arantv.az\/index.php?rest_route=%2Fwp%2Fv2%2Fcomments&post=711515"}],"version-history":[{"count":0,"href":"https:\/\/arantv.az\/index.php?rest_route=\/wp\/v2\/posts\/711515\/revisions"}],"wp:featuredmedia":[{"embeddable":true,"href":"https:\/\/arantv.az\/index.php?rest_route=\/wp\/v2\/media\/711516"}],"wp:attachment":[{"href":"https:\/\/arantv.az\/index.php?rest_route=%2Fwp%2Fv2%2Fmedia&parent=711515"}],"wp:term":[{"taxonomy":"category","embeddable":true,"href":"https:\/\/arantv.az\/index.php?rest_route=%2Fwp%2Fv2%2Fcategories&post=711515"},{"taxonomy":"post_tag","embeddable":true,"href":"https:\/\/arantv.az\/index.php?rest_route=%2Fwp%2Fv2%2Ftags&post=711515"}],"curies":[{"name":"wp","href":"https:\/\/api.w.org\/{rel}","templated":true}]}}